{"id":16910,"date":"2024-01-15T21:08:36","date_gmt":"2024-01-16T00:08:36","guid":{"rendered":"https:\/\/novosaopaulo.com.br\/n1\/?p=16910"},"modified":"2024-01-15T21:19:02","modified_gmt":"2024-01-16T00:19:02","slug":"poa-segue-na-contramao-na-construcao-de-politicas-publicas-para-a-cultura","status":"publish","type":"post","link":"https:\/\/novosaopaulo.com.br\/n1\/poa-segue-na-contramao-na-construcao-de-politicas-publicas-para-a-cultura\/","title":{"rendered":"Po\u00e1 segue na contram\u00e3o na constru\u00e7\u00e3o de pol\u00edticas p\u00fablicas para a Cultura"},"content":{"rendered":"\n<p>A IV Confer\u00eancia Estadual de Cultura acontece nesta quarta e quinta, respectivamente, 17 e 18 de janeiro. Houve um primeiro encontro presencial em 18 de Dezembro.<br>\u00c9 um ABSURDO que at\u00e9 o presente momento o Sr. Secret\u00e1rio de Cultura @fabricio_brasachopp e a Prefeita @marciabin_sousa n\u00e3o tenham se reunido com os delegados eleitos para tratar a pauta da Cultura.<br>Arrisco a dizer que desconhecem os eixos que ser\u00e3o discutidos.<br>N\u00e3o houve sequer 01 representante do setor p\u00fablico em nenhuma das reuni\u00f5es virtuais e nem na presencial da Confer\u00eancia Estadual de Cultura.<br>Al\u00e9m disso, embora os recursos da Lei Paulo Gustavo estejam na conta da Secult desde julho do ano passado e o editais tenham sido previstos para o dia 30 de outubro at\u00e9 o presente momento eles ainda n\u00e3o foram lan\u00e7ados!<br>Po\u00e1 n\u00e3o conseguiu fazer a sua quarta Confer\u00eancia Municipal de Cultura, a secretaria sequer tem cumprido o regimento interno de seu Conselho Municipal de Pol\u00edticas Culturais!<br>Quase perdemos os recursos da pol\u00edtica nacional Aldir Blanc e chegamos a integrar o grupo de cidades com desinteresse na Cultura em 07 de dezembro de 2023.<br>A gest\u00e3o M\u00e1rcia Bin assumiu, talvez sem saber, o compromisso em implementar o Sistema Nacional de Cultura at\u00e9 11 de julho de 2024, mas desde que o fez tem andado no sentido contr\u00e1rio.<br>Em dezembro, mais uma vez n\u00e3o houve a reuni\u00e3o ordin\u00e1ria do Conselho Municipal de pol\u00edticas culturais agora presidido pelo setor p\u00fablico. O mesmo Conselho que, quando presidido pela sociedade civil, chegou a ser considerado um dos mais atuantes do Brasil!<br>\u00c9 ou n\u00e3o \u00e9 o descaso escancarado com a constru\u00e7\u00e3o de pol\u00edticas p\u00fablicas para a Cultura?<br>Ainda h\u00e1 tempo de mudar!<br>Fa\u00e7am exatamente o contr\u00e1rio do que fizeram at\u00e9 agora. Fa\u00e7am como alguns gestores vizinhos e escutem os seus Conselheiros. Por\u00e9m, n\u00e3o basta apenas ouvir \u00e9 preciso agir e o tempo passa r\u00e1pido demais!<\/p>\n\n\n\n<p>Gisele Magalh\u00e3es<br>Conselheira de Cultura<br>@gimagalhaes_cultura<\/p>\n\n\n\n<p>&#8220;A hora da Cultura \u00e9 AGORA e o momento \u00e9 J\u00c1!&#8221;<\/p>\n","protected":false},"excerpt":{"rendered":"<p>A IV Confer\u00eancia Estadual de Cultura acontece nesta quarta e quinta, respectivamente, 17 e 18&#8230;<\/p>\n","protected":false},"author":1,"featured_media":16920,"comment_status":"open","ping_status":"open","sticky":false,"template":"","format":"standard","meta":{"footnotes":""},"categories":[8],"tags":[],"featured_image_urls":{"full":["https:\/\/novosaopaulo.com.br\/n1\/wp-content\/uploads\/2024\/01\/WhatsApp-Image-2024-01-15-at-20.43.21-1.jpeg",1080,821,false],"thumbnail":["https:\/\/novosaopaulo.com.br\/n1\/wp-content\/uploads\/2024\/01\/WhatsApp-Image-2024-01-15-at-20.43.21-1-150x150.jpeg",150,150,true],"medium":["https:\/\/novosaopaulo.com.br\/n1\/wp-content\/uploads\/2024\/01\/WhatsApp-Image-2024-01-15-at-20.43.21-1-300x228.jpeg",300,228,true],"medium_large":["https:\/\/novosaopaulo.com.br\/n1\/wp-content\/uploads\/2024\/01\/WhatsApp-Image-2024-01-15-at-20.43.21-1-768x584.jpeg",640,487,true],"large":["https:\/\/novosaopaulo.com.br\/n1\/wp-content\/uploads\/2024\/01\/WhatsApp-Image-2024-01-15-at-20.43.21-1-1024x778.jpeg",640,486,true],"1536x1536":["https:\/\/novosaopaulo.com.br\/n1\/wp-content\/uploads\/2024\/01\/WhatsApp-Image-2024-01-15-at-20.43.21-1.jpeg",1080,821,false],"2048x2048":["https:\/\/novosaopaulo.com.br\/n1\/wp-content\/uploads\/2024\/01\/WhatsApp-Image-2024-01-15-at-20.43.21-1.jpeg",1080,821,false],"newsever-slider-full":["https:\/\/novosaopaulo.com.br\/n1\/wp-content\/uploads\/2024\/01\/WhatsApp-Image-2024-01-15-at-20.43.21-1.jpeg",1080,821,false],"newsever-featured":["https:\/\/novosaopaulo.com.br\/n1\/wp-content\/uploads\/2024\/01\/WhatsApp-Image-2024-01-15-at-20.43.21-1-1024x778.jpeg",1024,778,true],"newsever-medium":["https:\/\/novosaopaulo.com.br\/n1\/wp-content\/uploads\/2024\/01\/WhatsApp-Image-2024-01-15-at-20.43.21-1-720x475.jpeg",720,475,true]},"author_info":{"display_name":"Reda\u00e7\u00e3o","author_link":"https:\/\/novosaopaulo.com.br\/n1\/author\/g5poa\/"},"category_info":"<a href=\"https:\/\/novosaopaulo.com.br\/n1\/category\/poa\/\" rel=\"category tag\">Po\u00e1<\/a>","tag_info":"Po\u00e1","comment_count":"0","_links":{"self":[{"href":"https:\/\/novosaopaulo.com.br\/n1\/wp-json\/wp\/v2\/posts\/16910"}],"collection":[{"href":"https:\/\/novosaopaulo.com.br\/n1\/wp-json\/wp\/v2\/posts"}],"about":[{"href":"https:\/\/novosaopaulo.com.br\/n1\/wp-json\/wp\/v2\/types\/post"}],"author":[{"embeddable":true,"href":"https:\/\/novosaopaulo.com.br\/n1\/wp-json\/wp\/v2\/users\/1"}],"replies":[{"embeddable":true,"href":"https:\/\/novosaopaulo.com.br\/n1\/wp-json\/wp\/v2\/comments?post=16910"}],"version-history":[{"count":1,"href":"https:\/\/novosaopaulo.com.br\/n1\/wp-json\/wp\/v2\/posts\/16910\/revisions"}],"predecessor-version":[{"id":16912,"href":"https:\/\/novosaopaulo.com.br\/n1\/wp-json\/wp\/v2\/posts\/16910\/revisions\/16912"}],"wp:featuredmedia":[{"embeddable":true,"href":"https:\/\/novosaopaulo.com.br\/n1\/wp-json\/wp\/v2\/media\/16920"}],"wp:attachment":[{"href":"https:\/\/novosaopaulo.com.br\/n1\/wp-json\/wp\/v2\/media?parent=16910"}],"wp:term":[{"taxonomy":"category","embeddable":true,"href":"https:\/\/novosaopaulo.com.br\/n1\/wp-json\/wp\/v2\/categories?post=16910"},{"taxonomy":"post_tag","embeddable":true,"href":"https:\/\/novosaopaulo.com.br\/n1\/wp-json\/wp\/v2\/tags?post=16910"}],"curies":[{"name":"wp","href":"https:\/\/api.w.org\/{rel}","templated":true}]}}