{"id":16907,"date":"2024-01-15T21:05:12","date_gmt":"2024-01-16T00:05:12","guid":{"rendered":"https:\/\/novosaopaulo.com.br\/n1\/?p=16907"},"modified":"2024-01-15T21:05:13","modified_gmt":"2024-01-16T00:05:13","slug":"superacao-e-sonhos-realizados-marcaram-o-1o-brasileiro-de-clubes-de-ligas-de-futsal-2","status":"publish","type":"post","link":"https:\/\/novosaopaulo.com.br\/n1\/superacao-e-sonhos-realizados-marcaram-o-1o-brasileiro-de-clubes-de-ligas-de-futsal-2\/","title":{"rendered":"Supera\u00e7\u00e3o e sonhos realizados marcaram o 1\u00ba Brasileiro de Clubes de Ligas de Futsal"},"content":{"rendered":"\n<p>N\u00e3o foram apenas os belos gols ou talentos individuais que chamaram a aten\u00e7\u00e3o no 1\u00ba Campeonato Brasileiro de Clubes de Ligas, mas sim, hist\u00f3rias de supera\u00e7\u00e3o e muito amor ao esporte. Relatos de personagens, vindos de diversas localidades do pa\u00eds, ganharam destaques ao longo dos sete dias da competi\u00e7\u00e3o, disputada entre os dias 10 e 17 de novembro, em Macap\u00e1 (AP).<\/p>\n\n\n\n<p>Todo o \u2018glamour\u2019 do futsal, visto pela maior parte da imprensa ou da torcida, deu lugar ao futsal praticado e vivido por verdadeiros her\u00f3is. Jovens, criados em regi\u00f5es onde a pobreza se faz presente, mas que t\u00eam exatamente o mesmo ideal: defender uma grande equipe e vencer na modalidade.<\/p>\n\n\n\n<p>Exemplo de toda esta luta s\u00e3o os atletas e comiss\u00e3o t\u00e9cnica do Mara\u00e3 Futsal, equipe da cidade de Mara\u00e3, a qual fica a 615 km de Manaus (AM). Para chegar at\u00e9 Macap\u00e1, viajaram oito horas em um barco, onde a ansiedade e at\u00e9 mesmo o medo, por conta das fortes ventanias (principalmente \u00e0 noite), foram advers\u00e1rios dif\u00edceis de serem batidos.<\/p>\n\n\n\n<p>No entanto, nada que supere o drama vivido pelo atleta e Diretor Ednei Sena da Silva. Poucos dias antes da viagem, Ednei perdeu uma filha, de 18 anos, ap\u00f3s um assalto, por conta de um celular.<\/p>\n\n\n\n<p>A jovem, que praticava Jiu-J\u00edtsu, reagiu ao assalto, mas foi golpeada por um dos criminosos, que portava uma faca. Segundo informa\u00e7\u00f5es, um dos culpados foi pego pela PM local, enquanto outro (at\u00e9 o momento), segue foragido.<\/p>\n\n\n\n<p>Ednei, que h\u00e1 alguns anos, iniciou um projeto para tirar jovens da marginalidade, por meio do esporte. Mas, por uma infeliz ironia do destino, a vida de sua filha foi interrompida, justamente pela criminalidade.<\/p>\n\n\n\n<p>Em conversa com a nossa equipe, ainda muito abatido por tudo que aconteceu, Ednei resumiu: \u201cAinda d\u00f3i muito, saber que perdi minha filha desta maneira. Mas tudo aqui, ser\u00e1 por ela\u201c.<\/p>\n\n\n\n<p>Saindo de Manaus, e indo para o Estado do Par\u00e1, mais precisamente, na cidade de Tom\u00e9-A\u00e7u (115 km da capital Bel\u00e9m), a vida de Ricardo Martins de Souza tomou um rumo diferente. Ainda aos 11 anos, Ricardo foi picado, em uma das pernas, por uma \u201cPico de Jaca\u201d, tamb\u00e9m chamada de Surucucu.<\/p>\n\n\n\n<p>A a\u00e7\u00e3o do veneno da cobra foi praticamente imediata, tanto que Ricardo precisou amputar uma das pernas. Caso contr\u00e1rio, dificilmente iria sobreviver.<\/p>\n\n\n\n<p>Mesmo com parte da inf\u00e2ncia e adolesc\u00eancia ter sido interrompida, Ricardo n\u00e3o desistiu de seus sonhos. No entanto, a meta primordial era sua recupera\u00e7\u00e3o f\u00edsica e metal. Segundo o jogador, o apoio dos pais e amigos foram essenciais neste processo.<\/p>\n\n\n\n<p>Com o passar dos anos, Ricardo foi se adaptando (j\u00e1 com o uso de uma pr\u00f3tese) e a pr\u00e1tica esportiva estava cada vez mais perto. Pelada com os amigos e jogos oficiais no Projeto \u201cToque de Classe\u201c, tamb\u00e9m foram (e s\u00e3o) fundamentais na vida de Ricardo, hoje com 22 anos de idade.<\/p>\n\n\n\n<p>Ricardo leva a vida normalmente, e fala sobre a descontra\u00e7\u00e3o nos vesti\u00e1rios e situa\u00e7\u00f5es inusitadas:<\/p>\n\n\n\n<p>\u201cO pessoal brinca, faz piada, mas levo numa boa, at\u00e9 porque \u00e9 tudo dentro do respeito. E uma situa\u00e7\u00e3o inusitada, aconteceu durante a nossa viagem ao Amap\u00e1, quando o detector de metais, no aeroporto de Bel\u00e9m, acionou na minha passagem, por conta da minha pr\u00f3tese. Precisei tirar, e colocar em uma esteira. Foi um momento engra\u00e7ado\u201c, diz.<\/p>\n\n\n\n<p>Jos\u00e9 Niel, ou simplesmente \u201cNiel\u201d. Este \u00e9 um daqueles que vale a pena ficar na \u2018resenha\u2019 por horas e horas. Com 26 anos de idade, este piv\u00f4, nascido em Macap\u00e1, foi pe\u00e7a fundamental, ao lado de outros motoristas, no processo de translado de atletas e imprensa.<\/p>\n\n\n\n<p>Durante o dia, Niel atua como motorista de aplicativo, mas na hora de ir \u00e0s quadras, trocava seu uniforme para defender as cores do Resid\u00eancia EC, do Rio de Janeiro.<\/p>\n\n\n\n<p>O convite para jogar na equipe carioca, surgiu de maneira inesperada, uma vez que o atleta atua no Panam\u00e1 Futsal, clube da sua cidade e gerenciado pelo seu pai. Mas, por meio de seu perfil no Instagran, a Diretoria da equipe carioca gostou da sua forma de jogar e fez o convite:<\/p>\n\n\n\n<p>\u201cEu sou grato pelo Resid\u00eancia, Grato, porque estou mostrando meu futsal. Que n\u00e3o queria estar jogando um Brasileiro dentro de sua casa? Eu preferi jogar, mais por conta de ser dentro de casa. Eu vou jogar por um time do Rio, mas vou representar o meu Estado tamb\u00e9m. Tem outros jogadores do Resid\u00eancia que tamb\u00e9m s\u00e3o daqui da terra. Alguns j\u00e1 se destacaram, como o Everton, o Patrick, o Edmilson e a gente ficou feliz por receber este convite\u201c.<\/p>\n\n\n\n<p>No entanto, a estreia na competi\u00e7\u00e3o n\u00e3o foi a planejada pelo jogador. Durante a partida contra o S\u00e3o Paulo, o goleiro titular, Diego sofreu uma les\u00e3o, e atuou no seu limite. Como n\u00e3o havia camisa para o goleiro-linha, coube ao piv\u00f4 Niel, a assumir a meta do Resid\u00eancia, j\u00e1 no segundo per\u00edodo. Mas, mesmo com todo esfor\u00e7o, o \u2018arqueiro improvisado\u2019, n\u00e3o evitou o placar adverso.<\/p>\n\n\n\n<p>Por\u00e9m, vale lembrar que o Resid\u00eancia estava sem boa parte de seus jogadores e s\u00f3 no decorrer do torneio, os refor\u00e7os chegaram ao Macap\u00e1.<\/p>\n\n\n\n<p>jornalista Gilberto Santos- assess. de imprensa<br>Foto: Isaac Silva (@isaacsilvaphotograph)<\/p>\n","protected":false},"excerpt":{"rendered":"<p>N\u00e3o foram apenas os belos gols ou talentos individuais que chamaram a aten\u00e7\u00e3o no 1\u00ba&#8230;<\/p>\n","protected":false},"author":1,"featured_media":16908,"comment_status":"open","ping_status":"open","sticky":false,"template":"","format":"standard","meta":{"footnotes":""},"categories":[2,35],"tags":[],"featured_image_urls":{"full":["https:\/\/novosaopaulo.com.br\/n1\/wp-content\/uploads\/2024\/01\/WhatsApp-Image-2024-01-15-at-19.15.11.jpeg",600,400,false],"thumbnail":["https:\/\/novosaopaulo.com.br\/n1\/wp-content\/uploads\/2024\/01\/WhatsApp-Image-2024-01-15-at-19.15.11-150x150.jpeg",150,150,true],"medium":["https:\/\/novosaopaulo.com.br\/n1\/wp-content\/uploads\/2024\/01\/WhatsApp-Image-2024-01-15-at-19.15.11-300x200.jpeg",300,200,true],"medium_large":["https:\/\/novosaopaulo.com.br\/n1\/wp-content\/uploads\/2024\/01\/WhatsApp-Image-2024-01-15-at-19.15.11.jpeg",600,400,false],"large":["https:\/\/novosaopaulo.com.br\/n1\/wp-content\/uploads\/2024\/01\/WhatsApp-Image-2024-01-15-at-19.15.11.jpeg",600,400,false],"1536x1536":["https:\/\/novosaopaulo.com.br\/n1\/wp-content\/uploads\/2024\/01\/WhatsApp-Image-2024-01-15-at-19.15.11.jpeg",600,400,false],"2048x2048":["https:\/\/novosaopaulo.com.br\/n1\/wp-content\/uploads\/2024\/01\/WhatsApp-Image-2024-01-15-at-19.15.11.jpeg",600,400,false],"newsever-slider-full":["https:\/\/novosaopaulo.com.br\/n1\/wp-content\/uploads\/2024\/01\/WhatsApp-Image-2024-01-15-at-19.15.11.jpeg",600,400,false],"newsever-featured":["https:\/\/novosaopaulo.com.br\/n1\/wp-content\/uploads\/2024\/01\/WhatsApp-Image-2024-01-15-at-19.15.11.jpeg",600,400,false],"newsever-medium":["https:\/\/novosaopaulo.com.br\/n1\/wp-content\/uploads\/2024\/01\/WhatsApp-Image-2024-01-15-at-19.15.11.jpeg",600,400,false]},"author_info":{"display_name":"Reda\u00e7\u00e3o","author_link":"https:\/\/novosaopaulo.com.br\/n1\/author\/g5poa\/"},"category_info":"<a href=\"https:\/\/novosaopaulo.com.br\/n1\/category\/cidades\/\" rel=\"category tag\">Cidades<\/a> <a href=\"https:\/\/novosaopaulo.com.br\/n1\/category\/esportes\/\" rel=\"category tag\">Esportes<\/a>","tag_info":"Esportes","comment_count":"0","_links":{"self":[{"href":"https:\/\/novosaopaulo.com.br\/n1\/wp-json\/wp\/v2\/posts\/16907"}],"collection":[{"href":"https:\/\/novosaopaulo.com.br\/n1\/wp-json\/wp\/v2\/posts"}],"about":[{"href":"https:\/\/novosaopaulo.com.br\/n1\/wp-json\/wp\/v2\/types\/post"}],"author":[{"embeddable":true,"href":"https:\/\/novosaopaulo.com.br\/n1\/wp-json\/wp\/v2\/users\/1"}],"replies":[{"embeddable":true,"href":"https:\/\/novosaopaulo.com.br\/n1\/wp-json\/wp\/v2\/comments?post=16907"}],"version-history":[{"count":1,"href":"https:\/\/novosaopaulo.com.br\/n1\/wp-json\/wp\/v2\/posts\/16907\/revisions"}],"predecessor-version":[{"id":16909,"href":"https:\/\/novosaopaulo.com.br\/n1\/wp-json\/wp\/v2\/posts\/16907\/revisions\/16909"}],"wp:featuredmedia":[{"embeddable":true,"href":"https:\/\/novosaopaulo.com.br\/n1\/wp-json\/wp\/v2\/media\/16908"}],"wp:attachment":[{"href":"https:\/\/novosaopaulo.com.br\/n1\/wp-json\/wp\/v2\/media?parent=16907"}],"wp:term":[{"taxonomy":"category","embeddable":true,"href":"https:\/\/novosaopaulo.com.br\/n1\/wp-json\/wp\/v2\/categories?post=16907"},{"taxonomy":"post_tag","embeddable":true,"href":"https:\/\/novosaopaulo.com.br\/n1\/wp-json\/wp\/v2\/tags?post=16907"}],"curies":[{"name":"wp","href":"https:\/\/api.w.org\/{rel}","templated":true}]}}