{"id":16903,"date":"2024-01-15T13:32:52","date_gmt":"2024-01-15T16:32:52","guid":{"rendered":"https:\/\/novosaopaulo.com.br\/n1\/?p=16903"},"modified":"2024-01-15T13:32:53","modified_gmt":"2024-01-15T16:32:53","slug":"presidente-da-fundacentro-confirma-mega-palestra-na-proteminas-2024","status":"publish","type":"post","link":"https:\/\/novosaopaulo.com.br\/n1\/presidente-da-fundacentro-confirma-mega-palestra-na-proteminas-2024\/","title":{"rendered":"PRESIDENTE DA FUNDACENTRO CONFIRMA MEGA-PALESTRA na PROTEMINAS 2024"},"content":{"rendered":"\n<p>De 9 a 11 de abril de 2024, acontecer\u00e1 no Estado de Minas Gerais a PROTEMINAS, uma feira de grande porte, tematizada em Seguran\u00e7a e Sa\u00fade do Trabalho.<\/p>\n\n\n\n<p><\/p>\n\n\n\n<figure class=\"wp-block-image size-full\"><img fetchpriority=\"high\" decoding=\"async\" width=\"415\" height=\"468\" src=\"https:\/\/novosaopaulo.com.br\/n1\/wp-content\/uploads\/2024\/01\/img.jpg\" alt=\"\" class=\"wp-image-16904\" srcset=\"https:\/\/novosaopaulo.com.br\/n1\/wp-content\/uploads\/2024\/01\/img.jpg 415w, https:\/\/novosaopaulo.com.br\/n1\/wp-content\/uploads\/2024\/01\/img-266x300.jpg 266w\" sizes=\"(max-width: 415px) 100vw, 415px\" \/><\/figure>\n\n\n\n<p>E no dia 11 de abril, as 14h30 teremos a MEGA-PALESTRA do presidente da FUNDACENTRO Pedro Tourinho de Siqueira, que \u00e9 formado em Medicina pela Universidade Federal de Minas Gerais (UFMG) e se especializou em medicina preventiva e social na Universidade Estadual de Campinas (Unicamp). Atuou como dirigente na Associa\u00e7\u00e3o Nacional dos P\u00f3s-Graduandos, na Associa\u00e7\u00e3o Nacional dos M\u00e9dicos Residentes e foi conselheiro do Conselho Nacional de Sa\u00fade. Foi vereador na cidade de Campinas, em S\u00e3o Paulo, entre 2013 e 2020, e chegou a presidir a Comiss\u00e3o de Pol\u00edtica Social e Sa\u00fade da C\u00e2mara Municipal. Em mar\u00e7o de 2023, assumiu este cargo.<\/p>\n\n\n\n<p>Ir\u00e1 tratar da intensifica\u00e7\u00e3o do resgate da pesquisa e compartilhamento prevencionista na Fundacentro, com reflexos positivos para o Brasil e Am\u00e9rica Latina e a sua import\u00e2ncia para todos os brasileiros e principalmente para a popula\u00e7\u00e3o do estado de Minas Gerais.<\/p>\n\n\n\n<p>Em dezembro de 2023 a PROTEMINAS 2024 j\u00e1 atingiu o tamanho da edi\u00e7\u00e3o anterior, indicando que ser\u00e1 ainda maior e mais concorrida, indicando que os interessados devem fazer logo o seu credenciamento gratuito em <a href=\"http:\/\/www.proteminas.com.br\">www.proteminas.com.br<\/a> .<\/p>\n\n\n\n<p>De acordo com a programa\u00e7\u00e3o, haver\u00e1 produtos e servi\u00e7os expostos com o que h\u00e1 de mais avan\u00e7ado no mundo da seguran\u00e7a e sa\u00fade do trabalho, na \u00e1rea de prote\u00e7\u00e3o respirat\u00f3ria, da cabe\u00e7a e dos membros, em caso de quedas em espa\u00e7os confinados. Levar\u00e1 preven\u00e7\u00e3o, prote\u00e7\u00e3o \u00e0 vida e tecnologia aos mais de 8.000 visitantes esperados para o evento.<\/p>\n","protected":false},"excerpt":{"rendered":"<p>De 9 a 11 de abril de 2024, acontecer\u00e1 no Estado de Minas Gerais a&#8230;<\/p>\n","protected":false},"author":1,"featured_media":16905,"comment_status":"open","ping_status":"open","sticky":false,"template":"","format":"standard","meta":{"footnotes":""},"categories":[9],"tags":[],"featured_image_urls":{"full":["https:\/\/novosaopaulo.com.br\/n1\/wp-content\/uploads\/2024\/01\/proteminas.png",432,109,false],"thumbnail":["https:\/\/novosaopaulo.com.br\/n1\/wp-content\/uploads\/2024\/01\/proteminas-150x109.png",150,109,true],"medium":["https:\/\/novosaopaulo.com.br\/n1\/wp-content\/uploads\/2024\/01\/proteminas-300x76.png",300,76,true],"medium_large":["https:\/\/novosaopaulo.com.br\/n1\/wp-content\/uploads\/2024\/01\/proteminas.png",432,109,false],"large":["https:\/\/novosaopaulo.com.br\/n1\/wp-content\/uploads\/2024\/01\/proteminas.png",432,109,false],"1536x1536":["https:\/\/novosaopaulo.com.br\/n1\/wp-content\/uploads\/2024\/01\/proteminas.png",432,109,false],"2048x2048":["https:\/\/novosaopaulo.com.br\/n1\/wp-content\/uploads\/2024\/01\/proteminas.png",432,109,false],"newsever-slider-full":["https:\/\/novosaopaulo.com.br\/n1\/wp-content\/uploads\/2024\/01\/proteminas.png",432,109,false],"newsever-featured":["https:\/\/novosaopaulo.com.br\/n1\/wp-content\/uploads\/2024\/01\/proteminas.png",432,109,false],"newsever-medium":["https:\/\/novosaopaulo.com.br\/n1\/wp-content\/uploads\/2024\/01\/proteminas.png",432,109,false]},"author_info":{"display_name":"Reda\u00e7\u00e3o","author_link":"https:\/\/novosaopaulo.com.br\/n1\/author\/g5poa\/"},"category_info":"<a href=\"https:\/\/novosaopaulo.com.br\/n1\/category\/geral\/\" rel=\"category tag\">Geral<\/a>","tag_info":"Geral","comment_count":"0","_links":{"self":[{"href":"https:\/\/novosaopaulo.com.br\/n1\/wp-json\/wp\/v2\/posts\/16903"}],"collection":[{"href":"https:\/\/novosaopaulo.com.br\/n1\/wp-json\/wp\/v2\/posts"}],"about":[{"href":"https:\/\/novosaopaulo.com.br\/n1\/wp-json\/wp\/v2\/types\/post"}],"author":[{"embeddable":true,"href":"https:\/\/novosaopaulo.com.br\/n1\/wp-json\/wp\/v2\/users\/1"}],"replies":[{"embeddable":true,"href":"https:\/\/novosaopaulo.com.br\/n1\/wp-json\/wp\/v2\/comments?post=16903"}],"version-history":[{"count":1,"href":"https:\/\/novosaopaulo.com.br\/n1\/wp-json\/wp\/v2\/posts\/16903\/revisions"}],"predecessor-version":[{"id":16906,"href":"https:\/\/novosaopaulo.com.br\/n1\/wp-json\/wp\/v2\/posts\/16903\/revisions\/16906"}],"wp:featuredmedia":[{"embeddable":true,"href":"https:\/\/novosaopaulo.com.br\/n1\/wp-json\/wp\/v2\/media\/16905"}],"wp:attachment":[{"href":"https:\/\/novosaopaulo.com.br\/n1\/wp-json\/wp\/v2\/media?parent=16903"}],"wp:term":[{"taxonomy":"category","embeddable":true,"href":"https:\/\/novosaopaulo.com.br\/n1\/wp-json\/wp\/v2\/categories?post=16903"},{"taxonomy":"post_tag","embeddable":true,"href":"https:\/\/novosaopaulo.com.br\/n1\/wp-json\/wp\/v2\/tags?post=16903"}],"curies":[{"name":"wp","href":"https:\/\/api.w.org\/{rel}","templated":true}]}}