{"id":16893,"date":"2024-01-15T13:20:47","date_gmt":"2024-01-15T16:20:47","guid":{"rendered":"https:\/\/novosaopaulo.com.br\/n1\/?p=16893"},"modified":"2024-01-15T13:20:48","modified_gmt":"2024-01-15T16:20:48","slug":"sampaimplosao-urbanistica-e-social-sem-controle","status":"publish","type":"post","link":"https:\/\/novosaopaulo.com.br\/n1\/sampaimplosao-urbanistica-e-social-sem-controle\/","title":{"rendered":"SAMPA:IMPLOS\u00c3O URBAN\u00cdSTICA E SOCIAL SEM CONTR\u00d4LE"},"content":{"rendered":"\n<p>13 de janeiro de 2024<br>*Edison Farah<\/p>\n\n\n\n<p>Pronto, acabou o sossego das tardes de s\u00e1bado, pois a patota do Renat\u00e3o abriu 2024 estilo piscin\u00e3o de Ramos. M\u00fasica alta, de gosto duvidoso, repetitiva, em dia de chuva, nublado, com a piscina cheia. Ramos \u00e9 pouco. Claro que esses sequelados organizadores do &#8220;evento&#8221; t\u00eam todos os alvar\u00e1s necess\u00e1rios para fazer isso. L\u00f3gico. Podemos come\u00e7ar com o Minist\u00e9rio P\u00fablico e com o PSIU. Tenho certeza de que se fizessem na casa da m\u00e3e deles, se \u00e9 que t\u00eam\/conhecem, essa palha\u00e7ada n\u00e3o duraria 15 minutos. Mas enfim, os modernosos retrofiteiros resolveram &#8220;abrilhantar o peda\u00e7o&#8221; com seu &#8220;enriquecimento cultural&#8221; sonoro. Eu proponho \u00e0 vizinhan\u00e7a uma a\u00e7\u00e3o coletiva. Mas tem que ter bastante multa no meio. Um vizinho j\u00e1 enviou uma notifica\u00e7\u00e3o extrajudicial, mas os iluminados, sempre acima da lei e da ordem, que outorgaram ao local o t\u00edtulo de centro cultural, residencial, gastron\u00f4mico, s\u00f3 faltou o chato de m\u00fasica alta, n\u00e3o deram a m\u00ednima. Bem, se a extrajudicial n\u00e3o funcionou, tem que ser a judicial mesmo. @planta.inc @metroarquitetos @martincorullon @cedroni @guilblanche @tabashomes<br>https:\/\/www.instagram.com\/p\/C2DPXFgAd6n\/?igsh=dHhzOW0ycm5hNWx2<\/p>\n\n\n\n<p>NOTA: Esse evento barulhento fica na Rua Ara\u00fajo em frente \u00e0 Pra\u00e7a Darcy Penteado, Copan, Cabar\u00e9 Love.<br>Texto escrito pelo Jornalista Odair Dell Pozzo que mora na Rua Major Sert\u00f3rio em frente a esse evento barulhento.<\/p>\n\n\n\n<p>O lament\u00e1vel \u00e9 a incivilidade que acaba permeando tudo.<br>Nosso problema b\u00e1sico \u00e9 sermos um povo selvagem.<br>O desrespeito aos direitos coletivos \u00e9 regra em todas as classes sociais.<br>O abuso do som \u00e9 s\u00f3 mais um exemplo perfeito disso.<br>E assim, nos tornamos, diuturnamente, mais e mais selvagens.<\/p>\n\n\n\n<p>Como diagnostiquei h\u00e1 muitos anos atr\u00e1s : &#8220;S\u00e3o Paulo n\u00e3o \u00e9 mais uma urbe.<br>Transformou-se num acampamento.<br>UM ACAMPAMENTO DE DESESPERADOS<br>Triste!<\/p>\n\n\n\n<p>Desde a cria\u00e7\u00e3o dos CONSEGs, do que fui um dos art\u00edfices no governo de Franco Montoro, 1983-1986, ficou patente em todos os distritos policiais da cidade de S\u00e3o Paulo em que foram instalados, que 90 % dos problemas apresentados pela comunidade, pela popula\u00e7\u00e3o, se devem \u00e0 quest\u00f5es da ger\u00eancia municipal.<\/p>\n\n\n\n<p>Constatei isso pessoalmente como presidente por 6 anos do CONSEG Consola\u00e7\u00e3o, in\u00edcio deste s\u00e9culo.<\/p>\n\n\n\n<p>A anomia da prefeitura de S\u00e3o Paulo ao n\u00e3o impor com firmeza as posturas municipais, que regem desde o dom\u00ednio do espa\u00e7os p\u00fablicos, as normas das edifica\u00e7\u00f5es, o regramento do com\u00e9rcio, bares, restaurantes, atividades art\u00edsticas, sossego p\u00fablico, sil\u00eancio, ordem nos logradouros p\u00fablicos, \u00e9 definitivamente a causa de todo o horror que se vive em Sampa.<\/p>\n\n\n\n<p>E da preval\u00eancia da criminalidade, pois quando o espa\u00e7o p\u00fablico n\u00e3o \u00e9 ocupado pela popula\u00e7\u00e3o de forma ordenada, o crime o ocupa facilmente.<\/p>\n\n\n\n<p>Esta \u00e9 a quest\u00e3o.<br>Enquanto n\u00e3o tivermos em S\u00e3o Paulo um pol\u00edtico estadista de verdade, no Executivo Municipal, n\u00e3o haver\u00e1 solu\u00e7\u00e3o.<\/p>\n\n\n\n<p>N\u00e3o tenhamos ilus\u00e3o que com a choradeira nas redes sociais vamos chegar \u00e0 civiliza\u00e7\u00e3o que perdemos, sistematicamente, nos \u00faltimos 30 anos.<\/p>\n\n\n\n<ul>\n<li>Economista, tributarista, ambientalista, e jornalista<br>Presidente do Bairro Vivo-Instituto de Desenvolvimento Urbano e Social<\/li>\n<\/ul>\n","protected":false},"excerpt":{"rendered":"<p>13 de janeiro de 2024*Edison Farah Pronto, acabou o sossego das tardes de s\u00e1bado, pois&#8230;<\/p>\n","protected":false},"author":1,"featured_media":0,"comment_status":"open","ping_status":"open","sticky":false,"template":"","format":"standard","meta":{"footnotes":""},"categories":[9],"tags":[],"featured_image_urls":{"full":"","thumbnail":"","medium":"","medium_large":"","large":"","1536x1536":"","2048x2048":"","newsever-slider-full":"","newsever-featured":"","newsever-medium":""},"author_info":{"display_name":"Reda\u00e7\u00e3o","author_link":"https:\/\/novosaopaulo.com.br\/n1\/author\/g5poa\/"},"category_info":"<a href=\"https:\/\/novosaopaulo.com.br\/n1\/category\/geral\/\" rel=\"category tag\">Geral<\/a>","tag_info":"Geral","comment_count":"0","_links":{"self":[{"href":"https:\/\/novosaopaulo.com.br\/n1\/wp-json\/wp\/v2\/posts\/16893"}],"collection":[{"href":"https:\/\/novosaopaulo.com.br\/n1\/wp-json\/wp\/v2\/posts"}],"about":[{"href":"https:\/\/novosaopaulo.com.br\/n1\/wp-json\/wp\/v2\/types\/post"}],"author":[{"embeddable":true,"href":"https:\/\/novosaopaulo.com.br\/n1\/wp-json\/wp\/v2\/users\/1"}],"replies":[{"embeddable":true,"href":"https:\/\/novosaopaulo.com.br\/n1\/wp-json\/wp\/v2\/comments?post=16893"}],"version-history":[{"count":1,"href":"https:\/\/novosaopaulo.com.br\/n1\/wp-json\/wp\/v2\/posts\/16893\/revisions"}],"predecessor-version":[{"id":16894,"href":"https:\/\/novosaopaulo.com.br\/n1\/wp-json\/wp\/v2\/posts\/16893\/revisions\/16894"}],"wp:attachment":[{"href":"https:\/\/novosaopaulo.com.br\/n1\/wp-json\/wp\/v2\/media?parent=16893"}],"wp:term":[{"taxonomy":"category","embeddable":true,"href":"https:\/\/novosaopaulo.com.br\/n1\/wp-json\/wp\/v2\/categories?post=16893"},{"taxonomy":"post_tag","embeddable":true,"href":"https:\/\/novosaopaulo.com.br\/n1\/wp-json\/wp\/v2\/tags?post=16893"}],"curies":[{"name":"wp","href":"https:\/\/api.w.org\/{rel}","templated":true}]}}