{"id":16828,"date":"2024-01-11T12:13:38","date_gmt":"2024-01-11T15:13:38","guid":{"rendered":"https:\/\/novosaopaulo.com.br\/n1\/?p=16828"},"modified":"2024-01-11T12:13:38","modified_gmt":"2024-01-11T15:13:38","slug":"furtos-e-roubos-de-celulares-na-avenida-paulista-caem-47-em-6-meses","status":"publish","type":"post","link":"https:\/\/novosaopaulo.com.br\/n1\/furtos-e-roubos-de-celulares-na-avenida-paulista-caem-47-em-6-meses\/","title":{"rendered":"Furtos e roubos de celulares na Avenida Paulista caem 47% em 6 meses"},"content":{"rendered":"\n<p>Com refor\u00e7o no patrulhamento ostensivo e na investiga\u00e7\u00e3o criminal, Governo de SP registra queda na incid\u00eancia de delitos em um dos pontos mais movimentados da capital<\/p>\n\n\n\n<p>Os roubos e furtos de celulares na Avenida Paulista, um dos principais cart\u00f5es-postais da cidade de S\u00e3o Paulo, ca\u00edram quase pela metade entre os \u00faltimos meses de junho e novembro, na compara\u00e7\u00e3o com o mesmo per\u00edodo de 2022. Desde janeiro de 2023, o Governo do Estado refor\u00e7a as a\u00e7\u00f5es de patrulhamento ostensivo e investiga\u00e7\u00e3o criminal para reduzir a incid\u00eancia de assaltos e ampliar a sensa\u00e7\u00e3o de seguran\u00e7a no centro da capital.<\/p>\n\n\n\n<p>De junho a novembro, a Secretaria da Seguran\u00e7a P\u00fablica registrou 2 mil furtos ou roubos de celulares na Avenida Paulista. Houve queda de 47% em rela\u00e7\u00e3o ao mesmo per\u00edodo de 2022, quando foram registrados 3,9 mil crimes dessas modalidades no local. O levantamento foi realizado com base em boletins de ocorr\u00eancias investigados pelos distritos policiais da Consola\u00e7\u00e3o (4\u00ba) e do Jardins (78\u00ba), que atendem a \u00e1rea.<\/p>\n\n\n\n<p>\u201cDesde o come\u00e7o da atual gest\u00e3o, focamos em buscar solu\u00e7\u00f5es para combater esses crimes que tiram a tranquilidade da popula\u00e7\u00e3o e dos turistas que visitam nossa cidade. As a\u00e7\u00f5es integradas que implementamos resultaram na pris\u00e3o de v\u00e1rios criminosos e, sobretudo, na identifica\u00e7\u00e3o de receptadores que ajudam a fomentar o mercado il\u00edcito de celulares\u201d, afirmou o secret\u00e1rio estadual da Seguran\u00e7a P\u00fablica, Guilherme Derrite.<\/p>\n\n\n\n<p>At\u00e9 abril de 2023, os crimes seguiram uma tend\u00eancia de alta, acompanhando os registros do ano anterior. No entanto, com as a\u00e7\u00f5es implementadas pela atual gest\u00e3o estadual ao longo dos meses, os indicadores come\u00e7aram a mudar.<\/p>\n\n\n\n<p>Os meses de maio, com queda de 30%, e junho, com 49% registros a menos, foram os primeiros a apontar a redu\u00e7\u00e3o nos roubos e furtos de celulares. Esses crimes tiveram leve alta de 4% em julho, mas, a partir de agosto, houve redu\u00e7\u00e3o progressiva nesses delitos na Avenida Paulista.<\/p>\n\n\n\n<p>No recorte entre janeiro e novembro de 2023, os furtos e roubos de celulares na regi\u00e3o ca\u00edram 29%. At\u00e9 novembro passado, foram 3,6 mil roubos ou furtos de aparelhos na Avenida Paulista, ante 5,1 mil boletins de ocorr\u00eancia contabilizados pela Pol\u00edcia Civil no mesmo per\u00edodo de 2022.<\/p>\n\n\n\n<p>Uma das a\u00e7\u00f5es adotadas na regi\u00e3o foi a amplia\u00e7\u00e3o do patrulhamento ostensivo, com aumento no n\u00famero de PMs em dias e em hor\u00e1rios de maior incid\u00eancia criminal. Isso foi poss\u00edvel com apoio dos batalh\u00f5es territoriais, que t\u00eam atribui\u00e7\u00e3o para fazer a seguran\u00e7a na regi\u00e3o, al\u00e9m do empenho de batalh\u00f5es especiais, como, por exemplo, o 1\u00ba Batalh\u00e3o de Choque Rondas Ostensivas Tobias de Aguiar (Rota).<\/p>\n\n\n\n<p>Em agosto, mais de 350 PMs refor\u00e7aram o patrulhamento em 35 pontos da regi\u00e3o por meio da Atividade Delegada, conv\u00eanio celebrado entre a Prefeitura de S\u00e3o Paulo e o Governo do Estado para viabilizar a atua\u00e7\u00e3o remunerada de agentes de seguran\u00e7a em dias de folga. Al\u00e9m disso, o Estado ampliou as investiga\u00e7\u00f5es e opera\u00e7\u00f5es de combate a quadrilhas de recepta\u00e7\u00e3o de celulares furtados ou roubados.<\/p>\n\n\n\n<p>Em agosto, a Pol\u00edcia Civil prendeu um homem apontado como um dos principais receptadores de smartphones do pa\u00eds. O suspeito detido na regi\u00e3o central da capital era natural da Guin\u00e9-Bissau, na \u00c1frica. Na a\u00e7\u00e3o, mais de 300 aparelhos foram apreendidos. As investiga\u00e7\u00f5es apontaram que o acusado enviava parte dos aparelhos para pa\u00edses africanos.<\/p>\n\n\n\n<p>O foco de a\u00e7\u00f5es repressivas contra a reincid\u00eancia criminal \u00e9 outra iniciativa priorit\u00e1ria do Governo de S\u00e3o Paulo na seguran\u00e7a p\u00fablica. \u201cMuitos desses criminosos j\u00e1 foram presos anteriormente, mas continuam nas ruas, beneficiados com alguma medida cautelar. Por isso, implementamos uma fiscaliza\u00e7\u00e3o mais rigorosa para combater a reincid\u00eancia, o que acaba impactando diretamente na redu\u00e7\u00e3o desses crimes\u201d, completou o secret\u00e1rio Guilherme Derrite.<\/p>\n","protected":false},"excerpt":{"rendered":"<p>Com refor\u00e7o no patrulhamento ostensivo e na investiga\u00e7\u00e3o criminal, Governo de SP registra queda na&#8230;<\/p>\n","protected":false},"author":1,"featured_media":16829,"comment_status":"open","ping_status":"open","sticky":false,"template":"","format":"standard","meta":{"footnotes":""},"categories":[2],"tags":[],"featured_image_urls":{"full":["https:\/\/novosaopaulo.com.br\/n1\/wp-content\/uploads\/2024\/01\/00052699.jpg",920,690,false],"thumbnail":["https:\/\/novosaopaulo.com.br\/n1\/wp-content\/uploads\/2024\/01\/00052699-150x150.jpg",150,150,true],"medium":["https:\/\/novosaopaulo.com.br\/n1\/wp-content\/uploads\/2024\/01\/00052699-300x225.jpg",300,225,true],"medium_large":["https:\/\/novosaopaulo.com.br\/n1\/wp-content\/uploads\/2024\/01\/00052699-768x576.jpg",640,480,true],"large":["https:\/\/novosaopaulo.com.br\/n1\/wp-content\/uploads\/2024\/01\/00052699.jpg",640,480,false],"1536x1536":["https:\/\/novosaopaulo.com.br\/n1\/wp-content\/uploads\/2024\/01\/00052699.jpg",920,690,false],"2048x2048":["https:\/\/novosaopaulo.com.br\/n1\/wp-content\/uploads\/2024\/01\/00052699.jpg",920,690,false],"newsever-slider-full":["https:\/\/novosaopaulo.com.br\/n1\/wp-content\/uploads\/2024\/01\/00052699.jpg",920,690,false],"newsever-featured":["https:\/\/novosaopaulo.com.br\/n1\/wp-content\/uploads\/2024\/01\/00052699.jpg",920,690,false],"newsever-medium":["https:\/\/novosaopaulo.com.br\/n1\/wp-content\/uploads\/2024\/01\/00052699-720x475.jpg",720,475,true]},"author_info":{"display_name":"Reda\u00e7\u00e3o","author_link":"https:\/\/novosaopaulo.com.br\/n1\/author\/g5poa\/"},"category_info":"<a href=\"https:\/\/novosaopaulo.com.br\/n1\/category\/cidades\/\" rel=\"category tag\">Cidades<\/a>","tag_info":"Cidades","comment_count":"0","_links":{"self":[{"href":"https:\/\/novosaopaulo.com.br\/n1\/wp-json\/wp\/v2\/posts\/16828"}],"collection":[{"href":"https:\/\/novosaopaulo.com.br\/n1\/wp-json\/wp\/v2\/posts"}],"about":[{"href":"https:\/\/novosaopaulo.com.br\/n1\/wp-json\/wp\/v2\/types\/post"}],"author":[{"embeddable":true,"href":"https:\/\/novosaopaulo.com.br\/n1\/wp-json\/wp\/v2\/users\/1"}],"replies":[{"embeddable":true,"href":"https:\/\/novosaopaulo.com.br\/n1\/wp-json\/wp\/v2\/comments?post=16828"}],"version-history":[{"count":1,"href":"https:\/\/novosaopaulo.com.br\/n1\/wp-json\/wp\/v2\/posts\/16828\/revisions"}],"predecessor-version":[{"id":16830,"href":"https:\/\/novosaopaulo.com.br\/n1\/wp-json\/wp\/v2\/posts\/16828\/revisions\/16830"}],"wp:featuredmedia":[{"embeddable":true,"href":"https:\/\/novosaopaulo.com.br\/n1\/wp-json\/wp\/v2\/media\/16829"}],"wp:attachment":[{"href":"https:\/\/novosaopaulo.com.br\/n1\/wp-json\/wp\/v2\/media?parent=16828"}],"wp:term":[{"taxonomy":"category","embeddable":true,"href":"https:\/\/novosaopaulo.com.br\/n1\/wp-json\/wp\/v2\/categories?post=16828"},{"taxonomy":"post_tag","embeddable":true,"href":"https:\/\/novosaopaulo.com.br\/n1\/wp-json\/wp\/v2\/tags?post=16828"}],"curies":[{"name":"wp","href":"https:\/\/api.w.org\/{rel}","templated":true}]}}