{"id":16734,"date":"2024-01-08T14:10:53","date_gmt":"2024-01-08T17:10:53","guid":{"rendered":"https:\/\/novosaopaulo.com.br\/n1\/?p=16734"},"modified":"2024-01-08T14:10:53","modified_gmt":"2024-01-08T17:10:53","slug":"o-golpe-e-o-contragolpe-que-nao-existiram","status":"publish","type":"post","link":"https:\/\/novosaopaulo.com.br\/n1\/o-golpe-e-o-contragolpe-que-nao-existiram\/","title":{"rendered":"O golpe e o contragolpe que n\u00e3o existiram"},"content":{"rendered":"\n<p>Prepara-se em Brasilia forte esquema de seguran\u00e7a que fecha o tr\u00e2nsito e bloqueia edif\u00edcios para os eventos relativos a 8 de janeiro, que ter\u00e3o a prersen\u00e7a de 500 convidados. Pensamos que a montagem dessa estrutura vem com, pelo menos um ano de atraso. Tivesse sido mobilizada em janeiro passado, n\u00e3o teria ocorrido a invas\u00e3o dos pal\u00e1cios-sede do Executivo, Legislativo e Judici\u00e1rio. E nem se estaria hoje promovendo uma comemora\u00e7\u00e3o de utilidade duvidosa, visto que n\u00e3o h\u00e1 o que comemorar. Mesmo que os afoitos e incautos tenham pedido o golpe de Estado, o Pa\u00eds em momento algum sofreu o risco de seu desfecho. Bastaria os encarregados da guarda da Pra\u00e7a dos Tr\u00eas Poderes terem cumprido suas tarefas de proteger os im\u00f3veis e nada teria ocorrido. Convenhamos, que n\u00e3o fizeram o b\u00e1sico da obriga\u00e7\u00e3o de quem guarda o que quer que seja. O certo &amp;eacut e; que, dentro do indigesto quadro da polariza\u00e7\u00e3o pol\u00edtica, os dois lados sonharam colocar os preju\u00edzos da a\u00e7\u00e3o nas costas do advers\u00e1rio e tudo acabou pesando sobre o povo que gritava nas portas dos quart\u00e9is sem saber bem o que pediam e muito menos da sua inviabilidade.<br>Embora possam haver justificativa para isso, consideramos impr\u00f3prio o julgamento do quase crime de 8 de janeiro pelo Supremo Tribunal Federal. Cada inocente \u00fatil daqueles que foram arrestados nos acampamentos, se alvo de den\u00fancia, a nosso ver salvo melhor ju\u00edzo, deveria ser julgado em primeira inst\u00e2ncia e s\u00f3 os detentores de mandato e de outras formas de foro especial terem seus processos remetidos \u00e0 suprema corte. O ministro Alexandre de Moraes restou sobrecarregado pela quest\u00e3o e, al\u00e9m de trabalhar, corre o risco de pagar a impopularidade da a\u00e7\u00e3o. No entanto, em sua sua entrevista ao \u201dEstad\u00e3o\u201d, garante que no frigir dos ovos \u201ctodos os respons\u00e1veis ser\u00e3o processados e punidos na medida de sua culpabilideade\u201d. Ainda assim, achamos que o STF n\u00e3o \u00e9 o foro.<br>\u00c9 de se esperar que o mesmo rigor imposto ao governador Ibanhez Rocha (que passou 90 dias afastado) e \u00e0s for\u00e7as de seguran\u00e7a do Distrito Federal seja aplicado aos entes federais que se omitiram em suas tarefas e com isso ensejaram os incidentes. Seria extempor\u00e2neo falar hoje sobre o afastamento do presidente Lula mas, na \u00e9poca, o indicado seria ele purgar o mesmo castigo aplicado ao governador. Afinal, j\u00e1 governava o Pa\u00eds h\u00e1 8 dias e sua equipe, salvo melhor ju\u00edzo e defini\u00e7\u00e3o, deixou de cumprir a miss\u00e3o de of\u00edcio.<br>N\u00e3o temos credenciais profissionais e nem interesse em discutir a quest\u00e3o com o ministro Alexandre de Moraes (ou com qualquer outro das cortes superiores), mas esse \u00e9 o nosso pensamento. Conforta-nos, na verdade, a disposi\u00e7\u00e3o manifesta de apurar e processar todos os envolvidos na medida de sua culpabilidade. Tudo isso deve ser apurado devidamente para que cada um tenha a justa reprimenda.<br>Quanto \u00e0 comemora\u00e7\u00e3o que se monta para a pr\u00f3xima ter\u00e7a-feira em Brasilia, entendemo-la impr\u00f3pria. N\u00e3o h\u00e1 o que comemorar porque, embora houvesse o clamor daqueles infelizes que acabaram por amargar meses ou at\u00e9 um ano de cadeia e ainda poder\u00e3o restar com anos de condena\u00e7\u00e3o, n\u00e3o houve golpe e nem tentativa de golpe. Ser\u00e1 a comemora\u00e7\u00e3o de algo quer n\u00e3o aconteceu e, nessas condi\u00e7\u00f5es, n\u00e3o merece ser lembrado e muito menos cultuada, j\u00e1 que n\u00e3o ilustra nenhum dos que dela possam ter participado ou lutado contra sua concretiza\u00e7\u00e3o.<\/p>\n\n\n\n<p>Tenente Dirceu Cardoso Gon\u00e7alves &#8211; dirigente da ASPOMIL (Associa\u00e7\u00e3o de Assist. Social dos Policiais Militares de S\u00e3o Paulo)<br>aspomilpm@terra.com.br<\/p>\n","protected":false},"excerpt":{"rendered":"<p>Prepara-se em Brasilia forte esquema de seguran\u00e7a que fecha o tr\u00e2nsito e bloqueia edif\u00edcios para&#8230;<\/p>\n","protected":false},"author":1,"featured_media":16147,"comment_status":"open","ping_status":"open","sticky":false,"template":"","format":"standard","meta":{"footnotes":""},"categories":[2],"tags":[],"featured_image_urls":{"full":["https:\/\/novosaopaulo.com.br\/n1\/wp-content\/uploads\/2023\/12\/dirceu.jpg",225,225,false],"thumbnail":["https:\/\/novosaopaulo.com.br\/n1\/wp-content\/uploads\/2023\/12\/dirceu-150x150.jpg",150,150,true],"medium":["https:\/\/novosaopaulo.com.br\/n1\/wp-content\/uploads\/2023\/12\/dirceu.jpg",225,225,false],"medium_large":["https:\/\/novosaopaulo.com.br\/n1\/wp-content\/uploads\/2023\/12\/dirceu.jpg",225,225,false],"large":["https:\/\/novosaopaulo.com.br\/n1\/wp-content\/uploads\/2023\/12\/dirceu.jpg",225,225,false],"1536x1536":["https:\/\/novosaopaulo.com.br\/n1\/wp-content\/uploads\/2023\/12\/dirceu.jpg",225,225,false],"2048x2048":["https:\/\/novosaopaulo.com.br\/n1\/wp-content\/uploads\/2023\/12\/dirceu.jpg",225,225,false],"newsever-slider-full":["https:\/\/novosaopaulo.com.br\/n1\/wp-content\/uploads\/2023\/12\/dirceu.jpg",225,225,false],"newsever-featured":["https:\/\/novosaopaulo.com.br\/n1\/wp-content\/uploads\/2023\/12\/dirceu.jpg",225,225,false],"newsever-medium":["https:\/\/novosaopaulo.com.br\/n1\/wp-content\/uploads\/2023\/12\/dirceu.jpg",225,225,false]},"author_info":{"display_name":"Reda\u00e7\u00e3o","author_link":"https:\/\/novosaopaulo.com.br\/n1\/author\/g5poa\/"},"category_info":"<a href=\"https:\/\/novosaopaulo.com.br\/n1\/category\/cidades\/\" rel=\"category tag\">Cidades<\/a>","tag_info":"Cidades","comment_count":"0","_links":{"self":[{"href":"https:\/\/novosaopaulo.com.br\/n1\/wp-json\/wp\/v2\/posts\/16734"}],"collection":[{"href":"https:\/\/novosaopaulo.com.br\/n1\/wp-json\/wp\/v2\/posts"}],"about":[{"href":"https:\/\/novosaopaulo.com.br\/n1\/wp-json\/wp\/v2\/types\/post"}],"author":[{"embeddable":true,"href":"https:\/\/novosaopaulo.com.br\/n1\/wp-json\/wp\/v2\/users\/1"}],"replies":[{"embeddable":true,"href":"https:\/\/novosaopaulo.com.br\/n1\/wp-json\/wp\/v2\/comments?post=16734"}],"version-history":[{"count":1,"href":"https:\/\/novosaopaulo.com.br\/n1\/wp-json\/wp\/v2\/posts\/16734\/revisions"}],"predecessor-version":[{"id":16735,"href":"https:\/\/novosaopaulo.com.br\/n1\/wp-json\/wp\/v2\/posts\/16734\/revisions\/16735"}],"wp:featuredmedia":[{"embeddable":true,"href":"https:\/\/novosaopaulo.com.br\/n1\/wp-json\/wp\/v2\/media\/16147"}],"wp:attachment":[{"href":"https:\/\/novosaopaulo.com.br\/n1\/wp-json\/wp\/v2\/media?parent=16734"}],"wp:term":[{"taxonomy":"category","embeddable":true,"href":"https:\/\/novosaopaulo.com.br\/n1\/wp-json\/wp\/v2\/categories?post=16734"},{"taxonomy":"post_tag","embeddable":true,"href":"https:\/\/novosaopaulo.com.br\/n1\/wp-json\/wp\/v2\/tags?post=16734"}],"curies":[{"name":"wp","href":"https:\/\/api.w.org\/{rel}","templated":true}]}}