{"id":16725,"date":"2024-01-08T14:01:41","date_gmt":"2024-01-08T17:01:41","guid":{"rendered":"https:\/\/novosaopaulo.com.br\/n1\/?p=16725"},"modified":"2024-01-08T14:01:42","modified_gmt":"2024-01-08T17:01:42","slug":"rosana-valle-e-a-deputada-da-baixada-santista-mais-presente-em-sessoes-no-congresso-nacional-em-2023","status":"publish","type":"post","link":"https:\/\/novosaopaulo.com.br\/n1\/rosana-valle-e-a-deputada-da-baixada-santista-mais-presente-em-sessoes-no-congresso-nacional-em-2023\/","title":{"rendered":"Rosana Valle \u00e9 a deputada da Baixada Santista mais presente em sess\u00f5es no Congresso Nacional em 2023"},"content":{"rendered":"\n<p>Parlamentar do PL-SP compareceu a 107 sess\u00f5es, s\u00f3 se ausentando quando esteve em miss\u00e3o oficial no Jap\u00e3o; ao todo, foram 250 projetos de lei apresentados, o que representa 30,22% do montante proposto por todos os deputados federais da regi\u00e3o<\/p>\n\n\n\n<p>Rosana Valle (PL-SP) concluiu 2023 como a deputada federal da Baixada Santista mais presente em sess\u00f5es em Bras\u00edlia-DF. No primeiro ano da 57\u00aa Legislatura, a presidente da Executiva Estadual do PL Mulher de S\u00e3o Paulo marcou presen\u00e7a em 107 sess\u00f5es. A regi\u00e3o, que \u00e9 reduto eleitoral da parlamentar, conta com outros tr\u00eas deputados federais.<\/p>\n\n\n\n<p>Segundo Rosana, o comparecimento \u00e0s sess\u00f5es \u00e9 imprescind\u00edvel no debate das causas p\u00fablicas, na vota\u00e7\u00e3o de mat\u00e9rias fundamentais para o desenvolvimento econ\u00f4mico e social do Brasil, e na busca incessante por melhorias e investimentos para Santos-SP e regi\u00e3o.<\/p>\n\n\n\n<p>A congressista s\u00f3 se ausentou em oito oportunidades dos trabalhos do Congresso Nacional enquanto esteve em miss\u00e3o oficial no Jap\u00e3o:<\/p>\n\n\n\n<p>\u201cChegamos ao fim de 2023 com o sentimento de dever cumprido. Marcamos presen\u00e7a em grandes discuss\u00f5es e vota\u00e7\u00f5es. Conseguimos derrubar as mudan\u00e7as do governo federal quanto ao Marco do Saneamento; aprovamos o Marco Temporal das Terras Ind\u00edgenas; e, em miss\u00e3o no Jap\u00e3o, articulamos a vinda de um projeto de drenagem contra enchentes, de saneamento e de infraestrutura urbana para toda a Baixada Santista\u201d, enumera a deputada federal &#8211; a mais bem votada para o Congresso Nacional da Baixada Santista e do Vale do Ribeira, em 2022.<\/p>\n\n\n\n<p>Os demais parlamentares da Baixada Santista tiveram frequ\u00eancia abaixo de Rosana. Alberto Mour\u00e3o (MDB) registrou 97 presen\u00e7as e cinco aus\u00eancias. J\u00e1 o Delegado Da Cunha (Progressistas) teve 91 presen\u00e7as e 12 aus\u00eancias. O deputado Paulo Alexandre Barbosa (PSDB) registrou 81 presen\u00e7as e 31 aus\u00eancias justificadas, al\u00e9m de duas injustificadas.<\/p>\n\n\n\n<p>Ao longo do ano passado, a produ\u00e7\u00e3o parlamentar de Rosana, que tamb\u00e9m \u00e9 presidente da Executiva Estadual do PL Mulher de S\u00e3o Paulo, foi robusta. Um total de 250 projetos foi apresentado, representando 30,22% do montante proposto por todos os deputados federais da Baixada Santista.<\/p>\n\n\n\n<p>Entre as principais proposituras da congressista est\u00e3o a institui\u00e7\u00e3o do Fundo de Apoio Portu\u00e1rio \u00e0 Infraestrutura; a aplica\u00e7\u00e3o de recursos do Fundo Nacional no combate ao tr\u00e1fico de drogas em cidades portu\u00e1rias; al\u00e9m do projeto de lei que obriga comitivas presidenciais se hospedarem em embaixadas brasileiras durante viagens no exterior.<\/p>\n\n\n\n<p>Outro destaque da parlamentar do PL-SP foi a relatoria do projeto de lei que torna obrigat\u00f3ria a prioridade no transporte de \u00f3rg\u00e3os, de tecidos e de partes do corpo humano para fins de transplante e tratamento. A mat\u00e9ria, que tramitava desde 2014 no Congresso Nacional, ganhou celeridade com a relatoria de Rosana e pode ser sancionada pelo presidente Luiz In\u00e1cio Lula da Silva (PT) em 2024:<\/p>\n\n\n\n<p>\u201cO parecer favor\u00e1vel ao projeto de transporte de \u00f3rg\u00e3os demonstra esfor\u00e7o colaborativo de in\u00fameras companhias a\u00e9reas em salvar vidas. Com a proposta em vigor, concederemos mais seguran\u00e7a jur\u00eddica a essa ferramenta fundamental para o Sistema \u00danico de Sa\u00fade (SUS)\u201d, complementa Rosana.<\/p>\n\n\n\n<p>Pol\u00edtica<br>Na esfera pol\u00edtica, 2023 foi marcado pela visita do ex-presidente da Rep\u00fablica e, hoje, presidente de Honra do PL, Jair Bolsonaro, a Santos. Na oportunidade, o ex-mandat\u00e1rio reiterou apoio \u00e0 pr\u00e9-candidatura de Rosana \u00e0 Prefeitura.<\/p>\n\n\n\n<p>Segundo Bolsonaro, na articula\u00e7\u00e3o tamb\u00e9m estar\u00e1 o governador de S\u00e3o Paulo, Tarc\u00edsio Gomes de Freitas (Republicanos), uma vez que, a ideia \u00e9 que ambos apoiem o mesmo nome no munic\u00edpio nas elei\u00e7\u00f5es deste ano.<\/p>\n","protected":false},"excerpt":{"rendered":"<p>Parlamentar do PL-SP compareceu a 107 sess\u00f5es, s\u00f3 se ausentando quando esteve em miss\u00e3o oficial&#8230;<\/p>\n","protected":false},"author":1,"featured_media":16726,"comment_status":"open","ping_status":"open","sticky":false,"template":"","format":"standard","meta":{"footnotes":""},"categories":[2],"tags":[],"featured_image_urls":{"full":["https:\/\/novosaopaulo.com.br\/n1\/wp-content\/uploads\/2024\/01\/WhatsApp-Image-2024-01-08-at-12.13.04.jpeg",922,1280,false],"thumbnail":["https:\/\/novosaopaulo.com.br\/n1\/wp-content\/uploads\/2024\/01\/WhatsApp-Image-2024-01-08-at-12.13.04-150x150.jpeg",150,150,true],"medium":["https:\/\/novosaopaulo.com.br\/n1\/wp-content\/uploads\/2024\/01\/WhatsApp-Image-2024-01-08-at-12.13.04-216x300.jpeg",216,300,true],"medium_large":["https:\/\/novosaopaulo.com.br\/n1\/wp-content\/uploads\/2024\/01\/WhatsApp-Image-2024-01-08-at-12.13.04-768x1066.jpeg",640,888,true],"large":["https:\/\/novosaopaulo.com.br\/n1\/wp-content\/uploads\/2024\/01\/WhatsApp-Image-2024-01-08-at-12.13.04-738x1024.jpeg",640,888,true],"1536x1536":["https:\/\/novosaopaulo.com.br\/n1\/wp-content\/uploads\/2024\/01\/WhatsApp-Image-2024-01-08-at-12.13.04.jpeg",922,1280,false],"2048x2048":["https:\/\/novosaopaulo.com.br\/n1\/wp-content\/uploads\/2024\/01\/WhatsApp-Image-2024-01-08-at-12.13.04.jpeg",922,1280,false],"newsever-slider-full":["https:\/\/novosaopaulo.com.br\/n1\/wp-content\/uploads\/2024\/01\/WhatsApp-Image-2024-01-08-at-12.13.04-922x845.jpeg",922,845,true],"newsever-featured":["https:\/\/novosaopaulo.com.br\/n1\/wp-content\/uploads\/2024\/01\/WhatsApp-Image-2024-01-08-at-12.13.04.jpeg",922,1280,false],"newsever-medium":["https:\/\/novosaopaulo.com.br\/n1\/wp-content\/uploads\/2024\/01\/WhatsApp-Image-2024-01-08-at-12.13.04-720x475.jpeg",720,475,true]},"author_info":{"display_name":"Reda\u00e7\u00e3o","author_link":"https:\/\/novosaopaulo.com.br\/n1\/author\/g5poa\/"},"category_info":"<a href=\"https:\/\/novosaopaulo.com.br\/n1\/category\/cidades\/\" rel=\"category tag\">Cidades<\/a>","tag_info":"Cidades","comment_count":"0","_links":{"self":[{"href":"https:\/\/novosaopaulo.com.br\/n1\/wp-json\/wp\/v2\/posts\/16725"}],"collection":[{"href":"https:\/\/novosaopaulo.com.br\/n1\/wp-json\/wp\/v2\/posts"}],"about":[{"href":"https:\/\/novosaopaulo.com.br\/n1\/wp-json\/wp\/v2\/types\/post"}],"author":[{"embeddable":true,"href":"https:\/\/novosaopaulo.com.br\/n1\/wp-json\/wp\/v2\/users\/1"}],"replies":[{"embeddable":true,"href":"https:\/\/novosaopaulo.com.br\/n1\/wp-json\/wp\/v2\/comments?post=16725"}],"version-history":[{"count":1,"href":"https:\/\/novosaopaulo.com.br\/n1\/wp-json\/wp\/v2\/posts\/16725\/revisions"}],"predecessor-version":[{"id":16727,"href":"https:\/\/novosaopaulo.com.br\/n1\/wp-json\/wp\/v2\/posts\/16725\/revisions\/16727"}],"wp:featuredmedia":[{"embeddable":true,"href":"https:\/\/novosaopaulo.com.br\/n1\/wp-json\/wp\/v2\/media\/16726"}],"wp:attachment":[{"href":"https:\/\/novosaopaulo.com.br\/n1\/wp-json\/wp\/v2\/media?parent=16725"}],"wp:term":[{"taxonomy":"category","embeddable":true,"href":"https:\/\/novosaopaulo.com.br\/n1\/wp-json\/wp\/v2\/categories?post=16725"},{"taxonomy":"post_tag","embeddable":true,"href":"https:\/\/novosaopaulo.com.br\/n1\/wp-json\/wp\/v2\/tags?post=16725"}],"curies":[{"name":"wp","href":"https:\/\/api.w.org\/{rel}","templated":true}]}}