{"id":16383,"date":"2023-12-14T22:34:19","date_gmt":"2023-12-15T01:34:19","guid":{"rendered":"https:\/\/novosaopaulo.com.br\/n1\/?p=16383"},"modified":"2023-12-14T22:34:19","modified_gmt":"2023-12-15T01:34:19","slug":"campanha-sp-sempre-alerta-e-lancada-com-foco-em-prevencao-de-desastres","status":"publish","type":"post","link":"https:\/\/novosaopaulo.com.br\/n1\/campanha-sp-sempre-alerta-e-lancada-com-foco-em-prevencao-de-desastres\/","title":{"rendered":"Campanha SP Sempre Alerta \u00e9 lan\u00e7ada com foco em preven\u00e7\u00e3o de desastres"},"content":{"rendered":"\n<p>Na \u00faltima sess\u00e3o ordin\u00e1ria do ano, realizada na noite de ontem (13), a C\u00e2mara de Suzano aprovou oito itens. Deste total, cinco foram projetos de leis de autoria do Executivo e um de autoria do vereador Edirlei Junio Reis (PSDB), o professor Edirlei, que declara de utilidade p\u00fablica municipal a Associa\u00e7\u00e3o de Amigos do Bairro Cidade Miguel Badra e Adjac\u00eancias.<\/p>\n\n\n\n<p>Tamb\u00e9m foram aprovados um projeto de decreto legislativo de autoria do vereador Leandro Alves de Faria (PL), o Leandrinho, para concess\u00e3o do T\u00edtulo Cidad\u00e3o Suzanense a Jos\u00e9 Francisco Cagiano, e uma mo\u00e7\u00e3o de aplauso do vereador Andr\u00e9 Marcos de Abreu (PSC), o Pacola, que parabenizou o diretor administrativo dos cemit\u00e9rios S\u00e3o Sebasti\u00e3o e S\u00e3o Jo\u00e3o Batista e do Vel\u00f3rio Municipal, F\u00e1bio Tostes da Luz, mais conhecido como Cowboy.<\/p>\n\n\n\n<p>Pacola ressaltou a dedica\u00e7\u00e3o do funcion\u00e1rio da Prefeitura e o atendimento humanizado que oferece aos cidad\u00e3os.<\/p>\n\n\n\n<p>Na Tribuna Livre, o vereador Rogerio Castilho (PSB) falou que a popula\u00e7\u00e3o tem que ficar atenta com \u201coportunistas politiqueiros que aparecem na reta final (da elei\u00e7\u00e3o)\u201d.<\/p>\n\n\n\n<p>A vereadora Gerice Lione (PL), a esposa do Prefeito da Academia, revelou que ap\u00f3s a audi\u00eancia p\u00fablica realizada na semana passada para a presta\u00e7\u00e3o de contas da Secretaria de Seguran\u00e7a Cidad\u00e3, recebeu diversos v\u00eddeos de ocorr\u00eancias que aconteceram na cidade. Ela n\u00e3o poupou cr\u00edticas \u00e0 administra\u00e7\u00e3o municipal. Segundo a parlamentar, mesmo o Executivo afirmando que n\u00e3o tem verba para colocar em pr\u00e1tica a\u00e7\u00f5es mais efetivas envolvendo a Guarda Civil Municipal (GCM), teria gasto aproximadamente R$ 1 milh\u00e3o para instalar a fonte interativa Acqua Play no Parque Municipal Max Feffer. \u201cEsse \u00e9 o recado que o prefeito d\u00e1 para a nossa popula\u00e7\u00e3o no quesito de seguran\u00e7a\u201d, criticou.<\/p>\n\n\n\n<p>O vereador Leandro Alves de Faria (PL), o Leandrinho, discursou sobre a import\u00e2ncia da parceria do Legislativo com o Executivo. Esta uni\u00e3o, de acordo com o parlamentar, \u00e9 respons\u00e1vel pelas melhorias alcan\u00e7adas na cidade nestes \u00faltimos anos. \u201cComo bem diz o nosso prefeito, ningu\u00e9m faz nada sozinho\u201d, disse.<\/p>\n\n\n\n<p>Convidando a popula\u00e7\u00e3o para a audi\u00eancia p\u00fablica que acontecer\u00e1 hoje (14), a partir das 18 horas, para presta\u00e7\u00e3o de contas referente ao servi\u00e7o de fornecimento\/distribui\u00e7\u00e3o de energia el\u00e9trica, aus\u00eancia de trabalho preventivo nas linhas de transmiss\u00e3o e trabalho de poda entre a linha viva, o vereador M\u00e1rcio Alexandre de Souza (PL), o M\u00e1rcio Malt, ressaltou a necessidade de melhorias no servi\u00e7o realizado em Suzano. \u201cA minha regi\u00e3o ficou 40 horas sem energia el\u00e9trica. Muitas pessoas perderem tudo o que estava na geladeira\u201d, disse o vereador, referindo-se ao apag\u00e3o registrado na cidade no come\u00e7o de novembro.<\/p>\n\n\n\n<p>Os vereadores F\u00e1bio Diniz (PTB); Edirlei Junio Reis (PSDB), o professor Edirlei; e Antonio Rafael Morgado (PDT), o professor Toninho Morgado, agradeceram o apoio que tiveram neste ano e desejaram boas festas para todos. A administra\u00e7\u00e3o municipal tamb\u00e9m foi elogiada pelos parlamentares.<\/p>\n","protected":false},"excerpt":{"rendered":"<p>Na \u00faltima sess\u00e3o ordin\u00e1ria do ano, realizada na noite de ontem (13), a C\u00e2mara de&#8230;<\/p>\n","protected":false},"author":1,"featured_media":16384,"comment_status":"open","ping_status":"open","sticky":false,"template":"","format":"standard","meta":{"footnotes":""},"categories":[2],"tags":[],"featured_image_urls":{"full":["https:\/\/novosaopaulo.com.br\/n1\/wp-content\/uploads\/2023\/12\/WhatsApp-Image-2023-12-14-at-19.52.25.jpeg",560,374,false],"thumbnail":["https:\/\/novosaopaulo.com.br\/n1\/wp-content\/uploads\/2023\/12\/WhatsApp-Image-2023-12-14-at-19.52.25-150x150.jpeg",150,150,true],"medium":["https:\/\/novosaopaulo.com.br\/n1\/wp-content\/uploads\/2023\/12\/WhatsApp-Image-2023-12-14-at-19.52.25-300x200.jpeg",300,200,true],"medium_large":["https:\/\/novosaopaulo.com.br\/n1\/wp-content\/uploads\/2023\/12\/WhatsApp-Image-2023-12-14-at-19.52.25.jpeg",560,374,false],"large":["https:\/\/novosaopaulo.com.br\/n1\/wp-content\/uploads\/2023\/12\/WhatsApp-Image-2023-12-14-at-19.52.25.jpeg",560,374,false],"1536x1536":["https:\/\/novosaopaulo.com.br\/n1\/wp-content\/uploads\/2023\/12\/WhatsApp-Image-2023-12-14-at-19.52.25.jpeg",560,374,false],"2048x2048":["https:\/\/novosaopaulo.com.br\/n1\/wp-content\/uploads\/2023\/12\/WhatsApp-Image-2023-12-14-at-19.52.25.jpeg",560,374,false],"newsever-slider-full":["https:\/\/novosaopaulo.com.br\/n1\/wp-content\/uploads\/2023\/12\/WhatsApp-Image-2023-12-14-at-19.52.25.jpeg",560,374,false],"newsever-featured":["https:\/\/novosaopaulo.com.br\/n1\/wp-content\/uploads\/2023\/12\/WhatsApp-Image-2023-12-14-at-19.52.25.jpeg",560,374,false],"newsever-medium":["https:\/\/novosaopaulo.com.br\/n1\/wp-content\/uploads\/2023\/12\/WhatsApp-Image-2023-12-14-at-19.52.25.jpeg",560,374,false]},"author_info":{"display_name":"Reda\u00e7\u00e3o","author_link":"https:\/\/novosaopaulo.com.br\/n1\/author\/g5poa\/"},"category_info":"<a href=\"https:\/\/novosaopaulo.com.br\/n1\/category\/cidades\/\" rel=\"category tag\">Cidades<\/a>","tag_info":"Cidades","comment_count":"0","_links":{"self":[{"href":"https:\/\/novosaopaulo.com.br\/n1\/wp-json\/wp\/v2\/posts\/16383"}],"collection":[{"href":"https:\/\/novosaopaulo.com.br\/n1\/wp-json\/wp\/v2\/posts"}],"about":[{"href":"https:\/\/novosaopaulo.com.br\/n1\/wp-json\/wp\/v2\/types\/post"}],"author":[{"embeddable":true,"href":"https:\/\/novosaopaulo.com.br\/n1\/wp-json\/wp\/v2\/users\/1"}],"replies":[{"embeddable":true,"href":"https:\/\/novosaopaulo.com.br\/n1\/wp-json\/wp\/v2\/comments?post=16383"}],"version-history":[{"count":1,"href":"https:\/\/novosaopaulo.com.br\/n1\/wp-json\/wp\/v2\/posts\/16383\/revisions"}],"predecessor-version":[{"id":16385,"href":"https:\/\/novosaopaulo.com.br\/n1\/wp-json\/wp\/v2\/posts\/16383\/revisions\/16385"}],"wp:featuredmedia":[{"embeddable":true,"href":"https:\/\/novosaopaulo.com.br\/n1\/wp-json\/wp\/v2\/media\/16384"}],"wp:attachment":[{"href":"https:\/\/novosaopaulo.com.br\/n1\/wp-json\/wp\/v2\/media?parent=16383"}],"wp:term":[{"taxonomy":"category","embeddable":true,"href":"https:\/\/novosaopaulo.com.br\/n1\/wp-json\/wp\/v2\/categories?post=16383"},{"taxonomy":"post_tag","embeddable":true,"href":"https:\/\/novosaopaulo.com.br\/n1\/wp-json\/wp\/v2\/tags?post=16383"}],"curies":[{"name":"wp","href":"https:\/\/api.w.org\/{rel}","templated":true}]}}