{"id":16356,"date":"2023-12-13T22:16:55","date_gmt":"2023-12-14T01:16:55","guid":{"rendered":"https:\/\/novosaopaulo.com.br\/n1\/?p=16356"},"modified":"2023-12-14T12:48:23","modified_gmt":"2023-12-14T15:48:23","slug":"comemoracao-dos-25-anos-da-fadesp-brasil","status":"publish","type":"post","link":"https:\/\/novosaopaulo.com.br\/n1\/comemoracao-dos-25-anos-da-fadesp-brasil\/","title":{"rendered":"Comemora\u00e7\u00e3o dos 25 anos da FADESP Brasil"},"content":{"rendered":"\n<p>Bonito evento foi realizado dia 12 de dezembro no audit\u00f3rio IBRAWORK, Rua Augusta, 1917, S\u00e3o Paulo, seguido de um delicioso jantar que marcou as comemora\u00e7\u00f5es dos 25 anos da entidade de classe FADESP Brasil \u2013 Federa\u00e7\u00e3o dos Advogados do Estado de S\u00e3o Paulo &#8211; reunindo um grupo seleto de advogados, estagi\u00e1rios e bachar\u00e9is.<br>O presidente da API \u2013 Associa\u00e7\u00e3o Paulista de Imprensa &#8211; e advogado S\u00e9rgio de Azevedo Red\u00f3 abriu a solenidade ressaltando ser uma honra a coroa\u00e7\u00e3o dos 25 anos da FADESP, o Jubileu de Prata da entidade. Mais do que isto, o presidente da FADESP Brasil, Dr. Raimundo Hermes Barbosa, decidiu que a data fosse uma confraterniza\u00e7\u00e3o por tudo que se passou neste ano, desejando que 2024 seja melhor. Ap\u00f3s agradecer a presen\u00e7a das autoridades, foi executado o Hino Nacional Brasileiro, seguido de discurso do presidente Dr. Raimundo. Ele cumprimentou as autoridades e convidados presentes, em especial a amiga Dra.Yara, companheira de lutas na OAB. \u201cEstamos hoje aqui numa confraterniza\u00e7\u00e3o e, se de um lado nosso cora\u00e7\u00e3o transborda de alegria, do outro lado \u00e9 de uma tristeza profunda pelo que n\u00f3s estamos passando em nosso pa\u00eds desnecessariamente e o que \u00e9 pior, com a omiss\u00e3o das institui\u00e7\u00f5es e entidades, especialmente da nossa querida OAB que parece que caiu num sono, num pesadelo; em Minas Gerais come\u00e7ou com uma rea\u00e7\u00e3o que espero que ela se acentue. Estamos aqui para fazer com que todos tenham liberdade. Hoje n\u00f3s n\u00e3o temos, temos sim presos pol\u00edticos, temos jornalistas presos e exilados e ningu\u00e9m fala nada como se isto fosse normal. Ainda ontem assisti um jornal e vi a participa\u00e7\u00e3o do Ministro do Supremo Tribunal Federal lan\u00e7ando um programa de governo no pal\u00e1cio e eu n\u00e3o entendi mais nada. N\u00e3o sei se hoje n\u00f3s temos um governo ou n\u00f3s temos um cons\u00f3rcio para governar o pa\u00eds entre o judici\u00e1rio e o poder executivo deixando alerta o poder Legislativo. Isso n\u00f3s n\u00e3o podemos concordar. Hoje eu fa\u00e7o um apelo a todos para que no pr\u00f3ximo ano iremos ter v\u00e1rios eventos e v\u00e1rias confraterniza\u00e7\u00f5es para discutirmos a participa\u00e7\u00e3o da nossa entidade que est\u00e1 omissa. A verdade \u00e9 essa, eu nunca vi uma letargia t\u00e3o grande quando n\u00e3o se escuta a palavra da OAB. Eu me recordo que em 1988 n\u00f3s faz\u00edamos reuni\u00f5es l\u00e1 na sede da Pra\u00e7a da S\u00e9, o presidente era o Batochio e l\u00e1 tirava posi\u00e7\u00e3o, Conselho de |Medicina, Conselho de Farm\u00e1cia, Conselho de Engenharia; todos os conselhos da sociedade civil tirava-se uma posi\u00e7\u00e3o e de l\u00e1 saia \u00e0 voz da OAB que era escutada por todo o pa\u00eds. Hoje n\u00f3s estamos servindo de chacota. Quando um advogado recentemente pediu para fazer sustenta\u00e7\u00e3o oral, foi indeferido e humilhado, e o juiz, rindo de maneira sorrateira, disse que ia indeferir, e a Ordem faz uma nota e d\u00e1 4 mil likes, ent\u00e3o est\u00e1 resumido o problema, n\u00e3o pode ser assim. N\u00f3s temos consci\u00eancia, os advogados mais antigos e os mais jovens, porque n\u00f3s temos que construir esse pa\u00eds, \u00e9 para o futuro. Eu estava h\u00e1 oito anos afastado e estou voltando pela responsabilidade que tenho porque n\u00e3o \u00e9 essa a OAB que eu quero\u201d, concluiu Dr. Raimundo.<br>Em seguida falou o anfitri\u00e3o Dr. Thomas Law, salientando que o momento agora \u00e9 discutir a parte tradicional da advocacia com a parte moderna, as redes sociais, influencies digitais e cidadania. Para ele, no ano que vem, quando haver\u00e1 elei\u00e7\u00f5es para a presid\u00eancia da OAB, \u00e9 imprescind\u00edvel o desenvolvimento e prepara\u00e7\u00e3o para enfrentar os novos desafios.<br>O presidente da 125\u00aa Subse\u00e7\u00e3o OAB-Santana, Dr. Piter, informou que \u00e9 a sexta maior do estado que tem 251 subse\u00e7\u00f5es e hoje s\u00e3o 7548 advogados. Disse que vem escutando muito a jovem advocacia e os decanos e de vez enquanto tem se que olhar no retrovisor. A OAB tem que ser unida e que n\u00e3o pode acreditar que a cada tr\u00eas anos se gastem milh\u00f5es para a elei\u00e7\u00e3o da OAB, \u00e9 uma verdadeira guerra, verdadeira batalha. J\u00e1 chegou ao c\u00famulo de falar que \u00e9 utopia, voc\u00ea \u00e9 um sonhador e que gostaria de ouvir todas as lideran\u00e7as na sala Oval da entidade e todos aqueles que j\u00e1 se lan\u00e7aram a candidatos, aqueles que querem se lan\u00e7ar candidatos, reunir todos ali e trancar e jogar a chave fora e s\u00f3 iremos sair daqui na hora em que estivermos conversados e na hora em que a OAB come\u00e7ar a entrar nos eixos. N\u00f3s vemos a\u00ed acidente de motoboys e eles todos param para socorrer, enquanto a OAB \u00e9 desunida e, quando acontece com o advogado, a advocacia se cala. Est\u00e1 na hora de pararmos de olhar para o nosso pr\u00f3prio umbigo e de pensarmos a advocacia como um todo, advocacia para a advocacia, falou o Dr. Piter.<br>A vereadora Edir Sales cumprimentou as autoridades e p\u00fablico presente e lembrou que o Dr. Thomas Law foi laureado este ano com umas das maiores honrarias da C\u00e2mara Municipal de S\u00e3o Paulo, a Medalha Anchieta, por tudo que faz pela \u00e1rea jur\u00eddica e social e caridade, tendo sido uma das sess\u00f5es mais emocionantes at\u00e9 hoje. Falou ainda que o Dr. Hermes Barbosa \u00e9 uma grande figura, um dos fundadores da FADESPRASIL.<br>Ainda falaram o professor Roque Cortes Pereira e a Dra. Raquel, delegada de Pol\u00edcia, entre outros convidados que enalteceram a solenidade. Terminadas as solenidades, foi servido o jantar no sal\u00e3o nobre do Ibrawork.<\/p>\n\n\n\n<figure class=\"wp-block-gallery has-nested-images columns-default is-cropped wp-block-gallery-1 is-layout-flex wp-block-gallery-is-layout-flex\">\n<figure class=\"wp-block-image size-large\"><img fetchpriority=\"high\" decoding=\"async\" width=\"1024\" height=\"682\" data-id=\"16357\" src=\"https:\/\/novosaopaulo.com.br\/n1\/wp-content\/uploads\/2023\/12\/WhatsApp-Image-2023-12-13-at-21.19.14-1024x682.jpeg\" alt=\"\" class=\"wp-image-16357\" srcset=\"https:\/\/novosaopaulo.com.br\/n1\/wp-content\/uploads\/2023\/12\/WhatsApp-Image-2023-12-13-at-21.19.14-1024x682.jpeg 1024w, https:\/\/novosaopaulo.com.br\/n1\/wp-content\/uploads\/2023\/12\/WhatsApp-Image-2023-12-13-at-21.19.14-300x200.jpeg 300w, https:\/\/novosaopaulo.com.br\/n1\/wp-content\/uploads\/2023\/12\/WhatsApp-Image-2023-12-13-at-21.19.14-768x512.jpeg 768w, https:\/\/novosaopaulo.com.br\/n1\/wp-content\/uploads\/2023\/12\/WhatsApp-Image-2023-12-13-at-21.19.14-1536x1023.jpeg 1536w, https:\/\/novosaopaulo.com.br\/n1\/wp-content\/uploads\/2023\/12\/WhatsApp-Image-2023-12-13-at-21.19.14.jpeg 1600w\" sizes=\"(max-width: 1024px) 100vw, 1024px\" \/><\/figure>\n\n\n\n<figure class=\"wp-block-image size-large\"><img decoding=\"async\" width=\"1024\" height=\"682\" data-id=\"16360\" src=\"https:\/\/novosaopaulo.com.br\/n1\/wp-content\/uploads\/2023\/12\/WhatsApp-Image-2023-12-13-at-21.19.15-1-1024x682.jpeg\" alt=\"\" class=\"wp-image-16360\" srcset=\"https:\/\/novosaopaulo.com.br\/n1\/wp-content\/uploads\/2023\/12\/WhatsApp-Image-2023-12-13-at-21.19.15-1-1024x682.jpeg 1024w, https:\/\/novosaopaulo.com.br\/n1\/wp-content\/uploads\/2023\/12\/WhatsApp-Image-2023-12-13-at-21.19.15-1-300x200.jpeg 300w, https:\/\/novosaopaulo.com.br\/n1\/wp-content\/uploads\/2023\/12\/WhatsApp-Image-2023-12-13-at-21.19.15-1-768x512.jpeg 768w, https:\/\/novosaopaulo.com.br\/n1\/wp-content\/uploads\/2023\/12\/WhatsApp-Image-2023-12-13-at-21.19.15-1-1536x1023.jpeg 1536w, https:\/\/novosaopaulo.com.br\/n1\/wp-content\/uploads\/2023\/12\/WhatsApp-Image-2023-12-13-at-21.19.15-1.jpeg 1600w\" sizes=\"(max-width: 1024px) 100vw, 1024px\" \/><\/figure>\n\n\n\n<figure class=\"wp-block-image size-large\"><img decoding=\"async\" width=\"1024\" height=\"682\" data-id=\"16361\" src=\"https:\/\/novosaopaulo.com.br\/n1\/wp-content\/uploads\/2023\/12\/WhatsApp-Image-2023-12-13-at-21.19.15-2-1024x682.jpeg\" alt=\"\" class=\"wp-image-16361\" srcset=\"https:\/\/novosaopaulo.com.br\/n1\/wp-content\/uploads\/2023\/12\/WhatsApp-Image-2023-12-13-at-21.19.15-2-1024x682.jpeg 1024w, https:\/\/novosaopaulo.com.br\/n1\/wp-content\/uploads\/2023\/12\/WhatsApp-Image-2023-12-13-at-21.19.15-2-300x200.jpeg 300w, https:\/\/novosaopaulo.com.br\/n1\/wp-content\/uploads\/2023\/12\/WhatsApp-Image-2023-12-13-at-21.19.15-2-768x512.jpeg 768w, https:\/\/novosaopaulo.com.br\/n1\/wp-content\/uploads\/2023\/12\/WhatsApp-Image-2023-12-13-at-21.19.15-2-1536x1023.jpeg 1536w, https:\/\/novosaopaulo.com.br\/n1\/wp-content\/uploads\/2023\/12\/WhatsApp-Image-2023-12-13-at-21.19.15-2.jpeg 1600w\" sizes=\"(max-width: 1024px) 100vw, 1024px\" \/><\/figure>\n\n\n\n<figure class=\"wp-block-image size-large\"><img loading=\"lazy\" decoding=\"async\" width=\"1024\" height=\"682\" data-id=\"16358\" src=\"https:\/\/novosaopaulo.com.br\/n1\/wp-content\/uploads\/2023\/12\/WhatsApp-Image-2023-12-13-at-21.19.15-3-1024x682.jpeg\" alt=\"\" class=\"wp-image-16358\" srcset=\"https:\/\/novosaopaulo.com.br\/n1\/wp-content\/uploads\/2023\/12\/WhatsApp-Image-2023-12-13-at-21.19.15-3-1024x682.jpeg 1024w, https:\/\/novosaopaulo.com.br\/n1\/wp-content\/uploads\/2023\/12\/WhatsApp-Image-2023-12-13-at-21.19.15-3-300x200.jpeg 300w, https:\/\/novosaopaulo.com.br\/n1\/wp-content\/uploads\/2023\/12\/WhatsApp-Image-2023-12-13-at-21.19.15-3-768x512.jpeg 768w, https:\/\/novosaopaulo.com.br\/n1\/wp-content\/uploads\/2023\/12\/WhatsApp-Image-2023-12-13-at-21.19.15-3-1536x1023.jpeg 1536w, https:\/\/novosaopaulo.com.br\/n1\/wp-content\/uploads\/2023\/12\/WhatsApp-Image-2023-12-13-at-21.19.15-3.jpeg 1600w\" sizes=\"(max-width: 1024px) 100vw, 1024px\" \/><\/figure>\n\n\n\n<figure class=\"wp-block-image size-large\"><img loading=\"lazy\" decoding=\"async\" width=\"1024\" height=\"682\" data-id=\"16362\" src=\"https:\/\/novosaopaulo.com.br\/n1\/wp-content\/uploads\/2023\/12\/WhatsApp-Image-2023-12-13-at-21.19.15-4-1024x682.jpeg\" alt=\"\" class=\"wp-image-16362\" srcset=\"https:\/\/novosaopaulo.com.br\/n1\/wp-content\/uploads\/2023\/12\/WhatsApp-Image-2023-12-13-at-21.19.15-4-1024x682.jpeg 1024w, https:\/\/novosaopaulo.com.br\/n1\/wp-content\/uploads\/2023\/12\/WhatsApp-Image-2023-12-13-at-21.19.15-4-300x200.jpeg 300w, https:\/\/novosaopaulo.com.br\/n1\/wp-content\/uploads\/2023\/12\/WhatsApp-Image-2023-12-13-at-21.19.15-4-768x512.jpeg 768w, https:\/\/novosaopaulo.com.br\/n1\/wp-content\/uploads\/2023\/12\/WhatsApp-Image-2023-12-13-at-21.19.15-4-1536x1023.jpeg 1536w, https:\/\/novosaopaulo.com.br\/n1\/wp-content\/uploads\/2023\/12\/WhatsApp-Image-2023-12-13-at-21.19.15-4.jpeg 1600w\" sizes=\"(max-width: 1024px) 100vw, 1024px\" \/><\/figure>\n\n\n\n<figure class=\"wp-block-image size-large\"><img loading=\"lazy\" decoding=\"async\" width=\"1024\" height=\"682\" data-id=\"16359\" src=\"https:\/\/novosaopaulo.com.br\/n1\/wp-content\/uploads\/2023\/12\/WhatsApp-Image-2023-12-13-at-21.19.15-1024x682.jpeg\" alt=\"\" class=\"wp-image-16359\" srcset=\"https:\/\/novosaopaulo.com.br\/n1\/wp-content\/uploads\/2023\/12\/WhatsApp-Image-2023-12-13-at-21.19.15-1024x682.jpeg 1024w, https:\/\/novosaopaulo.com.br\/n1\/wp-content\/uploads\/2023\/12\/WhatsApp-Image-2023-12-13-at-21.19.15-300x200.jpeg 300w, https:\/\/novosaopaulo.com.br\/n1\/wp-content\/uploads\/2023\/12\/WhatsApp-Image-2023-12-13-at-21.19.15-768x512.jpeg 768w, https:\/\/novosaopaulo.com.br\/n1\/wp-content\/uploads\/2023\/12\/WhatsApp-Image-2023-12-13-at-21.19.15-1536x1023.jpeg 1536w, https:\/\/novosaopaulo.com.br\/n1\/wp-content\/uploads\/2023\/12\/WhatsApp-Image-2023-12-13-at-21.19.15.jpeg 1600w\" sizes=\"(max-width: 1024px) 100vw, 1024px\" \/><\/figure>\n<\/figure>\n","protected":false},"excerpt":{"rendered":"<p>Bonito evento foi realizado dia 12 de dezembro no audit\u00f3rio IBRAWORK, Rua Augusta, 1917, S\u00e3o&#8230;<\/p>\n","protected":false},"author":1,"featured_media":16359,"comment_status":"open","ping_status":"open","sticky":false,"template":"","format":"standard","meta":{"footnotes":""},"categories":[2],"tags":[],"featured_image_urls":{"full":["https:\/\/novosaopaulo.com.br\/n1\/wp-content\/uploads\/2023\/12\/WhatsApp-Image-2023-12-13-at-21.19.15.jpeg",1600,1066,false],"thumbnail":["https:\/\/novosaopaulo.com.br\/n1\/wp-content\/uploads\/2023\/12\/WhatsApp-Image-2023-12-13-at-21.19.15-150x150.jpeg",150,150,true],"medium":["https:\/\/novosaopaulo.com.br\/n1\/wp-content\/uploads\/2023\/12\/WhatsApp-Image-2023-12-13-at-21.19.15-300x200.jpeg",300,200,true],"medium_large":["https:\/\/novosaopaulo.com.br\/n1\/wp-content\/uploads\/2023\/12\/WhatsApp-Image-2023-12-13-at-21.19.15-768x512.jpeg",640,427,true],"large":["https:\/\/novosaopaulo.com.br\/n1\/wp-content\/uploads\/2023\/12\/WhatsApp-Image-2023-12-13-at-21.19.15-1024x682.jpeg",640,426,true],"1536x1536":["https:\/\/novosaopaulo.com.br\/n1\/wp-content\/uploads\/2023\/12\/WhatsApp-Image-2023-12-13-at-21.19.15-1536x1023.jpeg",1536,1023,true],"2048x2048":["https:\/\/novosaopaulo.com.br\/n1\/wp-content\/uploads\/2023\/12\/WhatsApp-Image-2023-12-13-at-21.19.15.jpeg",1600,1066,false],"newsever-slider-full":["https:\/\/novosaopaulo.com.br\/n1\/wp-content\/uploads\/2023\/12\/WhatsApp-Image-2023-12-13-at-21.19.15-1280x845.jpeg",1280,845,true],"newsever-featured":["https:\/\/novosaopaulo.com.br\/n1\/wp-content\/uploads\/2023\/12\/WhatsApp-Image-2023-12-13-at-21.19.15-1024x682.jpeg",1024,682,true],"newsever-medium":["https:\/\/novosaopaulo.com.br\/n1\/wp-content\/uploads\/2023\/12\/WhatsApp-Image-2023-12-13-at-21.19.15-720x475.jpeg",720,475,true]},"author_info":{"display_name":"Reda\u00e7\u00e3o","author_link":"https:\/\/novosaopaulo.com.br\/n1\/author\/g5poa\/"},"category_info":"<a href=\"https:\/\/novosaopaulo.com.br\/n1\/category\/cidades\/\" rel=\"category tag\">Cidades<\/a>","tag_info":"Cidades","comment_count":"0","_links":{"self":[{"href":"https:\/\/novosaopaulo.com.br\/n1\/wp-json\/wp\/v2\/posts\/16356"}],"collection":[{"href":"https:\/\/novosaopaulo.com.br\/n1\/wp-json\/wp\/v2\/posts"}],"about":[{"href":"https:\/\/novosaopaulo.com.br\/n1\/wp-json\/wp\/v2\/types\/post"}],"author":[{"embeddable":true,"href":"https:\/\/novosaopaulo.com.br\/n1\/wp-json\/wp\/v2\/users\/1"}],"replies":[{"embeddable":true,"href":"https:\/\/novosaopaulo.com.br\/n1\/wp-json\/wp\/v2\/comments?post=16356"}],"version-history":[{"count":2,"href":"https:\/\/novosaopaulo.com.br\/n1\/wp-json\/wp\/v2\/posts\/16356\/revisions"}],"predecessor-version":[{"id":16367,"href":"https:\/\/novosaopaulo.com.br\/n1\/wp-json\/wp\/v2\/posts\/16356\/revisions\/16367"}],"wp:featuredmedia":[{"embeddable":true,"href":"https:\/\/novosaopaulo.com.br\/n1\/wp-json\/wp\/v2\/media\/16359"}],"wp:attachment":[{"href":"https:\/\/novosaopaulo.com.br\/n1\/wp-json\/wp\/v2\/media?parent=16356"}],"wp:term":[{"taxonomy":"category","embeddable":true,"href":"https:\/\/novosaopaulo.com.br\/n1\/wp-json\/wp\/v2\/categories?post=16356"},{"taxonomy":"post_tag","embeddable":true,"href":"https:\/\/novosaopaulo.com.br\/n1\/wp-json\/wp\/v2\/tags?post=16356"}],"curies":[{"name":"wp","href":"https:\/\/api.w.org\/{rel}","templated":true}]}}