{"id":16314,"date":"2023-12-11T22:13:22","date_gmt":"2023-12-12T01:13:22","guid":{"rendered":"https:\/\/novosaopaulo.com.br\/n1\/?p=16314"},"modified":"2023-12-11T22:13:22","modified_gmt":"2023-12-12T01:13:22","slug":"em-sp-ocupacao-sobe-11-e-desemprego-cai-no-3o-trimestre","status":"publish","type":"post","link":"https:\/\/novosaopaulo.com.br\/n1\/em-sp-ocupacao-sobe-11-e-desemprego-cai-no-3o-trimestre\/","title":{"rendered":"Em SP, ocupa\u00e7\u00e3o sobe 1,1% e desemprego cai no 3\u00ba trimestre"},"content":{"rendered":"\n<p>Levantamento da Funda\u00e7\u00e3o Seade mostra que 24,2 milh\u00f5es de paulistas estavam trabalhando regularmente entre julho e setembro deste ano<\/p>\n\n\n\n<p>Dados da Funda\u00e7\u00e3o Seade mostram que o total de ocupados no mercado de trabalho em todo o estado de S\u00e3o Paulo chegou a 24,2 milh\u00f5es, aumentando 1,1% entre o segundo e o terceiro trimestre de 2023. A ocupa\u00e7\u00e3o cresceu nos servi\u00e7os (272 mil), no com\u00e9rcio (62 mil) e na constru\u00e7\u00e3o (8 mil), caiu na agricultura (-8 mil) e na ind\u00fastria (-63 mil) e permaneceu est\u00e1vel nos servi\u00e7os dom\u00e9sticos. As 268 mil novas ocupa\u00e7\u00f5es resultaram do acr\u00e9scimo de 100 mil empregos com carteira assinada e 168 mil vagas informais.<\/p>\n\n\n\n<p>\u201cNosso governo tem di\u00e1logo aberto e franco com todos os que se disp\u00f5em a empreender em S\u00e3o Paulo, movimentando a nossa economia sempre para a frente. Desenvolvimento que gera mais emprego, oportunidades e que garante dignidade aos paulistas. Estamos sempre prontos para facilitar a vida dos empreendedores que acreditam no nosso povo e no nosso estado\u201d, afirmou o governador Tarc\u00edsio de Freitas.<\/p>\n\n\n\n<p>Entre o segundo e o terceiro trimestre de 2023, a taxa de desocupa\u00e7\u00e3o diminuiu de 7,8% para 7,1% e a taxa composta de subutiliza\u00e7\u00e3o da for\u00e7a de trabalho passou de 14,8% para 13,8%. Entre julho e setembro, 1,9 milh\u00e3o de pessoas estavam desocupadas.<\/p>\n\n\n\n<p>O rendimento efetivo m\u00e9dio dos ocupados chegou a R$ 3.568, subindo 1,3% em rela\u00e7\u00e3o ao segundo trimestre deste ano e 4,1% na compara\u00e7\u00e3o com o per\u00edodo entre julho e setembro de 2022.<\/p>\n\n\n\n<p>Grande SP<\/p>\n\n\n\n<p>Na capital e munic\u00edpios da Grande S\u00e3o Paulo, a for\u00e7a de trabalho foi estimada em 12,6 milh\u00f5es de pessoas, com acr\u00e9scimo de 0,8% entre o segundo e o terceiro trimestre. Na compara\u00e7\u00e3o com os meses de julho, agosto e setembro de 2022, houve aumento de 0,7% \u2013acr\u00e9scimo de 92 mil pessoas.<\/p>\n\n\n\n<p>O contingente de ocupados na regi\u00e3o metropolitana da capital soma 11,6 milh\u00f5es de pessoas, subindo 2,1% em rela\u00e7\u00e3o ao trimestre anterior. Houve amplia\u00e7\u00e3o nos servi\u00e7os (315 mil) e, em menor medida, nos servi\u00e7os dom\u00e9sticos (4 mil) e redu\u00e7\u00e3o no com\u00e9rcio (-49 mil), ind\u00fastria (-11 mil), constru\u00e7\u00e3o (-10 mil) e agricultura (-6 mil). O aumento do n\u00famero de ocupados est\u00e1 ligado ao acr\u00e9scimo de 146 mil empregos formais e 90 mil informais.<\/p>\n\n\n\n<p>No terceiro trimestre, a Grande S\u00e3o Paulo tinha 1 milh\u00e3o de desocupados, com retra\u00e7\u00e3o de 135 mil pessoas em rela\u00e7\u00e3o aos tr\u00eas meses anteriores. Entre os dois trimestres, a taxa de desocupa\u00e7\u00e3o passou de 9,4% para 8,3%, e a taxa composta de subutiliza\u00e7\u00e3o da for\u00e7a de trabalho caiu de 16,1% para 14,8%.<\/p>\n\n\n\n<p>O rendimento efetivo m\u00e9dio dos ocupados foi a R$ 4.263 e praticamente n\u00e3o variou (-0,2%) em rela\u00e7\u00e3o ao segundo trimestre de 2023, mas subiu 7,9% na compara\u00e7\u00e3o com o intervalo entre julho e setembro do ano passado.<\/p>\n\n\n\n<p>Interior e litoral<\/p>\n\n\n\n<p>Nos munic\u00edpios paulistas do interior e litoral, a for\u00e7a de trabalho foi estimada em 13,4 milh\u00f5es de pessoas entre julho e setembro, permanecendo est\u00e1vel em rela\u00e7\u00e3o ao trimestre anterior. Na compara\u00e7\u00e3o ao mesmo per\u00edodo de 2022, houve queda de 1,2%, o equivalente a 159 mil pessoas.<\/p>\n\n\n\n<p>O contingente de ocupados fora da Grande S\u00e3o Paulo chegou a 12,6 milh\u00f5es, permanecendo em relativa estabilidade (0,3%) em rela\u00e7\u00e3o aos meses de abril, maio e junho. Houve aumento no com\u00e9rcio (111 mil) e na constru\u00e7\u00e3o (18 mil), com redu\u00e7\u00e3o na ind\u00fastria (-52 mil), servi\u00e7os (-42 mil) e, em menor propor\u00e7\u00e3o, nos servi\u00e7os dom\u00e9sticos (-3 mil) e na agricultura (-1 mil). As 32 mil novas ocupa\u00e7\u00f5es resultaram do acr\u00e9scimo de 77 mil ocupados sem carteira assinada e da redu\u00e7\u00e3o de 45 mil vagas formais.<\/p>\n\n\n\n<p>O n\u00famero de desocupados no interior e litoral chegou a 816 mil pessoas, diminuindo 4,1% em rela\u00e7\u00e3o ao segundo trimestre deste ano. A taxa de desocupa\u00e7\u00e3o caiu de 6,3% para 6,1%, e a taxa composta de subutiliza\u00e7\u00e3o da for\u00e7a de trabalho passou de 13,7% para 13,0% entre os dois \u00faltimos trimestres.<\/p>\n\n\n\n<p>O rendimento efetivo m\u00e9dio dos ocupados foi de R$ 2.933, um aumento de 2,9% entre o segundo e o terceiro trimestre de 2023, com leve decr\u00e9scimo de 0,7% na compara\u00e7\u00e3o do per\u00edodo entre julho e setembro do ano passado.<\/p>\n\n\n\n<p>Capital<\/p>\n\n\n\n<p>A for\u00e7a de trabalho na cidade de S\u00e3o Paulo foi estimada em 7,2 milh\u00f5es de pessoas, ficando relativamente est\u00e1vel (-0,2%) entre o segundo e o terceiro trimestre deste ano. Na compara\u00e7\u00e3o com o terceiro trimestre de 2022, houve aumento de 1%, o equivalente a 68 mil pessoas.<\/p>\n\n\n\n<p>O contingente de ocupados na capital foi estimado em 6,6 milh\u00f5es, subindo 1,5% em rela\u00e7\u00e3o ao trimestre anterior. Houve aumento em servi\u00e7os (169 mil), ind\u00fastria (52 mil) e servi\u00e7os dom\u00e9sticos (15 mil), al\u00e9m de redu\u00e7\u00e3o no com\u00e9rcio (-103 mil), constru\u00e7\u00e3o (-24 mil) e na agricultura (-7 mil). As 100 mil novas ocupa\u00e7\u00f5es paulistanas v\u00eam do aumento de 94 mil ocupados de forma informal e outros 6 mil trabalhadores em vagas com registro.<\/p>\n\n\n\n<p>A estimativa do n\u00famero de desocupados na cidade de S\u00e3o Paulo foi de 545 mil pessoas entre julho e setembro, com queda em rela\u00e7\u00e3o aos tr\u00eas meses anteriores. A taxa de desocupa\u00e7\u00e3o teve retra\u00e7\u00e3o de 9,1% para 7,6%, e a taxa composta de subutiliza\u00e7\u00e3o da for\u00e7a de trabalho passou de 15,2% para 14,8% entre os dois \u00faltimos trimestres.<\/p>\n\n\n\n<p>O rendimento efetivo m\u00e9dio dos ocupados na capital foi de R$ 4.966, aumentando 0,7% em rela\u00e7\u00e3o ao segundo trimestre e 7,5% em rela\u00e7\u00e3o ao per\u00edodo entre julho e setembro de 2022.<\/p>\n\n\n\n<p>Sobre o estudo<\/p>\n\n\n\n<p>O Seade Trabalho analisa a evolu\u00e7\u00e3o do mercado de trabalho em regi\u00f5es e munic\u00edpios do estado de S\u00e3o Paulo. A cada m\u00eas, a movimenta\u00e7\u00e3o dos empregos formais \u00e9 atualizada por meio de dados das empresas constantes no Novo Caged, do Minist\u00e9rio do Trabalho e Emprego.<\/p>\n\n\n\n<p>Trimestralmente, a Pesquisa Nacional por Amostra de Domic\u00edlios Cont\u00ednua (PNAD-C), produzida pelo IBGE a partir de informa\u00e7\u00f5es domiciliares, permite estimar a desocupa\u00e7\u00e3o, a subutiliza\u00e7\u00e3o da for\u00e7a de trabalho, os rendimentos e outras formas de ocupa\u00e7\u00e3o da popula\u00e7\u00e3o paulista.<\/p>\n\n\n\n<p>Pesquisa completa:<br>https:\/\/trabalho.seade.gov.br\/wp-content\/uploads\/sites\/13\/2023\/12\/seadeTrabalho-ocupacao-rendimento-aumento-ocupacao-reducao-desocupacao-terceiro-trimestre.pdf<\/p>\n","protected":false},"excerpt":{"rendered":"<p>Levantamento da Funda\u00e7\u00e3o Seade mostra que 24,2 milh\u00f5es de paulistas estavam trabalhando regularmente entre julho&#8230;<\/p>\n","protected":false},"author":1,"featured_media":16315,"comment_status":"open","ping_status":"open","sticky":false,"template":"","format":"standard","meta":{"footnotes":""},"categories":[2],"tags":[],"featured_image_urls":{"full":["https:\/\/novosaopaulo.com.br\/n1\/wp-content\/uploads\/2023\/12\/PNAD-Tri_HOME_paulo_pinto_fotos_publicas.jpg",875,485,false],"thumbnail":["https:\/\/novosaopaulo.com.br\/n1\/wp-content\/uploads\/2023\/12\/PNAD-Tri_HOME_paulo_pinto_fotos_publicas-150x150.jpg",150,150,true],"medium":["https:\/\/novosaopaulo.com.br\/n1\/wp-content\/uploads\/2023\/12\/PNAD-Tri_HOME_paulo_pinto_fotos_publicas-300x166.jpg",300,166,true],"medium_large":["https:\/\/novosaopaulo.com.br\/n1\/wp-content\/uploads\/2023\/12\/PNAD-Tri_HOME_paulo_pinto_fotos_publicas-768x426.jpg",640,355,true],"large":["https:\/\/novosaopaulo.com.br\/n1\/wp-content\/uploads\/2023\/12\/PNAD-Tri_HOME_paulo_pinto_fotos_publicas.jpg",640,355,false],"1536x1536":["https:\/\/novosaopaulo.com.br\/n1\/wp-content\/uploads\/2023\/12\/PNAD-Tri_HOME_paulo_pinto_fotos_publicas.jpg",875,485,false],"2048x2048":["https:\/\/novosaopaulo.com.br\/n1\/wp-content\/uploads\/2023\/12\/PNAD-Tri_HOME_paulo_pinto_fotos_publicas.jpg",875,485,false],"newsever-slider-full":["https:\/\/novosaopaulo.com.br\/n1\/wp-content\/uploads\/2023\/12\/PNAD-Tri_HOME_paulo_pinto_fotos_publicas.jpg",875,485,false],"newsever-featured":["https:\/\/novosaopaulo.com.br\/n1\/wp-content\/uploads\/2023\/12\/PNAD-Tri_HOME_paulo_pinto_fotos_publicas.jpg",875,485,false],"newsever-medium":["https:\/\/novosaopaulo.com.br\/n1\/wp-content\/uploads\/2023\/12\/PNAD-Tri_HOME_paulo_pinto_fotos_publicas-720x475.jpg",720,475,true]},"author_info":{"display_name":"Reda\u00e7\u00e3o","author_link":"https:\/\/novosaopaulo.com.br\/n1\/author\/g5poa\/"},"category_info":"<a href=\"https:\/\/novosaopaulo.com.br\/n1\/category\/cidades\/\" rel=\"category tag\">Cidades<\/a>","tag_info":"Cidades","comment_count":"0","_links":{"self":[{"href":"https:\/\/novosaopaulo.com.br\/n1\/wp-json\/wp\/v2\/posts\/16314"}],"collection":[{"href":"https:\/\/novosaopaulo.com.br\/n1\/wp-json\/wp\/v2\/posts"}],"about":[{"href":"https:\/\/novosaopaulo.com.br\/n1\/wp-json\/wp\/v2\/types\/post"}],"author":[{"embeddable":true,"href":"https:\/\/novosaopaulo.com.br\/n1\/wp-json\/wp\/v2\/users\/1"}],"replies":[{"embeddable":true,"href":"https:\/\/novosaopaulo.com.br\/n1\/wp-json\/wp\/v2\/comments?post=16314"}],"version-history":[{"count":1,"href":"https:\/\/novosaopaulo.com.br\/n1\/wp-json\/wp\/v2\/posts\/16314\/revisions"}],"predecessor-version":[{"id":16316,"href":"https:\/\/novosaopaulo.com.br\/n1\/wp-json\/wp\/v2\/posts\/16314\/revisions\/16316"}],"wp:featuredmedia":[{"embeddable":true,"href":"https:\/\/novosaopaulo.com.br\/n1\/wp-json\/wp\/v2\/media\/16315"}],"wp:attachment":[{"href":"https:\/\/novosaopaulo.com.br\/n1\/wp-json\/wp\/v2\/media?parent=16314"}],"wp:term":[{"taxonomy":"category","embeddable":true,"href":"https:\/\/novosaopaulo.com.br\/n1\/wp-json\/wp\/v2\/categories?post=16314"},{"taxonomy":"post_tag","embeddable":true,"href":"https:\/\/novosaopaulo.com.br\/n1\/wp-json\/wp\/v2\/tags?post=16314"}],"curies":[{"name":"wp","href":"https:\/\/api.w.org\/{rel}","templated":true}]}}