{"id":16222,"date":"2023-12-06T08:35:04","date_gmt":"2023-12-06T11:35:04","guid":{"rendered":"https:\/\/novosaopaulo.com.br\/n1\/?p=16222"},"modified":"2023-12-06T08:35:04","modified_gmt":"2023-12-06T11:35:04","slug":"rede-cidade-digital-seleciona-14-prefeitos-inovadores-na-regiao-de-aracatuba","status":"publish","type":"post","link":"https:\/\/novosaopaulo.com.br\/n1\/rede-cidade-digital-seleciona-14-prefeitos-inovadores-na-regiao-de-aracatuba\/","title":{"rendered":"Rede Cidade Digital seleciona 14 Prefeitos Inovadores na regi\u00e3o de Ara\u00e7atuba"},"content":{"rendered":"\n<p>Reconhecimento ocorrer\u00e1 durante o F\u00f3rum de Cidades Digitais e Inteligentes na quinta-feira (07)<\/p>\n\n\n\n<p>Quatorze prefeitos na regi\u00e3o noroeste paulista foram selecionados pela Rede Cidade Digital (RCD) para o recebimento do t\u00edtulo de Prefeito Inovador 2023 durante o F\u00f3rum de Cidades Digitais e Inteligentes de Ara\u00e7atuba, que ser\u00e1 realizado na pr\u00f3xima quinta-feira (07), no audit\u00f3rio do SEST SENAT.<\/p>\n\n\n\n<p>O encontro, promovido pela Rede Cidade Digital em parceria com a Prefeitura de Ara\u00e7atuba, por meio da Secretaria de Desenvolvimento Econ\u00f4mico e Rela\u00e7\u00f5es do Trabalho, re\u00fane prefeitos, gestores, servidores, vereadores e especialistas, para tratar da oferta de melhores servi\u00e7os \u00e0 popula\u00e7\u00e3o atrav\u00e9s da transforma\u00e7\u00e3o digital das administra\u00e7\u00f5es municipais.<\/p>\n\n\n\n<p>Para a sele\u00e7\u00e3o dos Prefeitos Inovadores (confira a rela\u00e7\u00e3o abaixo), foram considerados diversos fatores entre eles a utiliza\u00e7\u00e3o da tecnologia e inova\u00e7\u00e3o de forma estrat\u00e9gica na gest\u00e3o p\u00fablica atrav\u00e9s de a\u00e7\u00f5es implantadas na atual gest\u00e3o (2020-2024) e que est\u00e3o contribuindo na melhoria da presta\u00e7\u00e3o de servi\u00e7os e qualidade de vida do mun\u00edcipe. \u201cValoriza os gestores que est\u00e3o utilizando a tecnologia como estrat\u00e9gica para tomada de decis\u00e3o e facilitar a vida das pessoas\u201d, destaca o diretor da RCD, Jos\u00e9 Marinho.<\/p>\n\n\n\n<p>Programa\u00e7\u00e3o \u2013 Prefeitos e gestores de Ara\u00e7atuba, Castilho, Birigui, Pen\u00e1polis e de Promiss\u00e3o compartilham os avan\u00e7os tecnol\u00f3gicos e mostram como as cidades t\u00eam investido em tecnologia e inova\u00e7\u00e3o visando melhorar o atendimento ao cidad\u00e3o.,<\/p>\n\n\n\n<p>O fomento ao turismo inteligente nas cidades e \u00e0 cultura de inova\u00e7\u00e3o tamb\u00e9m s\u00e3o temas tratados no evento. As inscri\u00e7\u00f5es para o F\u00f3rum de Cidades Digitais e Inteligentes de Ara\u00e7atuba s\u00e3o gratuitas para servidores p\u00fablicos, entidades, vereadores e universidades e devem ser feitas pelo sympla.com.br\/rcd. As vagas s\u00e3o limitadas.<\/p>\n\n\n\n<p>No evento, os gestores tamb\u00e9m poder\u00e3o conhecer solu\u00e7\u00f5es disponibilizadas pelas empresas 1Doc, Placarsoft, Softplan, Aprova, iFractal, Sonner, Evolution Tecnologia Funer\u00e1ria e House Tecnologia. O evento tem o apoio do Gerar e da VotiValley.<\/p>\n\n\n\n<p>Confira a rela\u00e7\u00e3o dos Prefeitos Inovadores 2023 \u2013 Regi\u00e3o de Ara\u00e7atuba<\/p>\n\n\n\n<p>PREFEITO INOVADOR PREFEITO PROJETO<br>ARA\u00c7ATUBA Dilador Borges ARA\u00c7ATUBA DIGITAL<br>BIRIGUI Leandro Maffeis Milani SISTEMA DE MONITORAMENTO POR C\u00c2MERAS EM TODAS AS ESCOLAS MUNIC\u00cdPAIS<br>PEN\u00c1POLIS Caique Rossi IMPLEMENTA\u00c7\u00c3O DE SISTEMA INTEGRADO DE GEST\u00c3O E INFORMA\u00c7\u00c3O<br>CASTILHO Paulo Duarte Boaventura IMPLEMENTA\u00c7\u00c3O DE CENTRO DE MONITORAMENTO E CONTROLE DE FROTA<br>FLOREAL Norival Francisco Garcis J\u00fanior DISPONIBILIZA\u00c7\u00c3O DE AULAS DE ROB\u00d3TICA<br>ILHA SOLTEIRA Ot\u00e1vio Augusto Giantomassi Gomes ENTREGA DE NOTEBOOKS A \u00c1REA DA EDUCA\u00c7\u00c3O<br>PEREIRA BARRETO Jo\u00e3o de Altayr Domingues INSTALA\u00c7\u00c3O DE ILUMINA\u00c7\u00c3O DE LED NO MUNIC\u00cdPIO<br>AURIFLAMA Katia Concei\u00e7\u00e3o Morita de Carvalho INSTALA\u00c7\u00c3O DE ILUMINA\u00c7\u00c3O DE LED NO MUIC\u00cdPIO<br>PROMISS\u00c3O Artur Manoel Nogueira Franco IMPLEMENTA\u00c7\u00c3O DE SALAS MAKERS NAS ESCOLAS MUNICIPAIS<br>NOVA INDEPEND\u00caNCIA Fernando Macchi Santana AQUISI\u00c7\u00c3O DE LOUSAS INTERATIVAS<br>MONTE APRAZ\u00cdVEL M\u00e1rcio Miguel DISPONIBILIZA\u00c7\u00c3O DE TELEMEDICINA NO MUNIC\u00cdPIO<br>MURUTINGA DO SUL Cristiano Eleut\u00e9rio Soares da Silva ENTREGA DE NOTEBOOKS A \u00c1REA DA EDUCA\u00c7\u00c3O<br>BURITAMA Rodrigo Zacarias dos Santos INSTALA\u00c7\u00c3O DE C\u00c2MERAS DE VIDEOMONITORAMENTO NO MUNIC\u00cdPIO<br>SUZAN\u00c1POLIS Jos\u00e9 Luiz Gava INSTALA\u00c7\u00c3O DE ILUMINA\u00c7\u00c3O DE LED NO MUNIC\u00cdPIO<\/p>\n","protected":false},"excerpt":{"rendered":"<p>Reconhecimento ocorrer\u00e1 durante o F\u00f3rum de Cidades Digitais e Inteligentes na quinta-feira (07) Quatorze prefeitos&#8230;<\/p>\n","protected":false},"author":1,"featured_media":16223,"comment_status":"open","ping_status":"open","sticky":false,"template":"","format":"standard","meta":{"footnotes":""},"categories":[2],"tags":[],"featured_image_urls":{"full":["https:\/\/novosaopaulo.com.br\/n1\/wp-content\/uploads\/2023\/12\/c442b22f22007a762f41fab1b4ff3a45_L.jpg",750,501,false],"thumbnail":["https:\/\/novosaopaulo.com.br\/n1\/wp-content\/uploads\/2023\/12\/c442b22f22007a762f41fab1b4ff3a45_L-150x150.jpg",150,150,true],"medium":["https:\/\/novosaopaulo.com.br\/n1\/wp-content\/uploads\/2023\/12\/c442b22f22007a762f41fab1b4ff3a45_L-300x200.jpg",300,200,true],"medium_large":["https:\/\/novosaopaulo.com.br\/n1\/wp-content\/uploads\/2023\/12\/c442b22f22007a762f41fab1b4ff3a45_L.jpg",640,428,false],"large":["https:\/\/novosaopaulo.com.br\/n1\/wp-content\/uploads\/2023\/12\/c442b22f22007a762f41fab1b4ff3a45_L.jpg",640,428,false],"1536x1536":["https:\/\/novosaopaulo.com.br\/n1\/wp-content\/uploads\/2023\/12\/c442b22f22007a762f41fab1b4ff3a45_L.jpg",750,501,false],"2048x2048":["https:\/\/novosaopaulo.com.br\/n1\/wp-content\/uploads\/2023\/12\/c442b22f22007a762f41fab1b4ff3a45_L.jpg",750,501,false],"newsever-slider-full":["https:\/\/novosaopaulo.com.br\/n1\/wp-content\/uploads\/2023\/12\/c442b22f22007a762f41fab1b4ff3a45_L.jpg",750,501,false],"newsever-featured":["https:\/\/novosaopaulo.com.br\/n1\/wp-content\/uploads\/2023\/12\/c442b22f22007a762f41fab1b4ff3a45_L.jpg",750,501,false],"newsever-medium":["https:\/\/novosaopaulo.com.br\/n1\/wp-content\/uploads\/2023\/12\/c442b22f22007a762f41fab1b4ff3a45_L-720x475.jpg",720,475,true]},"author_info":{"display_name":"Reda\u00e7\u00e3o","author_link":"https:\/\/novosaopaulo.com.br\/n1\/author\/g5poa\/"},"category_info":"<a href=\"https:\/\/novosaopaulo.com.br\/n1\/category\/cidades\/\" rel=\"category tag\">Cidades<\/a>","tag_info":"Cidades","comment_count":"0","_links":{"self":[{"href":"https:\/\/novosaopaulo.com.br\/n1\/wp-json\/wp\/v2\/posts\/16222"}],"collection":[{"href":"https:\/\/novosaopaulo.com.br\/n1\/wp-json\/wp\/v2\/posts"}],"about":[{"href":"https:\/\/novosaopaulo.com.br\/n1\/wp-json\/wp\/v2\/types\/post"}],"author":[{"embeddable":true,"href":"https:\/\/novosaopaulo.com.br\/n1\/wp-json\/wp\/v2\/users\/1"}],"replies":[{"embeddable":true,"href":"https:\/\/novosaopaulo.com.br\/n1\/wp-json\/wp\/v2\/comments?post=16222"}],"version-history":[{"count":1,"href":"https:\/\/novosaopaulo.com.br\/n1\/wp-json\/wp\/v2\/posts\/16222\/revisions"}],"predecessor-version":[{"id":16224,"href":"https:\/\/novosaopaulo.com.br\/n1\/wp-json\/wp\/v2\/posts\/16222\/revisions\/16224"}],"wp:featuredmedia":[{"embeddable":true,"href":"https:\/\/novosaopaulo.com.br\/n1\/wp-json\/wp\/v2\/media\/16223"}],"wp:attachment":[{"href":"https:\/\/novosaopaulo.com.br\/n1\/wp-json\/wp\/v2\/media?parent=16222"}],"wp:term":[{"taxonomy":"category","embeddable":true,"href":"https:\/\/novosaopaulo.com.br\/n1\/wp-json\/wp\/v2\/categories?post=16222"},{"taxonomy":"post_tag","embeddable":true,"href":"https:\/\/novosaopaulo.com.br\/n1\/wp-json\/wp\/v2\/tags?post=16222"}],"curies":[{"name":"wp","href":"https:\/\/api.w.org\/{rel}","templated":true}]}}