{"id":16203,"date":"2023-12-05T20:59:24","date_gmt":"2023-12-05T23:59:24","guid":{"rendered":"https:\/\/novosaopaulo.com.br\/n1\/?p=16203"},"modified":"2023-12-05T20:59:25","modified_gmt":"2023-12-05T23:59:25","slug":"documentario-tiete-aguas-verdadeiras-prepara-registro-historico-e-emocional-sobre-um-dos-principais-cursos-dagua-do-pais","status":"publish","type":"post","link":"https:\/\/novosaopaulo.com.br\/n1\/documentario-tiete-aguas-verdadeiras-prepara-registro-historico-e-emocional-sobre-um-dos-principais-cursos-dagua-do-pais\/","title":{"rendered":"Document\u00e1rio \u2018Tiet\u00ea: \u00c1guas Verdadeiras\u2019 prepara registro hist\u00f3rico e emocional sobre um dos principais cursos d\u2019\u00e1gua do pa\u00eds"},"content":{"rendered":"\n<p>Ap\u00f3s nove meses de pesquisa sobre o rio Tiet\u00ea, est\u00e1 em fase de produ\u00e7\u00e3o o projeto dos diretores Rodrigo Campos e Denise Szabo, financiado com recursos da Lei de Incentivo \u00e0 Cultura de Mogi das Cruzes (LIC)<\/p>\n\n\n\n<p>Apresentar o rio Tiet\u00ea, mostrando o percurso percorrido pelas \u00e1guas a partir da nascente, na Serra do Mar em Sales\u00f3polis, passando por Biritiba Mirim at\u00e9 chegar a divisa entre Mogi das Cruzes e Suzano. Essa \u00e9 a proposta do document\u00e1rio longa-metragem \u2018Tiet\u00ea: \u00c1guas Verdadeiras\u2019, dos diretores Rodrigo Campos e Denise Szabo, que est\u00e1 em fase de produ\u00e7\u00e3o. Financiado com recursos da Lei Municipal de Incentivo \u00e0 Cultura de Mogi das Cruzes (LIC), o projeto \u00e9 um registro hist\u00f3rico, emocional, afetivo e ambiental de um dos principais cursos d\u2019\u00e1gua do pa\u00eds \u2013 e que pede socorro.<\/p>\n\n\n\n<p>O filme vai al\u00e9m do registro de paisagens e recorte de informa\u00e7\u00f5es, j\u00e1 que se prop\u00f5e a fazer uma recupera\u00e7\u00e3o hist\u00f3rica, pautada pela mem\u00f3ria afetiva compartilhada pelos moradores das regi\u00f5es abordadas. \u201cEstamos propondo um resgate cultural e social, uma possibilidade de reconex\u00e3o hist\u00f3rica, que aflora o sentimento de pertencimento e desperta nas futuras gera\u00e7\u00f5es a consci\u00eancia de preserva\u00e7\u00e3o\u201d, dizem os diretores, que se sensibilizaram para o tema a partir de uma s\u00e9rie de tristes observa\u00e7\u00f5es.<\/p>\n\n\n\n<p>Em um trecho curto, de aproximadamente 45 quil\u00f4metros a partir da nascente, j\u00e1 h\u00e1 problemas graves no rio Tiet\u00ea, como a pouca press\u00e3o de \u00e1gua entre Biritiba Mirim e Mogi das Cruzes, a presen\u00e7a artificial do bagre africano, que amea\u00e7a o ecossistema natural e a sobreviv\u00eancia das esp\u00e9cies nativas e tamb\u00e9m a polui\u00e7\u00e3o massiva. Por tudo isso, n\u00e3o \u00e9 surpresa que o rio chegue em S\u00e3o Paulo completamente morto, com \u00e1guas escuras e fluxo quase parado. Mas nem sempre foi assim, e n\u00e3o precisaria ser.<\/p>\n\n\n\n<p>\u201cRio Verdadeiro\u201d \u00e9 o significado de Rio Tiet\u00ea em l\u00edngua tupi. E \u00e9 isso o que as hist\u00f3rias apresentadas pelo document\u00e1rio refor\u00e7am. Ap\u00f3s nove meses de muita pesquisa, a equipe do projeto, que oferece contrapartidas sociais, educacionais e culturais \u00e0 sociedade, ouviu muita gente. Gente que nadou, pescou, conviveu com um Tiet\u00ea l\u00edmpido, amplo, vistoso e amig\u00e1vel.<\/p>\n\n\n\n<p>Al\u00e9m de belas imagens que comprovam que sim, ainda h\u00e1 vida no curso d\u2019\u00e1gua, o filme conta com depoimentos fortes e pontuais, como as hist\u00f3rias contadas por Dona Terezinha, que vive em Sales\u00f3polis e teve o prazer de passar a inf\u00e2ncia em uma casa onde bi\u00f3logos e pesquisadores descobriram, na d\u00e9cada de 1950, que mais do que lar de uma fam\u00edlia, era o abrigo da nascente do rio Tiet\u00ea.<\/p>\n\n\n\n<p>A produ\u00e7\u00e3o est\u00e1 repleta de diversos relatos de mem\u00f3rias afetivas, de quem se banhava, se divertia e se alimentava a partir do rio. Grande exemplo disso \u00e9 Z\u00e9 Macumba, personagem \u201cfolcl\u00f3rico\u201d da regi\u00e3o, que nasceu em Mogi e viveu sempre muito pr\u00f3ximo ao rio.<\/p>\n\n\n\n<p>Hoje ele sente saudade das \u00e9pocas de cheia, quando navegava com tranquilidade pelas \u00e1guas, nomeando as v\u00e1rias \u201ccurvas\u201d do trecho e testemunhando \u201ccausos\u201d como as andan\u00e7as de uma serpente de mais de oito metros.<br>Tamb\u00e9m h\u00e1, no filme, importantes apontamentos ambientais, como os feitos por Victor Kinjo, m\u00fasico e ambientalista, e Alexandre Hilsdorf, professor e especialista em ictiofauna que fornecem detalhes da situa\u00e7\u00e3o cr\u00edtica relacionada \u00e0 polui\u00e7\u00e3o e constantes mudan\u00e7as de din\u00e2mica no caminho do Tiet\u00ea.<\/p>\n\n\n\n<p>\u2018Tiet\u00ea: \u00c1guas Verdadeiras\u2019 \u00e9, portanto, um apelo, um document\u00e1rio que mostra aos mais novos a import\u00e2ncia de um rio vivo, que faz os mais velhos relembrarem de tempos em que n\u00e3o havia polui\u00e7\u00e3o, e que suplica a todos: salvemos, todos n\u00f3s, o rio Tiet\u00ea.<\/p>\n\n\n\n<p>Grava\u00e7\u00f5es<br>As grava\u00e7\u00f5es tiveram in\u00edcio no dia 22 de setembro, quando \u00e9 celebrado o Dia do Tiet\u00ea. Os primeiro sets de filmagem foram em Guararema, que comemora a data com uma missa e o envio de uma imagem sacra para ser banhada no rio, e em Sales\u00f3polis, onde as lentes registraram onde tudo come\u00e7a, eternizaram mem\u00f3rias e evidenciaram a beleza das \u00e1guas no Parque das Nascentes, ressaltando a import\u00e2ncia de salv\u00e1-las.<\/p>\n\n\n\n<p>Em outubro as c\u00e2meras retornaram a este \u00faltimo local, mas agora com uma turma de alunos de uma escola, que tamb\u00e9m foram ao Museu da Energia e mostraram a rela\u00e7\u00e3o das novas gera\u00e7\u00f5es com o Tiet\u00ea.<\/p>\n\n\n\n<p>E as filmagens seguiram em novembro. Para acompanhar tudo &#8211; inclusive imagens de bastidores, trechos de depoimentos, v\u00eddeos e outras -, \u00e9 s\u00f3 seguir as redes sociais oficiais do projeto. A previs\u00e3o de lan\u00e7amento de \u2018Tiet\u00ea: \u00c1guas Verdadeiras\u2019 \u00e9 para 2024.<\/p>\n\n\n\n<p>Assista ao teaser: https:\/\/youtu.be\/KeVXmgAfXBA<\/p>\n\n\n\n<p>Contrapartida<br>\u2018Tiet\u00ea: \u00c1guas Verdadeiras\u2019 \u00e9 uma produ\u00e7\u00e3o da Itapeti Filmes, financiada com recursos da Lei de Incentivo \u00e0 Cultura de Mogi das Cruzes (LIC). A produ\u00e7\u00e3o recebe patroc\u00ednio da CS Brasil, Original Ve\u00edculos, Mogi Passes, Madre Seguros, Col\u00e9gio Santa M\u00f4nica, Dr. Sandro Muniz Otorrinolaringologista e mais de 15 apoiadores pessoa f\u00edsica a partir da contribui\u00e7\u00e3o via IPTU, al\u00e9m do apoio cultural de Departamento de \u00c1guas e Energia El\u00e9trica de SP (DAEE), Secretarias de Educa\u00e7\u00e3o e Meio Ambiente de Mogi da Cruzes e Lokar Audiovisual. O filme ser\u00e1 exibido em festivais de cinema pelo Brasil, espa\u00e7os p\u00fablicos de Mogi das Cruzes e regi\u00e3o. O projeto tamb\u00e9m conta com a realiza\u00e7\u00e3o da oficina cultural de Introdu\u00e7\u00e3o \u00e0 Produ\u00e7\u00e3o de Document\u00e1rio para jovens do Alto Tiet\u00ea.<\/p>\n\n\n\n<p>Ficha t\u00e9cnica<br>\u2018Tiet\u00ea: \u00c1guas Verdadeiras\u2019 tem pesquisa de Geraldo Melo, dire\u00e7\u00e3o de Rodrigo Campos e Denise Szabo, produ\u00e7\u00e3o de Mayara Silva, dire\u00e7\u00e3o de fotografia de Denilson Nakajima, dire\u00e7\u00e3o de arte de Diego Banzatto, som de Alandson Silva. Comp\u00f5em o elenco nomes importantes da cultura mogiana, como Elisete Nunes, Sarah Key, Thiago Ferreira, Michael Meyson, Carla Pozo, Beatriz Pozo, Victor Kinjo, Eduardo Colombo e Isadora Faro.<\/p>\n","protected":false},"excerpt":{"rendered":"<p>Ap\u00f3s nove meses de pesquisa sobre o rio Tiet\u00ea, est\u00e1 em fase de produ\u00e7\u00e3o o&#8230;<\/p>\n","protected":false},"author":1,"featured_media":16204,"comment_status":"open","ping_status":"open","sticky":false,"template":"","format":"standard","meta":{"footnotes":""},"categories":[2],"tags":[],"featured_image_urls":{"full":["https:\/\/novosaopaulo.com.br\/n1\/wp-content\/uploads\/2023\/12\/WhatsApp-Image-2023-12-05-at-19.04.46.jpeg",1600,1066,false],"thumbnail":["https:\/\/novosaopaulo.com.br\/n1\/wp-content\/uploads\/2023\/12\/WhatsApp-Image-2023-12-05-at-19.04.46-150x150.jpeg",150,150,true],"medium":["https:\/\/novosaopaulo.com.br\/n1\/wp-content\/uploads\/2023\/12\/WhatsApp-Image-2023-12-05-at-19.04.46-300x200.jpeg",300,200,true],"medium_large":["https:\/\/novosaopaulo.com.br\/n1\/wp-content\/uploads\/2023\/12\/WhatsApp-Image-2023-12-05-at-19.04.46-768x512.jpeg",640,427,true],"large":["https:\/\/novosaopaulo.com.br\/n1\/wp-content\/uploads\/2023\/12\/WhatsApp-Image-2023-12-05-at-19.04.46-1024x682.jpeg",640,426,true],"1536x1536":["https:\/\/novosaopaulo.com.br\/n1\/wp-content\/uploads\/2023\/12\/WhatsApp-Image-2023-12-05-at-19.04.46-1536x1023.jpeg",1536,1023,true],"2048x2048":["https:\/\/novosaopaulo.com.br\/n1\/wp-content\/uploads\/2023\/12\/WhatsApp-Image-2023-12-05-at-19.04.46.jpeg",1600,1066,false],"newsever-slider-full":["https:\/\/novosaopaulo.com.br\/n1\/wp-content\/uploads\/2023\/12\/WhatsApp-Image-2023-12-05-at-19.04.46-1280x845.jpeg",1280,845,true],"newsever-featured":["https:\/\/novosaopaulo.com.br\/n1\/wp-content\/uploads\/2023\/12\/WhatsApp-Image-2023-12-05-at-19.04.46-1024x682.jpeg",1024,682,true],"newsever-medium":["https:\/\/novosaopaulo.com.br\/n1\/wp-content\/uploads\/2023\/12\/WhatsApp-Image-2023-12-05-at-19.04.46-720x475.jpeg",720,475,true]},"author_info":{"display_name":"Reda\u00e7\u00e3o","author_link":"https:\/\/novosaopaulo.com.br\/n1\/author\/g5poa\/"},"category_info":"<a href=\"https:\/\/novosaopaulo.com.br\/n1\/category\/cidades\/\" rel=\"category tag\">Cidades<\/a>","tag_info":"Cidades","comment_count":"0","_links":{"self":[{"href":"https:\/\/novosaopaulo.com.br\/n1\/wp-json\/wp\/v2\/posts\/16203"}],"collection":[{"href":"https:\/\/novosaopaulo.com.br\/n1\/wp-json\/wp\/v2\/posts"}],"about":[{"href":"https:\/\/novosaopaulo.com.br\/n1\/wp-json\/wp\/v2\/types\/post"}],"author":[{"embeddable":true,"href":"https:\/\/novosaopaulo.com.br\/n1\/wp-json\/wp\/v2\/users\/1"}],"replies":[{"embeddable":true,"href":"https:\/\/novosaopaulo.com.br\/n1\/wp-json\/wp\/v2\/comments?post=16203"}],"version-history":[{"count":1,"href":"https:\/\/novosaopaulo.com.br\/n1\/wp-json\/wp\/v2\/posts\/16203\/revisions"}],"predecessor-version":[{"id":16205,"href":"https:\/\/novosaopaulo.com.br\/n1\/wp-json\/wp\/v2\/posts\/16203\/revisions\/16205"}],"wp:featuredmedia":[{"embeddable":true,"href":"https:\/\/novosaopaulo.com.br\/n1\/wp-json\/wp\/v2\/media\/16204"}],"wp:attachment":[{"href":"https:\/\/novosaopaulo.com.br\/n1\/wp-json\/wp\/v2\/media?parent=16203"}],"wp:term":[{"taxonomy":"category","embeddable":true,"href":"https:\/\/novosaopaulo.com.br\/n1\/wp-json\/wp\/v2\/categories?post=16203"},{"taxonomy":"post_tag","embeddable":true,"href":"https:\/\/novosaopaulo.com.br\/n1\/wp-json\/wp\/v2\/tags?post=16203"}],"curies":[{"name":"wp","href":"https:\/\/api.w.org\/{rel}","templated":true}]}}