{"id":16142,"date":"2023-12-01T17:00:09","date_gmt":"2023-12-01T20:00:09","guid":{"rendered":"https:\/\/novosaopaulo.com.br\/n1\/?p=16142"},"modified":"2023-12-01T17:00:09","modified_gmt":"2023-12-01T20:00:09","slug":"dia-mundial-de-luta-contra-a-aids-saude-de-sp-conquista-certificacao-internacional","status":"publish","type":"post","link":"https:\/\/novosaopaulo.com.br\/n1\/dia-mundial-de-luta-contra-a-aids-saude-de-sp-conquista-certificacao-internacional\/","title":{"rendered":"Dia Mundial de Luta contra a Aids: Sa\u00fade de SP conquista certifica\u00e7\u00e3o internacional"},"content":{"rendered":"\n<p>Taxa estimada de transmiss\u00e3o vertical de HIV caiu para menos de 2% no estado e alcan\u00e7ou as metas para 2023<\/p>\n\n\n\n<p>O Estado de S\u00e3o Paulo foi oficialmente certificado pela elimina\u00e7\u00e3o da Transmiss\u00e3o Vertical do HIV (TV-HIV) e recebeu o Selo de Boas Pr\u00e1ticas &#8211; categoria Bronze para S\u00edfilis. Importante marco na sa\u00fade p\u00fablica paulista, a conquista \u00e9 fruto do comprometimento dos profissionais do Centro de Refer\u00eancia e Treinamento DST\/AIDS e do Programa Estadual de IST\/Aids em superar os desafios relacionados \u00e0 transmiss\u00e3o vertical do HIV e s\u00edfilis.<\/p>\n\n\n\n<p>Neste 1\u00ba de dezembro, que marca o Dia Mundial de Luta contra a Aids, a Secretaria da Sa\u00fade alerta que a transmiss\u00e3o vertical do HIV e s\u00edfilis, infec\u00e7\u00f5es sexualmente transmiss\u00edveis (ISTs), representa um desafio substancial para a sa\u00fade p\u00fablica, especialmente quando n\u00e3o tratadas oportunamente durante a gesta\u00e7\u00e3o. Por meio do Centro de Refer\u00eancia, o estado tem demonstrado o compromisso em alcan\u00e7ar padr\u00f5es internacionais e eliminar essas amea\u00e7as \u00e0 sa\u00fade.<\/p>\n\n\n\n<p>A taxa estimada de transmiss\u00e3o vertical do HIV (TV-HIV), que atinge at\u00e9 30% na aus\u00eancia de terapia antirretroviral (TARV), foi reduzida para menos de 2% em S\u00e3o Paulo, por meio da TARV e de outras medidas preventivas, especialmente quando a amamenta\u00e7\u00e3o \u00e9 evitada. De forma semelhante, a s\u00edfilis cong\u00eanita torna-se evit\u00e1vel com diagn\u00f3stico precoce e tratamento adequado durante o pr\u00e9-natal, utilizando penicilina benzatina.<\/p>\n\n\n\n<p>O esfor\u00e7o concentrado em a\u00e7\u00f5es de vigil\u00e2ncia, preven\u00e7\u00e3o e controle da transmiss\u00e3o vertical de HIV e s\u00edfilis, aliado \u00e0 assist\u00eancia adequada durante o pr\u00e9-natal, contribui significativamente para eliminar os agravos evit\u00e1veis, promovendo a sa\u00fade e o bem-estar da popula\u00e7\u00e3o.<\/p>\n\n\n\n<p>Em alinhamento com padr\u00f5es internacionais, o Brasil prop\u00f4s, desde 2021, a certifica\u00e7\u00e3o subnacional para estados e munic\u00edpios com 100 mil habitantes ou mais, visando a elimina\u00e7\u00e3o da transmiss\u00e3o vertical do HIV e s\u00edfilis. Com isso, o Estado de S\u00e3o Paulo pleiteou e obteve com sucesso a Certifica\u00e7\u00e3o de Elimina\u00e7\u00e3o da TV-HIV e Selo de Boas Pr\u00e1ticas na categoria Bronze para a s\u00edfilis cong\u00eanita junto ao Minist\u00e9rio da Sa\u00fade, ap\u00f3s alcan\u00e7ar todas as metas estabelecidas em 2023.<\/p>\n\n\n\n<p>O processo de certifica\u00e7\u00e3o contou com a colabora\u00e7\u00e3o de diversos parceiros da Secretaria de Estado da Sa\u00fade, incluindo o Instituto Adolfo Lutz, \u00c1rea T\u00e9cnica da Sa\u00fade da Mulher e da Crian\u00e7a, N\u00facleo T\u00e9cnico de Humaniza\u00e7\u00e3o, Comit\u00ea Estadual de Vigil\u00e2ncia \u00e0 Morte Materna, Infantil e Fetal, Aten\u00e7\u00e3o B\u00e1sica e Sociedade Civil.<\/p>\n\n\n\n<p>Em novembro, a Equipe Nacional de Valida\u00e7\u00e3o avaliou minuciosamente os processos assistenciais, de vigil\u00e2ncia, preven\u00e7\u00e3o, diagn\u00f3stico, direitos humanos, igualdade de g\u00eanero e engajamento comunit\u00e1rio no estado. O parecer final emitido pela Comiss\u00e3o Nacional de Valida\u00e7\u00e3o deferiu o pleito de S\u00e3o Paulo e de mais 28 munic\u00edpios com 100 mil habitantes ou mais. A premia\u00e7\u00e3o ocorrer\u00e1 em Bras\u00edlia no dia 8 de dezembro.<\/p>\n\n\n\n<p>O trabalho em equipe entre t\u00e9cnicos do Programa Estadual de IST\/Aids, da Secretaria da Sa\u00fade, das regionais, dos Grupos de Vigil\u00e2ncias Epidemiol\u00f3gicas, das equipes de sa\u00fade dos 645 munic\u00edpios e da sociedade civil foi essencial para alcan\u00e7ar esse objetivo no estado mais populoso do Brasil.<\/p>\n\n\n\n<p>Para manter a certifica\u00e7\u00e3o, S\u00e3o Paulo passar\u00e1 por avalia\u00e7\u00f5es regulares a cada tr\u00eas anos, assegurando a continuidade dos esfor\u00e7os para eliminar os agravos evit\u00e1veis.<\/p>\n","protected":false},"excerpt":{"rendered":"<p>Taxa estimada de transmiss\u00e3o vertical de HIV caiu para menos de 2% no estado e&#8230;<\/p>\n","protected":false},"author":1,"featured_media":16144,"comment_status":"open","ping_status":"open","sticky":false,"template":"","format":"standard","meta":{"footnotes":""},"categories":[9,43],"tags":[],"featured_image_urls":{"full":["https:\/\/novosaopaulo.com.br\/n1\/wp-content\/uploads\/2023\/12\/7cd901a40f3f7894c6212590d77098bd.jpg",588,528,false],"thumbnail":["https:\/\/novosaopaulo.com.br\/n1\/wp-content\/uploads\/2023\/12\/7cd901a40f3f7894c6212590d77098bd-150x150.jpg",150,150,true],"medium":["https:\/\/novosaopaulo.com.br\/n1\/wp-content\/uploads\/2023\/12\/7cd901a40f3f7894c6212590d77098bd-300x269.jpg",300,269,true],"medium_large":["https:\/\/novosaopaulo.com.br\/n1\/wp-content\/uploads\/2023\/12\/7cd901a40f3f7894c6212590d77098bd.jpg",588,528,false],"large":["https:\/\/novosaopaulo.com.br\/n1\/wp-content\/uploads\/2023\/12\/7cd901a40f3f7894c6212590d77098bd.jpg",588,528,false],"1536x1536":["https:\/\/novosaopaulo.com.br\/n1\/wp-content\/uploads\/2023\/12\/7cd901a40f3f7894c6212590d77098bd.jpg",588,528,false],"2048x2048":["https:\/\/novosaopaulo.com.br\/n1\/wp-content\/uploads\/2023\/12\/7cd901a40f3f7894c6212590d77098bd.jpg",588,528,false],"newsever-slider-full":["https:\/\/novosaopaulo.com.br\/n1\/wp-content\/uploads\/2023\/12\/7cd901a40f3f7894c6212590d77098bd.jpg",588,528,false],"newsever-featured":["https:\/\/novosaopaulo.com.br\/n1\/wp-content\/uploads\/2023\/12\/7cd901a40f3f7894c6212590d77098bd.jpg",588,528,false],"newsever-medium":["https:\/\/novosaopaulo.com.br\/n1\/wp-content\/uploads\/2023\/12\/7cd901a40f3f7894c6212590d77098bd-588x475.jpg",588,475,true]},"author_info":{"display_name":"Reda\u00e7\u00e3o","author_link":"https:\/\/novosaopaulo.com.br\/n1\/author\/g5poa\/"},"category_info":"<a href=\"https:\/\/novosaopaulo.com.br\/n1\/category\/geral\/\" rel=\"category tag\">Geral<\/a> <a href=\"https:\/\/novosaopaulo.com.br\/n1\/category\/saude\/\" rel=\"category tag\">Sa\u00fade<\/a>","tag_info":"Sa\u00fade","comment_count":"0","_links":{"self":[{"href":"https:\/\/novosaopaulo.com.br\/n1\/wp-json\/wp\/v2\/posts\/16142"}],"collection":[{"href":"https:\/\/novosaopaulo.com.br\/n1\/wp-json\/wp\/v2\/posts"}],"about":[{"href":"https:\/\/novosaopaulo.com.br\/n1\/wp-json\/wp\/v2\/types\/post"}],"author":[{"embeddable":true,"href":"https:\/\/novosaopaulo.com.br\/n1\/wp-json\/wp\/v2\/users\/1"}],"replies":[{"embeddable":true,"href":"https:\/\/novosaopaulo.com.br\/n1\/wp-json\/wp\/v2\/comments?post=16142"}],"version-history":[{"count":1,"href":"https:\/\/novosaopaulo.com.br\/n1\/wp-json\/wp\/v2\/posts\/16142\/revisions"}],"predecessor-version":[{"id":16145,"href":"https:\/\/novosaopaulo.com.br\/n1\/wp-json\/wp\/v2\/posts\/16142\/revisions\/16145"}],"wp:featuredmedia":[{"embeddable":true,"href":"https:\/\/novosaopaulo.com.br\/n1\/wp-json\/wp\/v2\/media\/16144"}],"wp:attachment":[{"href":"https:\/\/novosaopaulo.com.br\/n1\/wp-json\/wp\/v2\/media?parent=16142"}],"wp:term":[{"taxonomy":"category","embeddable":true,"href":"https:\/\/novosaopaulo.com.br\/n1\/wp-json\/wp\/v2\/categories?post=16142"},{"taxonomy":"post_tag","embeddable":true,"href":"https:\/\/novosaopaulo.com.br\/n1\/wp-json\/wp\/v2\/tags?post=16142"}],"curies":[{"name":"wp","href":"https:\/\/api.w.org\/{rel}","templated":true}]}}