{"id":16133,"date":"2023-12-01T11:49:23","date_gmt":"2023-12-01T14:49:23","guid":{"rendered":"https:\/\/novosaopaulo.com.br\/n1\/?p=16133"},"modified":"2023-12-01T11:49:24","modified_gmt":"2023-12-01T14:49:24","slug":"unimed-nao-cumpre-acordo-com-alesp-para-atendimentos-a-autistas-e-e-notificada-por-deputado","status":"publish","type":"post","link":"https:\/\/novosaopaulo.com.br\/n1\/unimed-nao-cumpre-acordo-com-alesp-para-atendimentos-a-autistas-e-e-notificada-por-deputado\/","title":{"rendered":"Unimed n\u00e3o cumpre acordo com Alesp para atendimentos a autistas e \u00e9 notificada por deputado"},"content":{"rendered":"\n<p>Operadora de planos de sa\u00fade cancelou, entre janeiro e maio deste ano, 2,2 mil contratos com pessoas jur\u00eddicas, afetando, aproximadamente, 10 mil usu\u00e1rios, incluindo pessoas com Transtorno do Espectro Autista (TEA) que eram atendidas em unidades regionalizadas<\/p>\n\n\n\n<p>O deputado estadual Rafa Zimbaldi (Cidadania-SP) notificou a Unimed Brasil e a Central Nacional Unimed (CNU) por descumprimento quanto \u00e0 reavalia\u00e7\u00e3o dos planos de sa\u00fade de autistas cancelados unilateralmente neste ano. Cinco meses atr\u00e1s, as empresas se comprometeram a estudar caso a caso, durante audi\u00eancia p\u00fablica realizada na Assembleia Legislativa do Estado de S\u00e3o Paulo (Alesp). Nos documentos encaminhamos \u00e0s operadoras, Rafa cobra celeridade e provid\u00eancias para que os servi\u00e7os sejam restabelecidos.<\/p>\n\n\n\n<p>Em 27\/6, no Plen\u00e1rio &#8220;Jos\u00e9 Bonif\u00e1cio&#8221;, representantes da Unimed firmaram compromisso com os parlamentares da Comiss\u00e3o da Pessoa com Defici\u00eancia da Alesp para rever a situa\u00e7\u00e3o dos afetados pela rescis\u00e3o do plano de sa\u00fade.<\/p>\n\n\n\n<p>De janeiro a maio deste ano, 2,2 mil contratos da operadora com pessoas jur\u00eddicas foram cancelados sem a anu\u00eancia dos consumidores. A decis\u00e3o prejudicou, aproximadamente, 10 mil usu\u00e1rios, incluindo autistas que eram atendidos em unidades regionalizadas da Unimed. Atualmente, a rede tem mais de 2 milh\u00f5es de conveniados e abarca 339 cooperativas associadas.<\/p>\n\n\n\n<p>Devido \u00e0 falta de compromisso com as milhares de fam\u00edlias de pessoas com Transtorno do Espectro Autista (TEA) que continuam sem atendimento na rede particular, Rafa Zimbaldi notificou a operadora de planos de sa\u00fade e ingressou com um novo pedido de informa\u00e7\u00f5es.<\/p>\n\n\n\n<p>O deputado do Cidadania lembra, inclusive, que, durante a audi\u00eancia p\u00fablica, em junho, a Diretoria da Unimed estipulou o prazo de at\u00e9 um m\u00eas para avaliar os contratos individualmente. Por\u00e9m, isso n\u00e3o aconteceu at\u00e9 hoje:<\/p>\n\n\n\n<p>\u201cEstamos reivindicando um direito das fam\u00edlias dos autistas que tiveram o contrato cancelado. A operadora de sa\u00fade assumiu um compromisso com o Legislativo. Iria checar poss\u00edveis irregularidades no rompimento dos planos de sa\u00fade e trabalhar para solucionar caso a caso. N\u00e3o vamos aceitar que este sil\u00eancio resulte em mais preju\u00edzos no tratamento dos autistas\u201d, acrescenta Zimbaldi.<\/p>\n\n\n\n<p>Tamb\u00e9m em junho deste ano, a Diretoria da Unimed se comprometeu em voltar \u00e0 Comiss\u00e3o da Pessoa com Defici\u00eancia da Alesp para uma confer\u00eancia final sobre os planos de sa\u00fade dos autistas. O encontro n\u00e3o aconteceu:<\/p>\n\n\n\n<p>\u201cUma pessoa com autismo que fica um m\u00eas sem tratamento regride equivalente a um ano. Estamos desapontados pela demora na avalia\u00e7\u00e3o desses contratos. O preju\u00edzo para os autistas e seus familiares \u00e9 enorme. \u00c9 muita falta de sensibilidade e de empatia por parte da Unimed. Por mais que a legisla\u00e7\u00e3o permita o cancelamento de contratos de pessoas jur\u00eddicas, sendo que muitos s\u00e3o Microempreendedores Individuais (MEIs), \u00e9 preciso que as unidades associadas tenham um olhar humanizado com os pacientes prejudicados&#8221;, complementa o parlamentar do Cidadania-SP.<\/p>\n\n\n\n<p>Projetos<br>Zimbaldi \u00e9 autor de seis projetos de lei voltados a pessoas com defici\u00eancia. Entre as principais medidas conquistadas nos \u00faltimos tempos est\u00e3o a disponibiliza\u00e7\u00e3o de cadeira de rodas em escolas; a inclus\u00e3o de QR Code com sinaliza\u00e7\u00e3o em braille em embalagens de produtos para deficientes visuais; a contrata\u00e7\u00e3o de autistas; a inser\u00e7\u00e3o do cord\u00e3o de fita com desenhos de girass\u00f3is em placas de atendimento priorit\u00e1rio; e a cria\u00e7\u00e3o da Carteira de Identifica\u00e7\u00e3o da Pessoa com Doen\u00e7a Rara.<\/p>\n","protected":false},"excerpt":{"rendered":"<p>Operadora de planos de sa\u00fade cancelou, entre janeiro e maio deste ano, 2,2 mil contratos&#8230;<\/p>\n","protected":false},"author":1,"featured_media":16134,"comment_status":"open","ping_status":"open","sticky":false,"template":"","format":"standard","meta":{"footnotes":""},"categories":[9],"tags":[],"featured_image_urls":{"full":["https:\/\/novosaopaulo.com.br\/n1\/wp-content\/uploads\/2023\/12\/WhatsApp-Image-2023-12-01-at-08.44.38.jpeg",1600,1193,false],"thumbnail":["https:\/\/novosaopaulo.com.br\/n1\/wp-content\/uploads\/2023\/12\/WhatsApp-Image-2023-12-01-at-08.44.38-150x150.jpeg",150,150,true],"medium":["https:\/\/novosaopaulo.com.br\/n1\/wp-content\/uploads\/2023\/12\/WhatsApp-Image-2023-12-01-at-08.44.38-300x224.jpeg",300,224,true],"medium_large":["https:\/\/novosaopaulo.com.br\/n1\/wp-content\/uploads\/2023\/12\/WhatsApp-Image-2023-12-01-at-08.44.38-768x573.jpeg",640,478,true],"large":["https:\/\/novosaopaulo.com.br\/n1\/wp-content\/uploads\/2023\/12\/WhatsApp-Image-2023-12-01-at-08.44.38-1024x764.jpeg",640,478,true],"1536x1536":["https:\/\/novosaopaulo.com.br\/n1\/wp-content\/uploads\/2023\/12\/WhatsApp-Image-2023-12-01-at-08.44.38-1536x1145.jpeg",1536,1145,true],"2048x2048":["https:\/\/novosaopaulo.com.br\/n1\/wp-content\/uploads\/2023\/12\/WhatsApp-Image-2023-12-01-at-08.44.38.jpeg",1600,1193,false],"newsever-slider-full":["https:\/\/novosaopaulo.com.br\/n1\/wp-content\/uploads\/2023\/12\/WhatsApp-Image-2023-12-01-at-08.44.38-1280x845.jpeg",1280,845,true],"newsever-featured":["https:\/\/novosaopaulo.com.br\/n1\/wp-content\/uploads\/2023\/12\/WhatsApp-Image-2023-12-01-at-08.44.38-1024x764.jpeg",1024,764,true],"newsever-medium":["https:\/\/novosaopaulo.com.br\/n1\/wp-content\/uploads\/2023\/12\/WhatsApp-Image-2023-12-01-at-08.44.38-720x475.jpeg",720,475,true]},"author_info":{"display_name":"Reda\u00e7\u00e3o","author_link":"https:\/\/novosaopaulo.com.br\/n1\/author\/g5poa\/"},"category_info":"<a href=\"https:\/\/novosaopaulo.com.br\/n1\/category\/geral\/\" rel=\"category tag\">Geral<\/a>","tag_info":"Geral","comment_count":"0","_links":{"self":[{"href":"https:\/\/novosaopaulo.com.br\/n1\/wp-json\/wp\/v2\/posts\/16133"}],"collection":[{"href":"https:\/\/novosaopaulo.com.br\/n1\/wp-json\/wp\/v2\/posts"}],"about":[{"href":"https:\/\/novosaopaulo.com.br\/n1\/wp-json\/wp\/v2\/types\/post"}],"author":[{"embeddable":true,"href":"https:\/\/novosaopaulo.com.br\/n1\/wp-json\/wp\/v2\/users\/1"}],"replies":[{"embeddable":true,"href":"https:\/\/novosaopaulo.com.br\/n1\/wp-json\/wp\/v2\/comments?post=16133"}],"version-history":[{"count":1,"href":"https:\/\/novosaopaulo.com.br\/n1\/wp-json\/wp\/v2\/posts\/16133\/revisions"}],"predecessor-version":[{"id":16135,"href":"https:\/\/novosaopaulo.com.br\/n1\/wp-json\/wp\/v2\/posts\/16133\/revisions\/16135"}],"wp:featuredmedia":[{"embeddable":true,"href":"https:\/\/novosaopaulo.com.br\/n1\/wp-json\/wp\/v2\/media\/16134"}],"wp:attachment":[{"href":"https:\/\/novosaopaulo.com.br\/n1\/wp-json\/wp\/v2\/media?parent=16133"}],"wp:term":[{"taxonomy":"category","embeddable":true,"href":"https:\/\/novosaopaulo.com.br\/n1\/wp-json\/wp\/v2\/categories?post=16133"},{"taxonomy":"post_tag","embeddable":true,"href":"https:\/\/novosaopaulo.com.br\/n1\/wp-json\/wp\/v2\/tags?post=16133"}],"curies":[{"name":"wp","href":"https:\/\/api.w.org\/{rel}","templated":true}]}}