{"id":16077,"date":"2023-11-28T19:01:21","date_gmt":"2023-11-28T22:01:21","guid":{"rendered":"https:\/\/novosaopaulo.com.br\/n1\/?p=16077"},"modified":"2023-11-28T19:11:13","modified_gmt":"2023-11-28T22:11:13","slug":"bispo-luciano-neves-ganha-mesma-premiacao-que-grandes-icones-nacionais","status":"publish","type":"post","link":"https:\/\/novosaopaulo.com.br\/n1\/bispo-luciano-neves-ganha-mesma-premiacao-que-grandes-icones-nacionais\/","title":{"rendered":"Bispo Luciano Neves ganha mesma premia\u00e7\u00e3o que Grandes \u00edcones nacionais!"},"content":{"rendered":"\n<p>O Bispo l\u00edder da igreja Unida Deus prover\u00e1 Luciano Neves foi surpreendido no \u00faltimo dia 22 de novembro ao vivo em seu programa pela Band ao receber o respeitado pr\u00eamio Comunica\u00e7\u00e3o e Destaque na categoria l\u00edder religioso 2023.<\/p>\n\n\n\n<p>Toda expectativa come\u00e7ou logo no in\u00edcio do programa Desperta Brasil Deus prover\u00e1 ao vivo pela Band TV, quando sua equipe de jornalistas o avisaram ao vivo que atr\u00e1s da porta havia uma autoridade, que veio ao seu encontro.<\/p>\n\n\n\n<p>Entre ora\u00e7\u00f5es, not\u00edcias e testemunhos que s\u00e3o quadros do programa a expectativa aumentava, quando dicas eram dadas, como \u201cEsta autoridade j\u00e1 esteve com Michael Jackson, com Silvio Santos, com a apresentadora Eliana, Rodrigo Faro, Roberto Cabrini entre outros nomes citados\u2026<\/p>\n\n\n\n<p>No WhatsApp do programa foram v\u00e1rias as participa\u00e7\u00f5es citando nomes de famosos que poderiam estar ali para o encontro, j\u00e1 que o Bispo Luciano Neves tem se destacado na m\u00eddia ao dar orienta\u00e7\u00f5es a famosos.<\/p>\n\n\n\n<p>Foi quando o Jornalista Ricardo Tofanelo integrante do programa pediu para que o Bispo se sentasse, o que j\u00e1 causou estranheza de toda a produ\u00e7\u00e3o e expectadores.<\/p>\n\n\n\n<p>No tel\u00e3o foram inseridas imagens do in\u00edcio do minist\u00e9rio e Neves explicando o crescimento, diga-se de passagem astron\u00f4mico comparado com demais igrejas.<\/p>\n\n\n\n<p>At\u00e9 que uma mat\u00e9ria foi inserida, explicando a import\u00e2ncia do Pr\u00eamio comunica\u00e7\u00e3o e destaque e sua relev\u00e2ncia atualmente internacional, com imagens de celebridades nacionalmente reconhecidas pela premia\u00e7\u00e3o, como Silvio Santos, Pedro Bial, Eliana, Reinaldo Gotino, Patr\u00edcia Abravanel, Gugu entre outros nomes renomados; Ao fim do v\u00eddeo Romildo dos Santos o Billy Jackson entra no est\u00fadio com a premia\u00e7\u00e3o do Bispo Luciano em m\u00e3os, impactando os demais bispos, a produ\u00e7\u00e3o e os telespectadores.<\/p>\n\n\n\n<p>Naquele momento Bispo Luciano Neves era reconhecido pela bancada de jornalistas e autoridades respons\u00e1veis pela premia\u00e7\u00e3o como o Bispo de maior relev\u00e2ncia e destaque no ano de 2023 na categoria l\u00edder religioso.<\/p>\n\n\n\n<p>O Bispo re\u00fane sua equipe ao vivo pela Band e diz:<\/p>\n\n\n\n<p>Olha, eu encaro essa premia\u00e7\u00e3o do trof\u00e9u comunica\u00e7\u00e3o em destaque como, pra mim um grande privil\u00e9gio. Uma vez que voc\u00ea v\u00ea pessoas t\u00e3o renomadas como Silvio Santos e outros mais.<\/p>\n\n\n\n<p>Que s\u00e3o Verdadeiros \u00edcones no Brasil e no mundo. Refer\u00eancias, n\u00e9? Celebridades que voc\u00ea de repente est\u00e1 sendo premiado como essas pessoas, n\u00e9? \u00c9 um sendo reconhecido. E, principalmente, por uma bancada extremamente competente. Na \u00e1rea de jornalismo, onde pessoas que t\u00eam uma profiss\u00e3o maravilhosa e t\u00e3o importante em qualquer lugar do mundo.<\/p>\n\n\n\n<p>Isso para mim \u00e9 algo que. \u00c9, eu n\u00e3o consigo mensurar o valor. Agrade\u00e7o demais. Primeiro a Deus, porque, imagina uma igreja que n\u00e3o tem ainda. Um ano, n\u00e9? Uma programa\u00e7\u00e3o que est\u00e1 no ar em t\u00e3o pouco tempo tem impactado tanta gente ganhando a\u00ed alguns n\u00fameros consider\u00e1veis em audi\u00eancia. Eu s\u00f3 fico muito feliz, agradecido a Deus, a toda a minha equipe, que tem trabalhado com a gente, que Deus nos tem dado, BISPOS, PASTORES, MINHA ESPOSA, N\u00e9? E ao povo que tem nos dado essa credibilidade, tem acreditado na gente como pessoas s\u00e9rias, pessoas do bem, pessoas que est\u00e3o sendo honestas na proposta. Ent\u00e3o eu s\u00f3 tenho que agradecer e agradecer aos jornalistas. Em geral, n\u00e3o s\u00f3 os da bancada, mas todos que. A meu ver. Que tem sido justo em todos os seus posicionamentos e declara\u00e7\u00f5es. E para mim isso \u00e9 jornalismo S\u00e9rio. Ent\u00e3o, agrade\u00e7o muito, fico muito feliz, surpreso. N\u00e3o esperava. N\u00e3o acho que mere\u00e7o o que merecia. Que eu n\u00e3o me vejo capaz, mas se Deus nos deu essa gra\u00e7a. Eu s\u00f3 tenho a agradecer, muito e me sentir um grande privilegiado e serve para entender que eu estou no caminho. Se n\u00e3o \u00e9 de agrado dos homens, pelo menos agradando a Deus, isso \u00e9 mais importante!!<\/p>\n\n\n\n<p>Cr\u00e9dito: Divulga\u00e7\u00e3o<br>Fonte: Ricardo Tofanelo<\/p>\n\n\n\n<figure class=\"wp-block-gallery has-nested-images columns-default is-cropped wp-block-gallery-1 is-layout-flex wp-block-gallery-is-layout-flex\">\n<figure class=\"wp-block-image size-large\"><img fetchpriority=\"high\" decoding=\"async\" width=\"960\" height=\"720\" data-id=\"16079\" src=\"https:\/\/novosaopaulo.com.br\/n1\/wp-content\/uploads\/2023\/11\/WhatsApp-Image-2023-11-28-at-12.48.48-1.jpeg\" alt=\"\" class=\"wp-image-16079\" srcset=\"https:\/\/novosaopaulo.com.br\/n1\/wp-content\/uploads\/2023\/11\/WhatsApp-Image-2023-11-28-at-12.48.48-1.jpeg 960w, https:\/\/novosaopaulo.com.br\/n1\/wp-content\/uploads\/2023\/11\/WhatsApp-Image-2023-11-28-at-12.48.48-1-300x225.jpeg 300w, https:\/\/novosaopaulo.com.br\/n1\/wp-content\/uploads\/2023\/11\/WhatsApp-Image-2023-11-28-at-12.48.48-1-768x576.jpeg 768w\" sizes=\"(max-width: 960px) 100vw, 960px\" \/><\/figure>\n\n\n\n<figure class=\"wp-block-image size-large\"><img decoding=\"async\" width=\"960\" height=\"534\" data-id=\"16078\" src=\"https:\/\/novosaopaulo.com.br\/n1\/wp-content\/uploads\/2023\/11\/WhatsApp-Image-2023-11-28-at-12.48.48.jpeg\" alt=\"\" class=\"wp-image-16078\" srcset=\"https:\/\/novosaopaulo.com.br\/n1\/wp-content\/uploads\/2023\/11\/WhatsApp-Image-2023-11-28-at-12.48.48.jpeg 960w, https:\/\/novosaopaulo.com.br\/n1\/wp-content\/uploads\/2023\/11\/WhatsApp-Image-2023-11-28-at-12.48.48-300x167.jpeg 300w, https:\/\/novosaopaulo.com.br\/n1\/wp-content\/uploads\/2023\/11\/WhatsApp-Image-2023-11-28-at-12.48.48-768x427.jpeg 768w\" sizes=\"(max-width: 960px) 100vw, 960px\" \/><\/figure>\n<\/figure>\n","protected":false},"excerpt":{"rendered":"<p>O Bispo l\u00edder da igreja Unida Deus prover\u00e1 Luciano Neves foi surpreendido no \u00faltimo dia&#8230;<\/p>\n","protected":false},"author":1,"featured_media":16079,"comment_status":"open","ping_status":"open","sticky":false,"template":"","format":"standard","meta":{"footnotes":""},"categories":[41,50],"tags":[],"featured_image_urls":{"full":["https:\/\/novosaopaulo.com.br\/n1\/wp-content\/uploads\/2023\/11\/WhatsApp-Image-2023-11-28-at-12.48.48-1.jpeg",960,720,false],"thumbnail":["https:\/\/novosaopaulo.com.br\/n1\/wp-content\/uploads\/2023\/11\/WhatsApp-Image-2023-11-28-at-12.48.48-1-150x150.jpeg",150,150,true],"medium":["https:\/\/novosaopaulo.com.br\/n1\/wp-content\/uploads\/2023\/11\/WhatsApp-Image-2023-11-28-at-12.48.48-1-300x225.jpeg",300,225,true],"medium_large":["https:\/\/novosaopaulo.com.br\/n1\/wp-content\/uploads\/2023\/11\/WhatsApp-Image-2023-11-28-at-12.48.48-1-768x576.jpeg",640,480,true],"large":["https:\/\/novosaopaulo.com.br\/n1\/wp-content\/uploads\/2023\/11\/WhatsApp-Image-2023-11-28-at-12.48.48-1.jpeg",640,480,false],"1536x1536":["https:\/\/novosaopaulo.com.br\/n1\/wp-content\/uploads\/2023\/11\/WhatsApp-Image-2023-11-28-at-12.48.48-1.jpeg",960,720,false],"2048x2048":["https:\/\/novosaopaulo.com.br\/n1\/wp-content\/uploads\/2023\/11\/WhatsApp-Image-2023-11-28-at-12.48.48-1.jpeg",960,720,false],"newsever-slider-full":["https:\/\/novosaopaulo.com.br\/n1\/wp-content\/uploads\/2023\/11\/WhatsApp-Image-2023-11-28-at-12.48.48-1.jpeg",960,720,false],"newsever-featured":["https:\/\/novosaopaulo.com.br\/n1\/wp-content\/uploads\/2023\/11\/WhatsApp-Image-2023-11-28-at-12.48.48-1.jpeg",960,720,false],"newsever-medium":["https:\/\/novosaopaulo.com.br\/n1\/wp-content\/uploads\/2023\/11\/WhatsApp-Image-2023-11-28-at-12.48.48-1-720x475.jpeg",720,475,true]},"author_info":{"display_name":"Reda\u00e7\u00e3o","author_link":"https:\/\/novosaopaulo.com.br\/n1\/author\/g5poa\/"},"category_info":"<a href=\"https:\/\/novosaopaulo.com.br\/n1\/category\/livia-santana\/\" rel=\"category tag\">L\u00edvia Santana<\/a> <a href=\"https:\/\/novosaopaulo.com.br\/n1\/category\/resenha-da-atualidade-com-livia-santana\/\" rel=\"category tag\">Resenha da Atualidade com L\u00edvia Santana<\/a>","tag_info":"Resenha da Atualidade com L\u00edvia Santana","comment_count":"0","_links":{"self":[{"href":"https:\/\/novosaopaulo.com.br\/n1\/wp-json\/wp\/v2\/posts\/16077"}],"collection":[{"href":"https:\/\/novosaopaulo.com.br\/n1\/wp-json\/wp\/v2\/posts"}],"about":[{"href":"https:\/\/novosaopaulo.com.br\/n1\/wp-json\/wp\/v2\/types\/post"}],"author":[{"embeddable":true,"href":"https:\/\/novosaopaulo.com.br\/n1\/wp-json\/wp\/v2\/users\/1"}],"replies":[{"embeddable":true,"href":"https:\/\/novosaopaulo.com.br\/n1\/wp-json\/wp\/v2\/comments?post=16077"}],"version-history":[{"count":1,"href":"https:\/\/novosaopaulo.com.br\/n1\/wp-json\/wp\/v2\/posts\/16077\/revisions"}],"predecessor-version":[{"id":16080,"href":"https:\/\/novosaopaulo.com.br\/n1\/wp-json\/wp\/v2\/posts\/16077\/revisions\/16080"}],"wp:featuredmedia":[{"embeddable":true,"href":"https:\/\/novosaopaulo.com.br\/n1\/wp-json\/wp\/v2\/media\/16079"}],"wp:attachment":[{"href":"https:\/\/novosaopaulo.com.br\/n1\/wp-json\/wp\/v2\/media?parent=16077"}],"wp:term":[{"taxonomy":"category","embeddable":true,"href":"https:\/\/novosaopaulo.com.br\/n1\/wp-json\/wp\/v2\/categories?post=16077"},{"taxonomy":"post_tag","embeddable":true,"href":"https:\/\/novosaopaulo.com.br\/n1\/wp-json\/wp\/v2\/tags?post=16077"}],"curies":[{"name":"wp","href":"https:\/\/api.w.org\/{rel}","templated":true}]}}