{"id":16073,"date":"2023-11-28T18:59:47","date_gmt":"2023-11-28T21:59:47","guid":{"rendered":"https:\/\/novosaopaulo.com.br\/n1\/?p=16073"},"modified":"2023-11-28T19:11:35","modified_gmt":"2023-11-28T22:11:35","slug":"art100-gallery-de-porto-alegre-leva-artistas-para-expor-em-barcelona","status":"publish","type":"post","link":"https:\/\/novosaopaulo.com.br\/n1\/art100-gallery-de-porto-alegre-leva-artistas-para-expor-em-barcelona\/","title":{"rendered":"Art100 Gallery de Porto Alegre leva artistas para expor em Barcelona"},"content":{"rendered":"\n<p>Com curadoria de Victoria De La Serna e Angela de Oliveira, artistas brasileiros de diversos pontos do Brasil ter\u00e3o obras expostas na Espanha, de 1 a 8 de dezembro, na ImaginArte, localizada \u00e0 rua Dante Alighieri 157, Barcelona. O Vernissage da exposi\u00e7\u00e3o denominada A ARTE QUE NOS HABITA, ocorre dia 1 de dezembro \u00e0s 18 h.<\/p>\n\n\n\n<p>Angela de Oliveira curadoraA galerista Angela de Oliveira da Art100 que envia alguns de seus artistas para a exposi\u00e7\u00e3o na ImaginArte conta que nela admiradores da arte encontram obras de artistas famosos como Dal\u00ed, Mir\u00f3 ou Sorolla acompanhando obras atuais e recentes de artistas emergentes dos mais diversos estilos. Da\u00ed a import\u00e2ncia para que artistas brasileiros estejam por l\u00e1 representados, mostrando a excelente qualidade de suas obras.<\/p>\n\n\n\n<p>Os artistas brasileiros que participam da exposi\u00e7\u00e3o s\u00e3o: Alexandre Horta e Silva, Andr\u00e9a Noronha, Cris Hettich, Elisabeth Wortsman, Emanuelle Calgaro, Erika Zaunrith, Fabiano Moraes, Fl\u00e1via Junqueira, Fl\u00e1via Jackson, Fernanda Paneque, Francisco Ivo, Francisco Ver\u00edssimo, Gisele Faganello, Gild\u00e1sio Jardim, Giovana Abreu, Gui Br\u00e9scia, Hermano Canan\u00e9a, Heloisa Zorzi, Ita Stockinger, Joyce Chwartzmann, Juarez Oliveira, Justina D\u2019Agostino, Leo Stockinger, Luiz Campoy, Marcia Cavinati, Mari\u00e2ngela Rettore, Mari Pereira, Mauro Kersul, Patricia Di Basso, Pathy Esse, Paulo Lino, Regiane Rossetti, Ricardo Massolini, Roberto Vamos, Rose Maiorana, Sandra Regina, Silvana Ravena, Soraya Boechat, Silvia Pott, Simone Bellusci, Tania Castro, Tarso Sarraf, Tata Moraes, Thais Murce, Thomas Josu\u00e9 Silva, Val\u00e9ria Oliveira, Valber Benevides e Vera Lucia Pereira.Victoria De La Serna \u2013 Curadora<\/p>\n\n\n\n<p>Andrea Cardoni, escritora, palestrante e designer de interiores mentais, destaca em seu texto sobre o tema: \u201cUnimos conhecimento, emo\u00e7\u00e3o e a vontade, e s\u00f3 ent\u00e3o, a m\u00e1gica acontece e a arte emerge inspirada pelo o que existe de mais bonito nos seres, a nossa arte. Do que precisa o mundo hoje? Afeto, beleza, puros sentimentos, menos julgamentos. A arte que est\u00e1 no seu interior, bruta, n\u00e3o revelada, contida ou protegida, livre ou adaptada, \u00e9 o elo mais forte cuja for\u00e7a este projeto quer convocar. Este convite \u00e9 para que se una a arte que habita no \u201coutro\u201d, para que assim, juntos, possamos transpor as barreiras expl\u00edcitas e veladas, que nos aprisionam o sentir, e impedem que lindas cores emocionais tornem o mundo um lugar ainda mais maravilhoso, com as telas da vida expostas em cada galeria \u00edntima do cora\u00e7\u00e3o. Que A ARTE QUE NOS HABITA lembre a voc\u00ea que a beleza de cada ser deve ser admirada, inclusive a sua\u201d, conclui.<\/p>\n\n\n\n<p>Algumas obras e Artistas da exposi\u00e7\u00e3o em Barcelona:<\/p>\n\n\n\n<p>Servi\u00e7o:<\/p>\n\n\n\n<p>EXPOSI\u00c7\u00c3O: A ARTE QUE NOS HABITA<br>QUANDO: de 01 a 08 de dezembro de 2023<br>LOCAL: ImaginArte<br>ENDERE\u00c7O: Dante Alighieri 157, Barcelona<br>HOR\u00c1RIO: Segunda a sexta, das 10h \u00e0s 14h e das 17h \u00e0s 20h. S\u00e1bados, das 10h \u00e0s 14h.VERNISSAGE: 1 de dezembro \u00e0s 18 h.<br>CURADORIA: Victoria De La Serna e Angela de Oliveira.<br>REALIZA\u00c7\u00c3O: Art100 Gallery<br>APOIO: ARTE 2<br>Imagens: Divulga\u00e7\u00e3o<br>Fonte: Gisele M. F. C. Lahoz<\/p>\n\n\n\n<figure class=\"wp-block-gallery has-nested-images columns-default is-cropped wp-block-gallery-1 is-layout-flex wp-block-gallery-is-layout-flex\">\n<figure class=\"wp-block-image size-large\"><img fetchpriority=\"high\" decoding=\"async\" width=\"1024\" height=\"512\" data-id=\"16074\" src=\"https:\/\/novosaopaulo.com.br\/n1\/wp-content\/uploads\/2023\/11\/WhatsApp-Image-2023-11-28-at-12.00.48-1024x512.jpeg\" alt=\"\" class=\"wp-image-16074\" srcset=\"https:\/\/novosaopaulo.com.br\/n1\/wp-content\/uploads\/2023\/11\/WhatsApp-Image-2023-11-28-at-12.00.48-1024x512.jpeg 1024w, https:\/\/novosaopaulo.com.br\/n1\/wp-content\/uploads\/2023\/11\/WhatsApp-Image-2023-11-28-at-12.00.48-300x150.jpeg 300w, https:\/\/novosaopaulo.com.br\/n1\/wp-content\/uploads\/2023\/11\/WhatsApp-Image-2023-11-28-at-12.00.48-768x384.jpeg 768w, https:\/\/novosaopaulo.com.br\/n1\/wp-content\/uploads\/2023\/11\/WhatsApp-Image-2023-11-28-at-12.00.48.jpeg 1200w\" sizes=\"(max-width: 1024px) 100vw, 1024px\" \/><\/figure>\n\n\n\n<figure class=\"wp-block-image size-large\"><img decoding=\"async\" width=\"900\" height=\"612\" data-id=\"16075\" src=\"https:\/\/novosaopaulo.com.br\/n1\/wp-content\/uploads\/2023\/11\/WhatsApp-Image-2023-11-28-at-12.00.49.jpeg\" alt=\"\" class=\"wp-image-16075\" srcset=\"https:\/\/novosaopaulo.com.br\/n1\/wp-content\/uploads\/2023\/11\/WhatsApp-Image-2023-11-28-at-12.00.49.jpeg 900w, https:\/\/novosaopaulo.com.br\/n1\/wp-content\/uploads\/2023\/11\/WhatsApp-Image-2023-11-28-at-12.00.49-300x204.jpeg 300w, https:\/\/novosaopaulo.com.br\/n1\/wp-content\/uploads\/2023\/11\/WhatsApp-Image-2023-11-28-at-12.00.49-768x522.jpeg 768w\" sizes=\"(max-width: 900px) 100vw, 900px\" \/><\/figure>\n<\/figure>\n","protected":false},"excerpt":{"rendered":"<p>Com curadoria de Victoria De La Serna e Angela de Oliveira, artistas brasileiros de diversos&#8230;<\/p>\n","protected":false},"author":1,"featured_media":16075,"comment_status":"open","ping_status":"open","sticky":false,"template":"","format":"standard","meta":{"footnotes":""},"categories":[50],"tags":[],"featured_image_urls":{"full":["https:\/\/novosaopaulo.com.br\/n1\/wp-content\/uploads\/2023\/11\/WhatsApp-Image-2023-11-28-at-12.00.49.jpeg",900,612,false],"thumbnail":["https:\/\/novosaopaulo.com.br\/n1\/wp-content\/uploads\/2023\/11\/WhatsApp-Image-2023-11-28-at-12.00.49-150x150.jpeg",150,150,true],"medium":["https:\/\/novosaopaulo.com.br\/n1\/wp-content\/uploads\/2023\/11\/WhatsApp-Image-2023-11-28-at-12.00.49-300x204.jpeg",300,204,true],"medium_large":["https:\/\/novosaopaulo.com.br\/n1\/wp-content\/uploads\/2023\/11\/WhatsApp-Image-2023-11-28-at-12.00.49-768x522.jpeg",640,435,true],"large":["https:\/\/novosaopaulo.com.br\/n1\/wp-content\/uploads\/2023\/11\/WhatsApp-Image-2023-11-28-at-12.00.49.jpeg",640,435,false],"1536x1536":["https:\/\/novosaopaulo.com.br\/n1\/wp-content\/uploads\/2023\/11\/WhatsApp-Image-2023-11-28-at-12.00.49.jpeg",900,612,false],"2048x2048":["https:\/\/novosaopaulo.com.br\/n1\/wp-content\/uploads\/2023\/11\/WhatsApp-Image-2023-11-28-at-12.00.49.jpeg",900,612,false],"newsever-slider-full":["https:\/\/novosaopaulo.com.br\/n1\/wp-content\/uploads\/2023\/11\/WhatsApp-Image-2023-11-28-at-12.00.49.jpeg",900,612,false],"newsever-featured":["https:\/\/novosaopaulo.com.br\/n1\/wp-content\/uploads\/2023\/11\/WhatsApp-Image-2023-11-28-at-12.00.49.jpeg",900,612,false],"newsever-medium":["https:\/\/novosaopaulo.com.br\/n1\/wp-content\/uploads\/2023\/11\/WhatsApp-Image-2023-11-28-at-12.00.49-720x475.jpeg",720,475,true]},"author_info":{"display_name":"Reda\u00e7\u00e3o","author_link":"https:\/\/novosaopaulo.com.br\/n1\/author\/g5poa\/"},"category_info":"<a href=\"https:\/\/novosaopaulo.com.br\/n1\/category\/resenha-da-atualidade-com-livia-santana\/\" rel=\"category tag\">Resenha da Atualidade com L\u00edvia Santana<\/a>","tag_info":"Resenha da Atualidade com L\u00edvia Santana","comment_count":"0","_links":{"self":[{"href":"https:\/\/novosaopaulo.com.br\/n1\/wp-json\/wp\/v2\/posts\/16073"}],"collection":[{"href":"https:\/\/novosaopaulo.com.br\/n1\/wp-json\/wp\/v2\/posts"}],"about":[{"href":"https:\/\/novosaopaulo.com.br\/n1\/wp-json\/wp\/v2\/types\/post"}],"author":[{"embeddable":true,"href":"https:\/\/novosaopaulo.com.br\/n1\/wp-json\/wp\/v2\/users\/1"}],"replies":[{"embeddable":true,"href":"https:\/\/novosaopaulo.com.br\/n1\/wp-json\/wp\/v2\/comments?post=16073"}],"version-history":[{"count":1,"href":"https:\/\/novosaopaulo.com.br\/n1\/wp-json\/wp\/v2\/posts\/16073\/revisions"}],"predecessor-version":[{"id":16076,"href":"https:\/\/novosaopaulo.com.br\/n1\/wp-json\/wp\/v2\/posts\/16073\/revisions\/16076"}],"wp:featuredmedia":[{"embeddable":true,"href":"https:\/\/novosaopaulo.com.br\/n1\/wp-json\/wp\/v2\/media\/16075"}],"wp:attachment":[{"href":"https:\/\/novosaopaulo.com.br\/n1\/wp-json\/wp\/v2\/media?parent=16073"}],"wp:term":[{"taxonomy":"category","embeddable":true,"href":"https:\/\/novosaopaulo.com.br\/n1\/wp-json\/wp\/v2\/categories?post=16073"},{"taxonomy":"post_tag","embeddable":true,"href":"https:\/\/novosaopaulo.com.br\/n1\/wp-json\/wp\/v2\/tags?post=16073"}],"curies":[{"name":"wp","href":"https:\/\/api.w.org\/{rel}","templated":true}]}}