{"id":15966,"date":"2023-11-22T22:02:13","date_gmt":"2023-11-23T01:02:13","guid":{"rendered":"https:\/\/novosaopaulo.com.br\/n1\/?p=15966"},"modified":"2023-11-22T22:02:14","modified_gmt":"2023-11-23T01:02:14","slug":"superacao-e-sonhos-realizados-marcaram-o-1o-brasileiro-de-clubes-de-ligas-de-futsal","status":"publish","type":"post","link":"https:\/\/novosaopaulo.com.br\/n1\/superacao-e-sonhos-realizados-marcaram-o-1o-brasileiro-de-clubes-de-ligas-de-futsal\/","title":{"rendered":"Supera\u00e7\u00e3o e sonhos realizados marcaram o  1\u00ba brasileiro de clubes de ligas de futsal"},"content":{"rendered":"\n<p>N\u00e3o foram apenas os belos gols ou talentos individuais que chamaram a aten\u00e7\u00e3o no 1\u00ba Campeonato Brasileiro de Clubes de Ligas, mas sim, hist\u00f3rias de supera\u00e7\u00e3o e muito amor ao esporte. Relatos de personagens, vindos de diversas localidades do pa\u00eds, ganharam destaques ao longo dos sete dias da competi\u00e7\u00e3o, disputada entre os dias 10 e 17 de novembro, em Macap\u00e1 (AP).<\/p>\n\n\n\n<p>Todo o &#8216;glamour&#8217; do futsal, visto pela maior parte da imprensa ou da torcida, deu lugar ao futsal praticado e vivido por verdadeiros her\u00f3is. Jovens, criados em regi\u00f5es onde a pobreza se faz presente, mas que t\u00eam exatamente o mesmo ideal: defender uma grande equipe e vencer na modalidade.<\/p>\n\n\n\n<p>Exemplo de toda esta luta s\u00e3o os atletas e comiss\u00e3o t\u00e9cnica do Mara\u00e3 Futsal, equipe da cidade de Mara\u00e3, a qual fica a 615 km de Manaus (AM). Para chegar at\u00e9 Macap\u00e1, viajaram oito horas em um barco, onde a ansiedade e at\u00e9 mesmo o medo, por conta das fortes ventanias (principalmente \u00e0 noite), foram advers\u00e1rios dif\u00edceis de serem batidos.<\/p>\n\n\n\n<p>No entanto, nada que supere o drama vivido pelo atleta e Diretor Ednei Sena da Silva. Poucos dias antes da viagem, Ednei perdeu uma filha, de 18 anos, ap\u00f3s um assalto, por conta de um celular.<\/p>\n\n\n\n<p>A jovem, que praticava Jiu-J\u00edtsu, reagiu ao assalto, mas foi golpeada por um dos criminosos, que portava uma faca. Segundo informa\u00e7\u00f5es, um dos culpados foi pego pela PM local, enquanto outro (at\u00e9 o momento), segue foragido.<\/p>\n\n\n\n<p>Ednei, que h\u00e1 alguns anos, iniciou um projeto para tirar jovens da marginalidade, por meio do esporte. Mas, por uma infeliz ironia do destino, a vida de sua filha foi interrompida, justamente pela criminalidade.<\/p>\n\n\n\n<p>Em conversa com a nossa equipe, ainda muito abatido por tudo que aconteceu, Ednei resumiu: &#8220;Ainda d\u00f3i muito, saber que perdi minha filha desta maneira. Mas tudo aqui, ser\u00e1 por ela&#8221;.<\/p>\n\n\n\n<p>Saindo de Manaus, e indo para o Estado do Par\u00e1, mais precisamente, na cidade de Tom\u00e9-A\u00e7u (115 km da capital Bel\u00e9m), a vida de Ricardo Martins de Souza tomou um rumo diferente. Ainda aos 11 anos, Ricardo foi picado, em uma das pernas, por uma &#8220;Pico de Jaca&#8221;, tamb\u00e9m chamada de Surucucu.<\/p>\n\n\n\n<p>A a\u00e7\u00e3o do veneno da cobra foi praticamente imediata, tanto que Ricardo precisou amputar uma das pernas. Caso contr\u00e1rio, dificilmente iria sobreviver.<\/p>\n\n\n\n<p>Mesmo com parte da inf\u00e2ncia e adolesc\u00eancia ter sido interrompida, Ricardo n\u00e3o desistiu de<br>seus sonhos. No entanto, a meta primordial era sua recupera\u00e7\u00e3o f\u00edsica e metal. Segundo o<br>jogador, o apoio dos pais e amigos foram essenciais neste processo:<\/p>\n\n\n\n<p>Com o passar dos anos, Ricardo foi se adaptando (j\u00e1 com o uso de uma pr\u00f3tese) e a pr\u00e1tica<br>esportiva estava cada vez mais perto. Pelada com os amigos e jogos oficiais no Projeto<br>&#8220;Toque de Classe&#8221;, tamb\u00e9m foram (e s\u00e3o) fundamentais na vida de Ricardo, hoje com 22 anos<br>de idade.<\/p>\n\n\n\n<p>Ricardo leva a vida normalmente, e fala sobre a descontra\u00e7\u00e3o nos vesti\u00e1rios e situa\u00e7\u00f5es<br>inusitadas:<\/p>\n\n\n\n<p>&#8220;O pessoal brinca, faz piada, mas levo numa boa, at\u00e9 porque \u00e9 tudo dentro do respeito.<br>E uma situa\u00e7\u00e3o inusitada, aconteceu durante a nossa viagem ao Amap\u00e1, quando o detector<br>de metais, no aeroporto de Bel\u00e9m, acionou na minha passagem, por conta da minha pr\u00f3tese.<br>Precisei tirar, e colocar em uma esteira. Foi um momento engra\u00e7ado&#8221;, diz.<\/p>\n\n\n\n<p>Jos\u00e9 Niel, ou simplesmente &#8220;Niel&#8221;. Este \u00e9 um daqueles que vale a pena ficar na &#8216;resenha&#8217;<br>por horas e horas. Com 26 anos de idade, este piv\u00f4, nascido em Macap\u00e1, foi pe\u00e7a fundamental,<br>ao lado de outros motoristas, no processo de translado de atletas e imprensa.<\/p>\n\n\n\n<p>Durante o dia, Niel atua como motorista de aplicativo, mas na hora de ir \u00e0s quadras,<br>trocava seu uniforme para defender as cores do Resid\u00eancia EC, do Rio de Janeiro.<\/p>\n\n\n\n<p>O convite para jogar na equipe carioca, surgiu de maneira inesperada, uma vez que o atleta<br>atua no Panam\u00e1 Futsal, clube da sua cidade e gerenciado pelo seu pai. Mas, por meio de seu<br>perfil no Instagran, a Diretoria da equipe carioca gostou da sua forma de jogar e fez o<br>convite:<\/p>\n\n\n\n<p>&#8220;Eu sou grato pelo Resid\u00eancia, Grato, porque estou mostrando meu futsal. Que n\u00e3o queria<br>estar jogando um Brasileiro dentro de sua casa? Eu preferi jogar, mais por conta de ser<br>dentro de casa. Eu vou jogar por um time do Rio, mas vou representar o meu Estado tamb\u00e9m.<br>Tem outros jogadores do Resid\u00eancia que tamb\u00e9m s\u00e3o daqui da terra. Alguns j\u00e1 se destacaram,<br>como o Everton, o Patrick, o Edmilson e a gente ficou feliz por receber este convite&#8221;.<\/p>\n\n\n\n<p>No entanto, a estreia na competi\u00e7\u00e3o n\u00e3o foi a planejada pelo jogador. Durante a partida<br>contra o S\u00e3o Paulo, o goleiro titular, Diego sofreu uma les\u00e3o, e atuou no seu limite.<br>Como n\u00e3o havia camisa para o goleiro-linha, coube ao piv\u00f4 Niel, a assumir a meta do<br>Resid\u00eancia, j\u00e1 no segundo per\u00edodo. Mas, mesmo com todo esfor\u00e7o, o &#8216;arqueiro improvisado&#8217;,<br>n\u00e3o evitou o placar adverso.<\/p>\n\n\n\n<p>Por\u00e9m, vale lembrar que o Resid\u00eancia estava sem boa parte de seus jogadores e s\u00f3 no<br>decorrer do torneio, os refor\u00e7os chegaram ao Macap\u00e1.<\/p>\n\n\n\n<figure class=\"wp-block-gallery has-nested-images columns-default is-cropped wp-block-gallery-1 is-layout-flex wp-block-gallery-is-layout-flex\">\n<figure class=\"wp-block-image size-large\"><img fetchpriority=\"high\" decoding=\"async\" width=\"1024\" height=\"683\" data-id=\"15967\" src=\"https:\/\/novosaopaulo.com.br\/n1\/wp-content\/uploads\/2023\/11\/WhatsApp-Image-2023-11-22-at-18.08.18-1024x683.jpeg\" alt=\"\" class=\"wp-image-15967\" srcset=\"https:\/\/novosaopaulo.com.br\/n1\/wp-content\/uploads\/2023\/11\/WhatsApp-Image-2023-11-22-at-18.08.18-1024x683.jpeg 1024w, https:\/\/novosaopaulo.com.br\/n1\/wp-content\/uploads\/2023\/11\/WhatsApp-Image-2023-11-22-at-18.08.18-300x200.jpeg 300w, https:\/\/novosaopaulo.com.br\/n1\/wp-content\/uploads\/2023\/11\/WhatsApp-Image-2023-11-22-at-18.08.18-768x512.jpeg 768w, https:\/\/novosaopaulo.com.br\/n1\/wp-content\/uploads\/2023\/11\/WhatsApp-Image-2023-11-22-at-18.08.18-1536x1024.jpeg 1536w, https:\/\/novosaopaulo.com.br\/n1\/wp-content\/uploads\/2023\/11\/WhatsApp-Image-2023-11-22-at-18.08.18.jpeg 1600w\" sizes=\"(max-width: 1024px) 100vw, 1024px\" \/><\/figure>\n\n\n\n<figure class=\"wp-block-image size-large\"><img decoding=\"async\" width=\"1024\" height=\"682\" data-id=\"15969\" src=\"https:\/\/novosaopaulo.com.br\/n1\/wp-content\/uploads\/2023\/11\/WhatsApp-Image-2023-11-22-at-18.08.19-1024x682.jpeg\" alt=\"\" class=\"wp-image-15969\" srcset=\"https:\/\/novosaopaulo.com.br\/n1\/wp-content\/uploads\/2023\/11\/WhatsApp-Image-2023-11-22-at-18.08.19-1024x682.jpeg 1024w, https:\/\/novosaopaulo.com.br\/n1\/wp-content\/uploads\/2023\/11\/WhatsApp-Image-2023-11-22-at-18.08.19-300x200.jpeg 300w, https:\/\/novosaopaulo.com.br\/n1\/wp-content\/uploads\/2023\/11\/WhatsApp-Image-2023-11-22-at-18.08.19-768x512.jpeg 768w, https:\/\/novosaopaulo.com.br\/n1\/wp-content\/uploads\/2023\/11\/WhatsApp-Image-2023-11-22-at-18.08.19-1536x1023.jpeg 1536w, https:\/\/novosaopaulo.com.br\/n1\/wp-content\/uploads\/2023\/11\/WhatsApp-Image-2023-11-22-at-18.08.19.jpeg 1600w\" sizes=\"(max-width: 1024px) 100vw, 1024px\" \/><\/figure>\n\n\n\n<figure class=\"wp-block-image size-large\"><img decoding=\"async\" width=\"1024\" height=\"683\" data-id=\"15968\" src=\"https:\/\/novosaopaulo.com.br\/n1\/wp-content\/uploads\/2023\/11\/WhatsApp-Image-2023-11-22-at-18.08.20-1024x683.jpeg\" alt=\"\" class=\"wp-image-15968\" srcset=\"https:\/\/novosaopaulo.com.br\/n1\/wp-content\/uploads\/2023\/11\/WhatsApp-Image-2023-11-22-at-18.08.20-1024x683.jpeg 1024w, https:\/\/novosaopaulo.com.br\/n1\/wp-content\/uploads\/2023\/11\/WhatsApp-Image-2023-11-22-at-18.08.20-300x200.jpeg 300w, https:\/\/novosaopaulo.com.br\/n1\/wp-content\/uploads\/2023\/11\/WhatsApp-Image-2023-11-22-at-18.08.20-768x512.jpeg 768w, https:\/\/novosaopaulo.com.br\/n1\/wp-content\/uploads\/2023\/11\/WhatsApp-Image-2023-11-22-at-18.08.20-1536x1024.jpeg 1536w, https:\/\/novosaopaulo.com.br\/n1\/wp-content\/uploads\/2023\/11\/WhatsApp-Image-2023-11-22-at-18.08.20.jpeg 1600w\" sizes=\"(max-width: 1024px) 100vw, 1024px\" \/><\/figure>\n<\/figure>\n\n\n\n<p>Por Lucia alves<br>fonte &#8211; Assessoria de imprensa &#8211; jornalista Gilberto Santos<br>foto: Isaac Silva (@isaacsilvaphotograph)<\/p>\n","protected":false},"excerpt":{"rendered":"<p>N\u00e3o foram apenas os belos gols ou talentos individuais que chamaram a aten\u00e7\u00e3o no 1\u00ba&#8230;<\/p>\n","protected":false},"author":1,"featured_media":15970,"comment_status":"open","ping_status":"open","sticky":false,"template":"","format":"standard","meta":{"footnotes":""},"categories":[35,9],"tags":[],"featured_image_urls":{"full":["https:\/\/novosaopaulo.com.br\/n1\/wp-content\/uploads\/2023\/11\/WhatsApp-Image-2023-11-22-at-18.08.21.jpeg",1600,1066,false],"thumbnail":["https:\/\/novosaopaulo.com.br\/n1\/wp-content\/uploads\/2023\/11\/WhatsApp-Image-2023-11-22-at-18.08.21-150x150.jpeg",150,150,true],"medium":["https:\/\/novosaopaulo.com.br\/n1\/wp-content\/uploads\/2023\/11\/WhatsApp-Image-2023-11-22-at-18.08.21-300x200.jpeg",300,200,true],"medium_large":["https:\/\/novosaopaulo.com.br\/n1\/wp-content\/uploads\/2023\/11\/WhatsApp-Image-2023-11-22-at-18.08.21-768x512.jpeg",640,427,true],"large":["https:\/\/novosaopaulo.com.br\/n1\/wp-content\/uploads\/2023\/11\/WhatsApp-Image-2023-11-22-at-18.08.21-1024x682.jpeg",640,426,true],"1536x1536":["https:\/\/novosaopaulo.com.br\/n1\/wp-content\/uploads\/2023\/11\/WhatsApp-Image-2023-11-22-at-18.08.21-1536x1023.jpeg",1536,1023,true],"2048x2048":["https:\/\/novosaopaulo.com.br\/n1\/wp-content\/uploads\/2023\/11\/WhatsApp-Image-2023-11-22-at-18.08.21.jpeg",1600,1066,false],"newsever-slider-full":["https:\/\/novosaopaulo.com.br\/n1\/wp-content\/uploads\/2023\/11\/WhatsApp-Image-2023-11-22-at-18.08.21-1280x845.jpeg",1280,845,true],"newsever-featured":["https:\/\/novosaopaulo.com.br\/n1\/wp-content\/uploads\/2023\/11\/WhatsApp-Image-2023-11-22-at-18.08.21-1024x682.jpeg",1024,682,true],"newsever-medium":["https:\/\/novosaopaulo.com.br\/n1\/wp-content\/uploads\/2023\/11\/WhatsApp-Image-2023-11-22-at-18.08.21-720x475.jpeg",720,475,true]},"author_info":{"display_name":"Reda\u00e7\u00e3o","author_link":"https:\/\/novosaopaulo.com.br\/n1\/author\/g5poa\/"},"category_info":"<a href=\"https:\/\/novosaopaulo.com.br\/n1\/category\/esportes\/\" rel=\"category tag\">Esportes<\/a> <a href=\"https:\/\/novosaopaulo.com.br\/n1\/category\/geral\/\" rel=\"category tag\">Geral<\/a>","tag_info":"Geral","comment_count":"0","_links":{"self":[{"href":"https:\/\/novosaopaulo.com.br\/n1\/wp-json\/wp\/v2\/posts\/15966"}],"collection":[{"href":"https:\/\/novosaopaulo.com.br\/n1\/wp-json\/wp\/v2\/posts"}],"about":[{"href":"https:\/\/novosaopaulo.com.br\/n1\/wp-json\/wp\/v2\/types\/post"}],"author":[{"embeddable":true,"href":"https:\/\/novosaopaulo.com.br\/n1\/wp-json\/wp\/v2\/users\/1"}],"replies":[{"embeddable":true,"href":"https:\/\/novosaopaulo.com.br\/n1\/wp-json\/wp\/v2\/comments?post=15966"}],"version-history":[{"count":1,"href":"https:\/\/novosaopaulo.com.br\/n1\/wp-json\/wp\/v2\/posts\/15966\/revisions"}],"predecessor-version":[{"id":15971,"href":"https:\/\/novosaopaulo.com.br\/n1\/wp-json\/wp\/v2\/posts\/15966\/revisions\/15971"}],"wp:featuredmedia":[{"embeddable":true,"href":"https:\/\/novosaopaulo.com.br\/n1\/wp-json\/wp\/v2\/media\/15970"}],"wp:attachment":[{"href":"https:\/\/novosaopaulo.com.br\/n1\/wp-json\/wp\/v2\/media?parent=15966"}],"wp:term":[{"taxonomy":"category","embeddable":true,"href":"https:\/\/novosaopaulo.com.br\/n1\/wp-json\/wp\/v2\/categories?post=15966"},{"taxonomy":"post_tag","embeddable":true,"href":"https:\/\/novosaopaulo.com.br\/n1\/wp-json\/wp\/v2\/tags?post=15966"}],"curies":[{"name":"wp","href":"https:\/\/api.w.org\/{rel}","templated":true}]}}