{"id":15957,"date":"2023-11-21T22:34:22","date_gmt":"2023-11-22T01:34:22","guid":{"rendered":"https:\/\/novosaopaulo.com.br\/n1\/?p=15957"},"modified":"2023-11-21T22:34:23","modified_gmt":"2023-11-22T01:34:23","slug":"detran-nao-libera-documento-de-carro-mesmo-com-divida-paga","status":"publish","type":"post","link":"https:\/\/novosaopaulo.com.br\/n1\/detran-nao-libera-documento-de-carro-mesmo-com-divida-paga\/","title":{"rendered":"DETRAN n\u00e3o libera documento de carro mesmo com d\u00edvida paga"},"content":{"rendered":"\n<p>Um motorista poaense est\u00e1 revoltado com o DETRAN de S\u00e3o Paulo, que n\u00e3o liberou o documento de seu carro apreendido, mesmo com a d\u00edvida paga h\u00e1 mais de 15 dias. Em 6 de setembro seu carro foi preso numa blitz perto da esta\u00e7\u00e3o da Vila Matilde por atraso no licenciamento e levado para um p\u00e1tio no bairro do Trememb\u00e9.<br>Como, al\u00e9m do licenciamento, havia uma pend\u00eancia na D\u00edvida Ativa, o total cobrado foi de R$5.309,08. Embora a Procuradoria Geral do Estado permita o parcelamento na D\u00edvida Ativa, isso n\u00e3o foi aceito e o motorista pagou o valor total por pix h\u00e1 15 dias, acreditando que esse tipo de pagamento, que \u00e9 imediato, daria a libera\u00e7\u00e3o do documento.<br>S\u00f3 que isso n\u00e3o aconteceu e o resultado \u00e9 que continua a ser cobrada a di\u00e1ria do p\u00e1tio, que ele acredita estar entre R$200 e 300 reais. O motorista est\u00e1 revoltado porque est\u00e1 pagando p\u00e1tio com tudo j\u00e1 em dia, ningu\u00e9m resolve o problema e em dezembro completam tr\u00eas meses que seu carro est\u00e1 debaixo de sol e chuva.<br>Para ele, p\u00e1tios tinham que ser obrigatoriamente cobertos para dar aos carros a mesma prote\u00e7\u00e3o que eles t\u00eam em casa, no entanto s\u00e3o sempre prec\u00e1rios, porque o interesse \u00e9 apenas faturar. Esse valor da di\u00e1ria deveria ser mensal, segundo sua opini\u00e3o, devido \u00e0 falta de estrutura dos p\u00e1tios, que mais parecem minas de ouro. E o DETRAN, ao dificultar a emiss\u00e3o dos documentos, acaba por ajudar esses locais.<br>Ainda sobre os p\u00e1tios, sua opini\u00e3o \u00e9 que os carros deveriam ficar na cidade onde s\u00e3o apreendidos, ao inv\u00e9s de serem mandados para longe, prejudicando ainda mais o motorista. Como exemplo, citou o caso de um amigo, que teve o caminh\u00e3o preso em Suzano e acabou indo para Diadema, dificultando a vida do propriet\u00e1rio.<br>O motorista protesta pela injusti\u00e7a que est\u00e1 sofrendo e pretende levar o caso ao conhecimento do governador Tarc\u00edsio para que ele reveja o DETRAN e a Procuradoria Geral do Estado para eliminar esses abusos feitos por uma m\u00e1fia que s\u00f3 penaliza a popula\u00e7\u00e3o.<\/p>\n","protected":false},"excerpt":{"rendered":"<p>Um motorista poaense est\u00e1 revoltado com o DETRAN de S\u00e3o Paulo, que n\u00e3o liberou o&#8230;<\/p>\n","protected":false},"author":1,"featured_media":15958,"comment_status":"open","ping_status":"open","sticky":false,"template":"","format":"standard","meta":{"footnotes":""},"categories":[9],"tags":[],"featured_image_urls":{"full":["https:\/\/novosaopaulo.com.br\/n1\/wp-content\/uploads\/2023\/11\/5553765-1160x774-1.jpg",1160,774,false],"thumbnail":["https:\/\/novosaopaulo.com.br\/n1\/wp-content\/uploads\/2023\/11\/5553765-1160x774-1-150x150.jpg",150,150,true],"medium":["https:\/\/novosaopaulo.com.br\/n1\/wp-content\/uploads\/2023\/11\/5553765-1160x774-1-300x200.jpg",300,200,true],"medium_large":["https:\/\/novosaopaulo.com.br\/n1\/wp-content\/uploads\/2023\/11\/5553765-1160x774-1-768x512.jpg",640,427,true],"large":["https:\/\/novosaopaulo.com.br\/n1\/wp-content\/uploads\/2023\/11\/5553765-1160x774-1-1024x683.jpg",640,427,true],"1536x1536":["https:\/\/novosaopaulo.com.br\/n1\/wp-content\/uploads\/2023\/11\/5553765-1160x774-1.jpg",1160,774,false],"2048x2048":["https:\/\/novosaopaulo.com.br\/n1\/wp-content\/uploads\/2023\/11\/5553765-1160x774-1.jpg",1160,774,false],"newsever-slider-full":["https:\/\/novosaopaulo.com.br\/n1\/wp-content\/uploads\/2023\/11\/5553765-1160x774-1.jpg",1160,774,false],"newsever-featured":["https:\/\/novosaopaulo.com.br\/n1\/wp-content\/uploads\/2023\/11\/5553765-1160x774-1-1024x683.jpg",1024,683,true],"newsever-medium":["https:\/\/novosaopaulo.com.br\/n1\/wp-content\/uploads\/2023\/11\/5553765-1160x774-1-720x475.jpg",720,475,true]},"author_info":{"display_name":"Reda\u00e7\u00e3o","author_link":"https:\/\/novosaopaulo.com.br\/n1\/author\/g5poa\/"},"category_info":"<a href=\"https:\/\/novosaopaulo.com.br\/n1\/category\/geral\/\" rel=\"category tag\">Geral<\/a>","tag_info":"Geral","comment_count":"0","_links":{"self":[{"href":"https:\/\/novosaopaulo.com.br\/n1\/wp-json\/wp\/v2\/posts\/15957"}],"collection":[{"href":"https:\/\/novosaopaulo.com.br\/n1\/wp-json\/wp\/v2\/posts"}],"about":[{"href":"https:\/\/novosaopaulo.com.br\/n1\/wp-json\/wp\/v2\/types\/post"}],"author":[{"embeddable":true,"href":"https:\/\/novosaopaulo.com.br\/n1\/wp-json\/wp\/v2\/users\/1"}],"replies":[{"embeddable":true,"href":"https:\/\/novosaopaulo.com.br\/n1\/wp-json\/wp\/v2\/comments?post=15957"}],"version-history":[{"count":1,"href":"https:\/\/novosaopaulo.com.br\/n1\/wp-json\/wp\/v2\/posts\/15957\/revisions"}],"predecessor-version":[{"id":15959,"href":"https:\/\/novosaopaulo.com.br\/n1\/wp-json\/wp\/v2\/posts\/15957\/revisions\/15959"}],"wp:featuredmedia":[{"embeddable":true,"href":"https:\/\/novosaopaulo.com.br\/n1\/wp-json\/wp\/v2\/media\/15958"}],"wp:attachment":[{"href":"https:\/\/novosaopaulo.com.br\/n1\/wp-json\/wp\/v2\/media?parent=15957"}],"wp:term":[{"taxonomy":"category","embeddable":true,"href":"https:\/\/novosaopaulo.com.br\/n1\/wp-json\/wp\/v2\/categories?post=15957"},{"taxonomy":"post_tag","embeddable":true,"href":"https:\/\/novosaopaulo.com.br\/n1\/wp-json\/wp\/v2\/tags?post=15957"}],"curies":[{"name":"wp","href":"https:\/\/api.w.org\/{rel}","templated":true}]}}