{"id":15934,"date":"2023-11-18T23:21:02","date_gmt":"2023-11-19T02:21:02","guid":{"rendered":"https:\/\/novosaopaulo.com.br\/n1\/?p=15934"},"modified":"2023-11-18T23:21:02","modified_gmt":"2023-11-19T02:21:02","slug":"boletim-da-situacao-das-chuvas-no-estado-18-11-2023-22h30","status":"publish","type":"post","link":"https:\/\/novosaopaulo.com.br\/n1\/boletim-da-situacao-das-chuvas-no-estado-18-11-2023-22h30\/","title":{"rendered":"Boletim da situa\u00e7\u00e3o das chuvas no estado &#8211; 18\/11\/2023 &#8211; 22H30"},"content":{"rendered":"\n<p>As equipes de Defesa Civil em todo o estado permanecem em prontid\u00e3o at\u00e9 este domingo (19) devido \u00e0 previs\u00e3o de tempestades com rajadas de vento acima de 60 km\/h em cidades do interior, litoral e Grande S\u00e3o Paulo.<\/p>\n\n\n\n<p>Entre a noite de ontem e diferentes per\u00edodos deste s\u00e1bado (18) foram registrados ventos de forte intensidade nas regi\u00f5es de Bauru, Franca, Mar\u00edlia, Ribeir\u00e3o Preto, Presidente Prudente, Vale do Para\u00edba e na Capital.<\/p>\n\n\n\n<p>Em Itapeva, os ventos foram acompanhados por chuvas fortes que resultaram em quedas de \u00e1rvores, destelhamentos e desabamentos. A quadra da Escola Municipal Professora Auto Rolim foi danificada e parte do muro e da cobertura da Escola Municipal Professora Celso Duch foram destru\u00eddos. Parte da estrutura do aeroclube local tamb\u00e9m desabou, atingindo quatro aeronaves. Ningu\u00e9m ficou ferido.<\/p>\n\n\n\n<p>Em Ubatuba, o muro da Escola Estadual Professora \u00c1urea Moreira Rachou caiu. O reparo j\u00e1 foi agendado para a pr\u00f3xima ter\u00e7a-feira (21) e n\u00e3o impactar\u00e1 as aulas. Em Barretos, foram registradas sete quedas de \u00e1rvores nos bairros Centro, Rural, Flosi, Monte Castelo, Jardim Allah e Oriente. Em Pariquera-A\u00e7u houve o desabamento de estrutura em um evento, na Avenida Ol\u00edmpica, Vila Paulino Ribeiro.<\/p>\n\n\n\n<p>Estradas<br>O Departamento de Estradas de Rodagem (DER) registrou cinco ocorr\u00eancias de interrup\u00e7\u00f5es parciais ou totais por queda de \u00e1rvores em rodovias estaduais.<\/p>\n\n\n\n<p>Interrup\u00e7\u00e3o Parcial<\/p>\n\n\n\n<p>SP 281 \u2013 Rodovia Apar\u00edcio Biglio Filho \u2013 KM 7 \u2013 Itarar\u00e9<br>Sistema pare e siga pelo sentido norte. Houve interdi\u00e7\u00e3o total por 00h35, com desvio do tr\u00e1fego por via municipal sem congestionamento.<\/p>\n\n\n\n<p>SP 79 &#8211; Rodovia Padre Guilherme \u2013 KM 118 \u2013 Piedade<br>Interdi\u00e7\u00e3o de uma faixa de rolamento.<\/p>\n\n\n\n<p>SP 459\/230 &#8211; Rodovia Jos\u00e9 Padovan \u2013 KM 3 e 10 &#8211; Pariquera-A\u00e7u<br>Interdi\u00e7\u00e3o parcial no sentido sul com pare e siga pela pista Norte.<\/p>\n\n\n\n<p>Interdi\u00e7\u00e3o Total<br>SP 165 &#8211; Rodovia Benedito Pascoal de Fran\u00e7a \u2013 KM 98 \u2013 Pariquera-A\u00e7u<br>Interdi\u00e7\u00e3o total, sem op\u00e7\u00e3o de desvio do tr\u00e1fego.<\/p>\n\n\n\n<p>As equipes do departamento trabalham para desobstruir as pistas e liberar completamente o tr\u00e1fego. Enquanto as condi\u00e7\u00f5es clim\u00e1ticas adversas persistirem, o departamento manter\u00e1 as equipes em monitoramento permanente.<\/p>\n\n\n\n<p>Previs\u00e3o do tempo<\/p>\n\n\n\n<p>A previs\u00e3o do tempo para esse domingo \u00e9 de pancada de chuva generalizada em todo estado. As precipita\u00e7\u00f5es podem variar de moderada \u00e0 forte intensidade e ser seguidas por raios, ventos e eventualmente granizo. Nas regi\u00f5es litor\u00e2neas, a chuva ser\u00e1 persistente ao longo do dia e as temperaturas ficar\u00e3o mais amenas principalmente nas cidades da faixa leste paulista. Na regi\u00e3o de Bauru, a previs\u00e3o \u00e9 de chuva intensa tamb\u00e9m, com acumulados expressivos.<\/p>\n\n\n\n<p>Na Capital, haver\u00e1 condi\u00e7\u00f5es para tempestades a qualquer momento do dia. Na parte da tarde, as temperaturas podem chegar a 26\u00b0C, esfriando ao anoitecer, com m\u00ednima de 19\u00b0C. O risco para transtornos \u00e9 elevado em todo o territ\u00f3rio paulista, sendo recomendado aten\u00e7\u00e3o redobrada \u00e0s \u00e1reas e estruturas mais vulner\u00e1veis.<\/p>\n\n\n\n<p>Recomenda\u00e7\u00f5es<\/p>\n\n\n\n<p>Nos pr\u00f3ximos dias, a Defesa Civil recomenda que a popula\u00e7\u00e3o fique atenta a mudan\u00e7as bruscas no clima e tome precau\u00e7\u00f5es em caso de chuva forte ou rajadas de vento. Evite \u00e1reas arborizadas durante a tempestade, devido ao risco de quedas de \u00e1rvores, e mantenha-se informado por meios oficiais para receber informa\u00e7\u00f5es atualizadas sobre as condi\u00e7\u00f5es clim\u00e1ticas e poss\u00edveis alertas.<\/p>\n\n\n\n<p>Ao identificar sinais de ventos intensos, busque abrigo em locais seguros e longe de estruturas suscet\u00edveis a danos, como postes, \u00e1rvores ou fia\u00e7\u00f5es el\u00e9tricas. Antecipe-se a poss\u00edveis incidentes verificando a estabilidade de \u00e1rvores pr\u00f3ximas \u00e0 sua resid\u00eancia \u2013 caso identifique riscos, acione autoridades competentes para avalia\u00e7\u00e3o e provid\u00eancias.<\/p>\n\n\n\n<p>Certifique-se de que objetos soltos em \u00e1reas externas, como m\u00f3veis de jardim e utens\u00edlios, estejam devidamente guardados para evitar danos materiais e acidentes. Na condu\u00e7\u00e3o, reduza a velocidade em condi\u00e7\u00f5es adversas, mantendo dist\u00e2ncia segura de outros ve\u00edculos, e esteja atento a poss\u00edveis bloqueios vi\u00e1rios devido a quedas de \u00e1rvores e alagamentos.<\/p>\n\n\n\n<p>As autoridades estaduais tamb\u00e9m recomendam que cada prefeitura avalie a necessidade, de acordo com as condi\u00e7\u00f5es clim\u00e1ticas locais, de suspens\u00e3o ou cancelamento de atividades e eventos p\u00fablicos ou privados ao ar livre.<\/p>\n","protected":false},"excerpt":{"rendered":"<p>As equipes de Defesa Civil em todo o estado permanecem em prontid\u00e3o at\u00e9 este domingo&#8230;<\/p>\n","protected":false},"author":1,"featured_media":15935,"comment_status":"open","ping_status":"open","sticky":false,"template":"","format":"standard","meta":{"footnotes":""},"categories":[2],"tags":[],"featured_image_urls":{"full":["https:\/\/novosaopaulo.com.br\/n1\/wp-content\/uploads\/2023\/11\/8mar2023-pedestres-se-protegem-de-temporal-na-avenida-paulista-na-regiao-centro-sul-da-cidade-de-sao-paulo-na-tarde-desta-quarta-feira-1678309132801_v2_900x506.jpg",900,506,false],"thumbnail":["https:\/\/novosaopaulo.com.br\/n1\/wp-content\/uploads\/2023\/11\/8mar2023-pedestres-se-protegem-de-temporal-na-avenida-paulista-na-regiao-centro-sul-da-cidade-de-sao-paulo-na-tarde-desta-quarta-feira-1678309132801_v2_900x506-150x150.jpg",150,150,true],"medium":["https:\/\/novosaopaulo.com.br\/n1\/wp-content\/uploads\/2023\/11\/8mar2023-pedestres-se-protegem-de-temporal-na-avenida-paulista-na-regiao-centro-sul-da-cidade-de-sao-paulo-na-tarde-desta-quarta-feira-1678309132801_v2_900x506-300x169.jpg",300,169,true],"medium_large":["https:\/\/novosaopaulo.com.br\/n1\/wp-content\/uploads\/2023\/11\/8mar2023-pedestres-se-protegem-de-temporal-na-avenida-paulista-na-regiao-centro-sul-da-cidade-de-sao-paulo-na-tarde-desta-quarta-feira-1678309132801_v2_900x506-768x432.jpg",640,360,true],"large":["https:\/\/novosaopaulo.com.br\/n1\/wp-content\/uploads\/2023\/11\/8mar2023-pedestres-se-protegem-de-temporal-na-avenida-paulista-na-regiao-centro-sul-da-cidade-de-sao-paulo-na-tarde-desta-quarta-feira-1678309132801_v2_900x506.jpg",640,360,false],"1536x1536":["https:\/\/novosaopaulo.com.br\/n1\/wp-content\/uploads\/2023\/11\/8mar2023-pedestres-se-protegem-de-temporal-na-avenida-paulista-na-regiao-centro-sul-da-cidade-de-sao-paulo-na-tarde-desta-quarta-feira-1678309132801_v2_900x506.jpg",900,506,false],"2048x2048":["https:\/\/novosaopaulo.com.br\/n1\/wp-content\/uploads\/2023\/11\/8mar2023-pedestres-se-protegem-de-temporal-na-avenida-paulista-na-regiao-centro-sul-da-cidade-de-sao-paulo-na-tarde-desta-quarta-feira-1678309132801_v2_900x506.jpg",900,506,false],"newsever-slider-full":["https:\/\/novosaopaulo.com.br\/n1\/wp-content\/uploads\/2023\/11\/8mar2023-pedestres-se-protegem-de-temporal-na-avenida-paulista-na-regiao-centro-sul-da-cidade-de-sao-paulo-na-tarde-desta-quarta-feira-1678309132801_v2_900x506.jpg",900,506,false],"newsever-featured":["https:\/\/novosaopaulo.com.br\/n1\/wp-content\/uploads\/2023\/11\/8mar2023-pedestres-se-protegem-de-temporal-na-avenida-paulista-na-regiao-centro-sul-da-cidade-de-sao-paulo-na-tarde-desta-quarta-feira-1678309132801_v2_900x506.jpg",900,506,false],"newsever-medium":["https:\/\/novosaopaulo.com.br\/n1\/wp-content\/uploads\/2023\/11\/8mar2023-pedestres-se-protegem-de-temporal-na-avenida-paulista-na-regiao-centro-sul-da-cidade-de-sao-paulo-na-tarde-desta-quarta-feira-1678309132801_v2_900x506-720x475.jpg",720,475,true]},"author_info":{"display_name":"Reda\u00e7\u00e3o","author_link":"https:\/\/novosaopaulo.com.br\/n1\/author\/g5poa\/"},"category_info":"<a href=\"https:\/\/novosaopaulo.com.br\/n1\/category\/cidades\/\" rel=\"category tag\">Cidades<\/a>","tag_info":"Cidades","comment_count":"0","_links":{"self":[{"href":"https:\/\/novosaopaulo.com.br\/n1\/wp-json\/wp\/v2\/posts\/15934"}],"collection":[{"href":"https:\/\/novosaopaulo.com.br\/n1\/wp-json\/wp\/v2\/posts"}],"about":[{"href":"https:\/\/novosaopaulo.com.br\/n1\/wp-json\/wp\/v2\/types\/post"}],"author":[{"embeddable":true,"href":"https:\/\/novosaopaulo.com.br\/n1\/wp-json\/wp\/v2\/users\/1"}],"replies":[{"embeddable":true,"href":"https:\/\/novosaopaulo.com.br\/n1\/wp-json\/wp\/v2\/comments?post=15934"}],"version-history":[{"count":1,"href":"https:\/\/novosaopaulo.com.br\/n1\/wp-json\/wp\/v2\/posts\/15934\/revisions"}],"predecessor-version":[{"id":15936,"href":"https:\/\/novosaopaulo.com.br\/n1\/wp-json\/wp\/v2\/posts\/15934\/revisions\/15936"}],"wp:featuredmedia":[{"embeddable":true,"href":"https:\/\/novosaopaulo.com.br\/n1\/wp-json\/wp\/v2\/media\/15935"}],"wp:attachment":[{"href":"https:\/\/novosaopaulo.com.br\/n1\/wp-json\/wp\/v2\/media?parent=15934"}],"wp:term":[{"taxonomy":"category","embeddable":true,"href":"https:\/\/novosaopaulo.com.br\/n1\/wp-json\/wp\/v2\/categories?post=15934"},{"taxonomy":"post_tag","embeddable":true,"href":"https:\/\/novosaopaulo.com.br\/n1\/wp-json\/wp\/v2\/tags?post=15934"}],"curies":[{"name":"wp","href":"https:\/\/api.w.org\/{rel}","templated":true}]}}