{"id":15923,"date":"2023-11-18T23:14:02","date_gmt":"2023-11-19T02:14:02","guid":{"rendered":"https:\/\/novosaopaulo.com.br\/n1\/?p=15923"},"modified":"2023-11-18T23:14:03","modified_gmt":"2023-11-19T02:14:03","slug":"fa-de-taylor-swift-morreu-por-absoluta-falta-de-bom-senso-dos-organizadores-do-show-afirma-especialista-em-direito-do-consumidor","status":"publish","type":"post","link":"https:\/\/novosaopaulo.com.br\/n1\/fa-de-taylor-swift-morreu-por-absoluta-falta-de-bom-senso-dos-organizadores-do-show-afirma-especialista-em-direito-do-consumidor\/","title":{"rendered":"F\u00e3 de Taylor Swift morreu por absoluta falta de bom-senso dos organizadores do show\u201d, afirma especialista em Direito do Consumidor"},"content":{"rendered":"\n<p>Para o advogado Arthur Rollo, \u00e9 inconceb\u00edvel empresa que trouxe a cantora para o Brasil n\u00e3o ter providenciado meios de resfriamento (\u00e1gua, jatos e tendas) para o p\u00fablico, diante \u00e0 maior onda de calor de todos os tempos do sudeste do Pa\u00eds<\/p>\n\n\n\n<p>\u201cO consumidor precisa ter assegurada sua vida, sua sa\u00fade e sua seguran\u00e7a, inclusive quem compra ingresso para shows\u201d. A observa\u00e7\u00e3o \u00e9 do advogado Arthur Rollo, ao analisar a morte de Ana Clara Benevides Machado, de 23 anos, na noite dessa sexta-feira (17\/11), durante o show da cantora norte-americana Taylor Swift, no Est\u00e1dio \u201cNilton Santos\u201d, o Engenh\u00e3o, no Rio de Janeiro-RJ.<\/p>\n\n\n\n<p>Segundo testemunhas, Ana Clara passou mal j\u00e1 nas primeiras m\u00fasicas do evento. A f\u00e3 chegou a desmaiar e foi socorrida para o ponto de atendimento m\u00e9dico do est\u00e1dio. Contudo, teve uma parada cardiorrespirat\u00f3ria e, mesmo sendo reanimada, ao dar entrada num hospital, n\u00e3o resistiu.<\/p>\n\n\n\n<p>Al\u00e9m da jovem, que era estudante de Psicologia e vivia no estado do Mato Grosso do Sul, houve o registro no show de ontem de mais de mil desmaios, o que, segundo Rollo, indica que o calor intenso tenha sido o motivador da situa\u00e7\u00e3o \u201cinsalubre e arriscada\u201d.<\/p>\n\n\n\n<p>O evento ocorreu num per\u00edodo de forte calor em v\u00e1rios estados do Brasil. Nessa sexta, por exemplo, a sensa\u00e7\u00e3o t\u00e9rmica se aproximou dos 60\u00b0&nbsp;na cidade do Rio:<\/p>\n\n\n\n<p>\u201cA f\u00e3 da Taylor Swift morreu por absoluta falta de bom senso dos organizadores do show. Eles tinham de ter providenciado meios de resfriar o local, como tendas, jatos de \u00e1gua, e o acesso \u00e0 \u00e1gua pot\u00e1vel. Cabe, agora, a responsabiliza\u00e7\u00e3o pela morte, que \u00e9 objetiva &#8211; deve caber indeniza\u00e7\u00e3o, sim. Al\u00e9m disso, que haja preven\u00e7\u00e3o, para que outros incidentes como este sejam evitados no Pa\u00eds\u201d, refor\u00e7a Rollo, que \u00e9 doutor e mestre em Direito, especialista em Defesa do Consumidor e ex-secret\u00e1rio nacional do Consumidor do Minist\u00e9rio da Justi\u00e7a e Seguran\u00e7a P\u00fablica.<\/p>\n\n\n\n<p>O profissional diz que, por mais que a empresa que trouxe Taylor Swift para as apresenta\u00e7\u00f5es no Brasil alegue que a f\u00e3 morreu por causas naturais, por for\u00e7a de comorbidades, ou por qualquer outro fator, \u00e9 necess\u00e1rio levar em conta a desidrata\u00e7\u00e3o pela qual Ana Clara foi submetida:<\/p>\n\n\n\n<p>\u201cN\u00e3o \u00e9 normal que algu\u00e9m v\u00e1 para o show do seu artista preferido e morra de calor. A sa\u00fade, a seguran\u00e7a e a vida do consumidor devem ser asseguradas por quem promove o evento. E, percebe-se que, o promotor da apresenta\u00e7\u00e3o ignorou os sinais de alerta dos \u00f3rg\u00e3os competentes, como \u00e9 o caso da Defesa Civil, quanto \u00e0 intensa onda de calor em v\u00e1rias partes do Pa\u00eds, sabendo, inclusive, que muitos f\u00e3s chegam cedo, para pegar os melhores lugares, e acabam ficando no local por 12 horas ou mais. Foi absoluta falta de bom senso dos organizadores do evento. Minimamente, a \u00e1gua deveria estar sendo oferecida por pre\u00e7o acess\u00edvel e em v\u00e1rios locais do est\u00e1dio\u201d, considera.<\/p>\n\n\n\n<p>Senacon<br>Ap\u00f3s a morte de Ana Clara e o registro de cerca de mil desmaios no show de sexta, a Secretaria Nacional do Consumidor (Senacon) baixou uma portaria que libera o p\u00fablico a levar \u00e1gua nos eventos, ao menos durante a onda de calor intensa registrada no Brasil. At\u00e9 ontem, a entrada dos f\u00e3s com garrafas e copos com o l\u00edquido n\u00e3o era permitida:<\/p>\n\n\n\n<p>\u201cA portaria tamb\u00e9m prev\u00ea que os organizadores de grandes shows forne\u00e7am \u00e1gua aos consumidores. Por\u00e9m, sinto falta, at\u00e9 na resolu\u00e7\u00e3o da Senacon, que esteja prevista a obrigatoriedade de os promotores informarem em v\u00e1rios locais do evento sobre a import\u00e2ncia de se beber \u00e1gua de duas em duas horas, por exemplo. Afinal, tamb\u00e9m \u00e9 dever do consumidor a informa\u00e7\u00e3o\u201d.<\/p>\n","protected":false},"excerpt":{"rendered":"<p>Para o advogado Arthur Rollo, \u00e9 inconceb\u00edvel empresa que trouxe a cantora para o Brasil&#8230;<\/p>\n","protected":false},"author":1,"featured_media":15924,"comment_status":"open","ping_status":"open","sticky":false,"template":"","format":"standard","meta":{"footnotes":""},"categories":[2,45],"tags":[],"featured_image_urls":{"full":["https:\/\/novosaopaulo.com.br\/n1\/wp-content\/uploads\/2023\/11\/105066637-sc-rio-de-janeiro-rj-17-11-2023-show-da-cantora-taylor-swift-no-estadio-nilton-santo.webp",888,592,false],"thumbnail":["https:\/\/novosaopaulo.com.br\/n1\/wp-content\/uploads\/2023\/11\/105066637-sc-rio-de-janeiro-rj-17-11-2023-show-da-cantora-taylor-swift-no-estadio-nilton-santo-150x150.webp",150,150,true],"medium":["https:\/\/novosaopaulo.com.br\/n1\/wp-content\/uploads\/2023\/11\/105066637-sc-rio-de-janeiro-rj-17-11-2023-show-da-cantora-taylor-swift-no-estadio-nilton-santo-300x200.webp",300,200,true],"medium_large":["https:\/\/novosaopaulo.com.br\/n1\/wp-content\/uploads\/2023\/11\/105066637-sc-rio-de-janeiro-rj-17-11-2023-show-da-cantora-taylor-swift-no-estadio-nilton-santo-768x512.webp",640,427,true],"large":["https:\/\/novosaopaulo.com.br\/n1\/wp-content\/uploads\/2023\/11\/105066637-sc-rio-de-janeiro-rj-17-11-2023-show-da-cantora-taylor-swift-no-estadio-nilton-santo.webp",640,427,false],"1536x1536":["https:\/\/novosaopaulo.com.br\/n1\/wp-content\/uploads\/2023\/11\/105066637-sc-rio-de-janeiro-rj-17-11-2023-show-da-cantora-taylor-swift-no-estadio-nilton-santo.webp",888,592,false],"2048x2048":["https:\/\/novosaopaulo.com.br\/n1\/wp-content\/uploads\/2023\/11\/105066637-sc-rio-de-janeiro-rj-17-11-2023-show-da-cantora-taylor-swift-no-estadio-nilton-santo.webp",888,592,false],"newsever-slider-full":["https:\/\/novosaopaulo.com.br\/n1\/wp-content\/uploads\/2023\/11\/105066637-sc-rio-de-janeiro-rj-17-11-2023-show-da-cantora-taylor-swift-no-estadio-nilton-santo.webp",888,592,false],"newsever-featured":["https:\/\/novosaopaulo.com.br\/n1\/wp-content\/uploads\/2023\/11\/105066637-sc-rio-de-janeiro-rj-17-11-2023-show-da-cantora-taylor-swift-no-estadio-nilton-santo.webp",888,592,false],"newsever-medium":["https:\/\/novosaopaulo.com.br\/n1\/wp-content\/uploads\/2023\/11\/105066637-sc-rio-de-janeiro-rj-17-11-2023-show-da-cantora-taylor-swift-no-estadio-nilton-santo-720x475.webp",720,475,true]},"author_info":{"display_name":"Reda\u00e7\u00e3o","author_link":"https:\/\/novosaopaulo.com.br\/n1\/author\/g5poa\/"},"category_info":"<a href=\"https:\/\/novosaopaulo.com.br\/n1\/category\/cidades\/\" rel=\"category tag\">Cidades<\/a> <a href=\"https:\/\/novosaopaulo.com.br\/n1\/category\/cultura\/\" rel=\"category tag\">Cultura<\/a>","tag_info":"Cultura","comment_count":"0","_links":{"self":[{"href":"https:\/\/novosaopaulo.com.br\/n1\/wp-json\/wp\/v2\/posts\/15923"}],"collection":[{"href":"https:\/\/novosaopaulo.com.br\/n1\/wp-json\/wp\/v2\/posts"}],"about":[{"href":"https:\/\/novosaopaulo.com.br\/n1\/wp-json\/wp\/v2\/types\/post"}],"author":[{"embeddable":true,"href":"https:\/\/novosaopaulo.com.br\/n1\/wp-json\/wp\/v2\/users\/1"}],"replies":[{"embeddable":true,"href":"https:\/\/novosaopaulo.com.br\/n1\/wp-json\/wp\/v2\/comments?post=15923"}],"version-history":[{"count":1,"href":"https:\/\/novosaopaulo.com.br\/n1\/wp-json\/wp\/v2\/posts\/15923\/revisions"}],"predecessor-version":[{"id":15925,"href":"https:\/\/novosaopaulo.com.br\/n1\/wp-json\/wp\/v2\/posts\/15923\/revisions\/15925"}],"wp:featuredmedia":[{"embeddable":true,"href":"https:\/\/novosaopaulo.com.br\/n1\/wp-json\/wp\/v2\/media\/15924"}],"wp:attachment":[{"href":"https:\/\/novosaopaulo.com.br\/n1\/wp-json\/wp\/v2\/media?parent=15923"}],"wp:term":[{"taxonomy":"category","embeddable":true,"href":"https:\/\/novosaopaulo.com.br\/n1\/wp-json\/wp\/v2\/categories?post=15923"},{"taxonomy":"post_tag","embeddable":true,"href":"https:\/\/novosaopaulo.com.br\/n1\/wp-json\/wp\/v2\/tags?post=15923"}],"curies":[{"name":"wp","href":"https:\/\/api.w.org\/{rel}","templated":true}]}}