{"id":15833,"date":"2023-11-16T00:19:12","date_gmt":"2023-11-16T03:19:12","guid":{"rendered":"https:\/\/novosaopaulo.com.br\/n1\/?p=15833"},"modified":"2023-11-16T00:19:13","modified_gmt":"2023-11-16T03:19:13","slug":"policiais-federais-fazem-nova-mobilizacao-nesta-5a-feira-e-suspendem-atividades-no-estado-de-sao-paulo","status":"publish","type":"post","link":"https:\/\/novosaopaulo.com.br\/n1\/policiais-federais-fazem-nova-mobilizacao-nesta-5a-feira-e-suspendem-atividades-no-estado-de-sao-paulo\/","title":{"rendered":"Policiais federais fazem nova mobiliza\u00e7\u00e3o nesta 5\u00aa feira e suspendem atividades no estado de S\u00e3o Paulo"},"content":{"rendered":"\n<p>Categoria exige que governo federal viabilize programa de reestrutura\u00e7\u00e3o com direito a reajuste salarial<\/p>\n\n\n\n<p>Os policiais federais de S\u00e3o Paulo realizam nesta quinta-feira (16\/11) uma mobiliza\u00e7\u00e3o a favor da reestrutura\u00e7\u00e3o das carreiras policial e administrativa. A iniciativa foi motivada pela falta de avan\u00e7o nas negocia\u00e7\u00f5es da institui\u00e7\u00e3o com o governo federal, segundo o Sindicato dos Policiais Federais em S\u00e3o Paulo (SINDPF\/SP). A categoria alega que a proposta foi chancelada pelo governo federal. Entretanto, at\u00e9 o momento, n\u00e3o foram apresentados meios para execu\u00e7\u00e3o.<\/p>\n\n\n\n<p>A mobiliza\u00e7\u00e3o acontece no Dia do Policial Federal, celebrado, oficialmente, no Brasil, em 16\/11. Est\u00e1 marcada para \u00e0s 11 horas uma concentra\u00e7\u00e3o simb\u00f3lica na sede da Superintend\u00eancia da Pol\u00edcia Federal, na Lapa de Baixo, em S\u00e3o Paulo-SP (rua Hugo D\u2019Antola, 95). O movimento contar\u00e1 com a ades\u00e3o de delegados, agentes, escriv\u00e3es, papiloscopistas e peritos da Pol\u00edcia Federal. Os servidores administrativos da institui\u00e7\u00e3o tamb\u00e9m confirmaram participa\u00e7\u00e3o.<\/p>\n\n\n\n<p>De acordo com Susanna do Val Moore, presidente do SINPF\/SP, est\u00e3o previstas mobiliza\u00e7\u00f5es, amanh\u00e3, tamb\u00e9m na Superintend\u00eancia da Pol\u00edcia Federal e em demais Delegacias da institui\u00e7\u00e3o que funcionam no estado. A iniciativa em solo paulista tem \u00e0 frente o SINPF\/SP em conson\u00e2ncia com o calend\u00e1rio definido para todo o Pa\u00eds pela Federa\u00e7\u00e3o Nacional dos Policiais Federais (FENAPEF).<\/p>\n\n\n\n<p>De acordo com Susanna, a categoria est\u00e1 insatisfeita com a demora na implementa\u00e7\u00e3o da proposta de reestrutura\u00e7\u00e3o, apresentada pelo pr\u00f3prio governo federal, e que contemplaria as carreiras policial e administrativa da Pol\u00edcia Federal.<\/p>\n\n\n\n<p>Elaborada pela Dire\u00e7\u00e3o-Geral da institui\u00e7\u00e3o, em acordo com as principais entidades representativas dos policiais federais do Pa\u00eds e servidores administrativos, a reestrutura\u00e7\u00e3o foi encaminhada em fevereiro ao Minist\u00e9rio da Justi\u00e7a e Seguran\u00e7a P\u00fablica. A proposta teria sido, ainda, acolhida pelo Minist\u00e9rio da Gest\u00e3o e da Inova\u00e7\u00e3o nos Servi\u00e7os P\u00fablicos. Contudo, n\u00e3o houve retorno quanto ao tema, at\u00e9 o momento.<\/p>\n\n\n\n<p>Segundo a presidente do SINPF\/SP, outras carreiras dentro do governo federal foram reestruturadas nos \u00faltimos 20 anos, menos a Pol\u00edcia Federal:<\/p>\n\n\n\n<p>\u201cPrecisamos corrigir uma defasagem hist\u00f3rica. Essa discrep\u00e2ncia na remunera\u00e7\u00e3o torna o policial federal menos valorizado entre as carreiras t\u00edpicas de Estado\u201d, destaca Susanna.<\/p>\n","protected":false},"excerpt":{"rendered":"<p>Categoria exige que governo federal viabilize programa de reestrutura\u00e7\u00e3o com direito a reajuste salarial Os&#8230;<\/p>\n","protected":false},"author":1,"featured_media":15834,"comment_status":"open","ping_status":"open","sticky":false,"template":"","format":"standard","meta":{"footnotes":""},"categories":[2],"tags":[],"featured_image_urls":{"full":["https:\/\/novosaopaulo.com.br\/n1\/wp-content\/uploads\/2023\/11\/WhatsApp-Image-2023-11-15-at-22.39.49.jpeg",780,520,false],"thumbnail":["https:\/\/novosaopaulo.com.br\/n1\/wp-content\/uploads\/2023\/11\/WhatsApp-Image-2023-11-15-at-22.39.49-150x150.jpeg",150,150,true],"medium":["https:\/\/novosaopaulo.com.br\/n1\/wp-content\/uploads\/2023\/11\/WhatsApp-Image-2023-11-15-at-22.39.49-300x200.jpeg",300,200,true],"medium_large":["https:\/\/novosaopaulo.com.br\/n1\/wp-content\/uploads\/2023\/11\/WhatsApp-Image-2023-11-15-at-22.39.49-768x512.jpeg",640,427,true],"large":["https:\/\/novosaopaulo.com.br\/n1\/wp-content\/uploads\/2023\/11\/WhatsApp-Image-2023-11-15-at-22.39.49.jpeg",640,427,false],"1536x1536":["https:\/\/novosaopaulo.com.br\/n1\/wp-content\/uploads\/2023\/11\/WhatsApp-Image-2023-11-15-at-22.39.49.jpeg",780,520,false],"2048x2048":["https:\/\/novosaopaulo.com.br\/n1\/wp-content\/uploads\/2023\/11\/WhatsApp-Image-2023-11-15-at-22.39.49.jpeg",780,520,false],"newsever-slider-full":["https:\/\/novosaopaulo.com.br\/n1\/wp-content\/uploads\/2023\/11\/WhatsApp-Image-2023-11-15-at-22.39.49.jpeg",780,520,false],"newsever-featured":["https:\/\/novosaopaulo.com.br\/n1\/wp-content\/uploads\/2023\/11\/WhatsApp-Image-2023-11-15-at-22.39.49.jpeg",780,520,false],"newsever-medium":["https:\/\/novosaopaulo.com.br\/n1\/wp-content\/uploads\/2023\/11\/WhatsApp-Image-2023-11-15-at-22.39.49-720x475.jpeg",720,475,true]},"author_info":{"display_name":"Reda\u00e7\u00e3o","author_link":"https:\/\/novosaopaulo.com.br\/n1\/author\/g5poa\/"},"category_info":"<a href=\"https:\/\/novosaopaulo.com.br\/n1\/category\/cidades\/\" rel=\"category tag\">Cidades<\/a>","tag_info":"Cidades","comment_count":"0","_links":{"self":[{"href":"https:\/\/novosaopaulo.com.br\/n1\/wp-json\/wp\/v2\/posts\/15833"}],"collection":[{"href":"https:\/\/novosaopaulo.com.br\/n1\/wp-json\/wp\/v2\/posts"}],"about":[{"href":"https:\/\/novosaopaulo.com.br\/n1\/wp-json\/wp\/v2\/types\/post"}],"author":[{"embeddable":true,"href":"https:\/\/novosaopaulo.com.br\/n1\/wp-json\/wp\/v2\/users\/1"}],"replies":[{"embeddable":true,"href":"https:\/\/novosaopaulo.com.br\/n1\/wp-json\/wp\/v2\/comments?post=15833"}],"version-history":[{"count":1,"href":"https:\/\/novosaopaulo.com.br\/n1\/wp-json\/wp\/v2\/posts\/15833\/revisions"}],"predecessor-version":[{"id":15835,"href":"https:\/\/novosaopaulo.com.br\/n1\/wp-json\/wp\/v2\/posts\/15833\/revisions\/15835"}],"wp:featuredmedia":[{"embeddable":true,"href":"https:\/\/novosaopaulo.com.br\/n1\/wp-json\/wp\/v2\/media\/15834"}],"wp:attachment":[{"href":"https:\/\/novosaopaulo.com.br\/n1\/wp-json\/wp\/v2\/media?parent=15833"}],"wp:term":[{"taxonomy":"category","embeddable":true,"href":"https:\/\/novosaopaulo.com.br\/n1\/wp-json\/wp\/v2\/categories?post=15833"},{"taxonomy":"post_tag","embeddable":true,"href":"https:\/\/novosaopaulo.com.br\/n1\/wp-json\/wp\/v2\/tags?post=15833"}],"curies":[{"name":"wp","href":"https:\/\/api.w.org\/{rel}","templated":true}]}}