{"id":15673,"date":"2023-11-09T08:48:31","date_gmt":"2023-11-09T11:48:31","guid":{"rendered":"https:\/\/novosaopaulo.com.br\/n2\/?p=15673"},"modified":"2023-11-09T10:47:42","modified_gmt":"2023-11-09T13:47:42","slug":"espaco-opereta-recebe-espetaculo-a-lua-de-li-po","status":"publish","type":"post","link":"https:\/\/novosaopaulo.com.br\/n1\/espaco-opereta-recebe-espetaculo-a-lua-de-li-po\/","title":{"rendered":"Espa\u00e7o Opereta recebe espet\u00e1culo A Lua de Li Po"},"content":{"rendered":"\n<p>Pe\u00e7a feita com t\u00e9cnica de sombras ser\u00e1 apresentada em duas sess\u00f5es neste s\u00e1bado e domingo, \u00e0s 16h<\/p>\n\n\n\n<p>O Espa\u00e7o Cultural Opereta, em Po\u00e1, recebe o espet\u00e1culo \u201cA Lua de Li Po\u201d, neste s\u00e1bado (11) e domingo (12), \u00e0s 16 horas. A entrada \u00e9 gratuita e a classifica\u00e7\u00e3o \u00e9 livre para todos os p\u00fablicos.<\/p>\n\n\n\n<p>A Lua de Li Po \u00e9 inspirado no poeta chin\u00eas Li Po, um dos maiores poetas que viveu na Dinastia Tang. Na nossa hist\u00f3ria, Li Po o poeta perde sua inspira\u00e7\u00e3o e se aventura pelos quatro cantos da China para encontr\u00e1-la. A pe\u00e7a tem a idealiza\u00e7\u00e3o e encena\u00e7\u00e3o pela atriz Liz Moura e a dire\u00e7\u00e3o de Valter Valverde.<\/p>\n\n\n\n<p>Este \u00e9 um projeto contemplado no Edital Proac n\u00ba 06\/2022 \u2013 P\u00fablico infanto-juvenil \/ Circula\u00e7\u00e3o de espet\u00e1culos da Secretaria da Cultura, Economia e Ind\u00fastria Criativas. Al\u00e9m da pe\u00e7a, a proposta integrou tamb\u00e9m a realiza\u00e7\u00e3o de uma oficina de t\u00e9cnica de sombras, com Valverde, realizada na Opereta nos dias 19 e 26 de outubro, com cerca de 15 pessoas, entre atores, atrizes e educadores. Na oportunidade, os conhecimentos adquiridos durante o processo de pesquisa para a produ\u00e7\u00e3o do espet\u00e1culo proporcionou aos alunos aprender com um dos precursores do teatro de sombras no Brasil. A oficina trouxe aos participantes ferramentas concretas para desenvolverem suas pr\u00f3prias pesquisas de trabalhos dentro da linguagem do teatro de sombras que dar\u00e3o lugar a futuras produ\u00e7\u00f5es art\u00edsticas.<\/p>\n\n\n\n<p>Local<\/p>\n\n\n\n<p>O Espa\u00e7o Cultural Opereta \u00e9 localizado na regi\u00e3o central, pr\u00f3ximo \u00e0 esta\u00e7\u00e3o Po\u00e1 da CPTM e possui ambiente r\u00fastico e muito procurado pelo p\u00fablico de artistas, coletivos e produtores culturais da regi\u00e3o do Alto Tiet\u00ea. Com capacidade para 70 pessoas, oferece infraestrutura b\u00e1sica de som e luz para apresenta\u00e7\u00f5es de shows, pe\u00e7as teatrais, bar e \u00e1rea externa de conviv\u00eancia.<\/p>\n\n\n\n<p>SERVI\u00c7O<\/p>\n\n\n\n<p>A Lua de Li Po<\/p>\n\n\n\n<p>Data: 11 e 12\/11<br>Hor\u00e1rio: 16h<br>Local: Espa\u00e7o Cultural Opereta &#8211; Rua Dr. Em\u00edlio Ribas, 168 &#8211; Vila Sopreter, Po\u00e1 SP<br>Valor: Gr\u00e1tis (distribui\u00e7\u00e3o de ingressos 1h antes)<br>Classifica\u00e7\u00e3o: Livre<br>Informa\u00e7\u00f5es: 11 4634-1175 (WhatsApp)<\/p>\n\n\n\n<figure class=\"wp-block-gallery has-nested-images columns-4 is-cropped wp-block-gallery-1 is-layout-flex wp-block-gallery-is-layout-flex\">\n<figure class=\"wp-block-image size-large\"><a href=\"https:\/\/novosaopaulo.com.br\/n2\/wp-content\/uploads\/2023\/11\/Opereta-3-1024x461.jpeg\"><img decoding=\"async\" data-id=\"15674\" src=\"https:\/\/novosaopaulo.com.br\/n2\/wp-content\/uploads\/2023\/11\/Opereta-3-1024x461.jpeg\" alt=\"\" class=\"wp-image-15674\"\/><\/a><\/figure>\n\n\n\n<figure class=\"wp-block-image size-large\"><a href=\"https:\/\/novosaopaulo.com.br\/n2\/wp-content\/uploads\/2023\/11\/Opereta-4-1024x461.jpeg\"><img decoding=\"async\" data-id=\"15675\" src=\"https:\/\/novosaopaulo.com.br\/n2\/wp-content\/uploads\/2023\/11\/Opereta-4-1024x461.jpeg\" alt=\"\" class=\"wp-image-15675\"\/><\/a><\/figure>\n\n\n\n<figure class=\"wp-block-image size-large\"><a href=\"https:\/\/novosaopaulo.com.br\/n2\/wp-content\/uploads\/2023\/11\/Opereta-1-1024x461.jpeg\"><img decoding=\"async\" data-id=\"15676\" src=\"https:\/\/novosaopaulo.com.br\/n2\/wp-content\/uploads\/2023\/11\/Opereta-1-1024x461.jpeg\" alt=\"\" class=\"wp-image-15676\"\/><\/a><\/figure>\n\n\n\n<figure class=\"wp-block-image size-large\"><a href=\"https:\/\/novosaopaulo.com.br\/n2\/wp-content\/uploads\/2023\/11\/Opereta-2-1024x461.jpeg\"><img decoding=\"async\" data-id=\"15677\" src=\"https:\/\/novosaopaulo.com.br\/n2\/wp-content\/uploads\/2023\/11\/Opereta-2-1024x461.jpeg\" alt=\"\" class=\"wp-image-15677\"\/><\/a><\/figure>\n<\/figure>\n","protected":false},"excerpt":{"rendered":"<p>Pe\u00e7a feita com t\u00e9cnica de sombras ser\u00e1 apresentada em duas sess\u00f5es neste s\u00e1bado e domingo,&#8230;<\/p>\n","protected":false},"author":1,"featured_media":15685,"comment_status":"open","ping_status":"open","sticky":false,"template":"","format":"standard","meta":{"footnotes":""},"categories":[45,9],"tags":[],"featured_image_urls":{"full":["https:\/\/novosaopaulo.com.br\/n1\/wp-content\/uploads\/2023\/11\/Opereta-1.jpeg",1600,720,false],"thumbnail":["https:\/\/novosaopaulo.com.br\/n1\/wp-content\/uploads\/2023\/11\/Opereta-1-150x150.jpeg",150,150,true],"medium":["https:\/\/novosaopaulo.com.br\/n1\/wp-content\/uploads\/2023\/11\/Opereta-1-300x135.jpeg",300,135,true],"medium_large":["https:\/\/novosaopaulo.com.br\/n1\/wp-content\/uploads\/2023\/11\/Opereta-1-768x346.jpeg",640,288,true],"large":["https:\/\/novosaopaulo.com.br\/n1\/wp-content\/uploads\/2023\/11\/Opereta-1-1024x461.jpeg",640,288,true],"1536x1536":["https:\/\/novosaopaulo.com.br\/n1\/wp-content\/uploads\/2023\/11\/Opereta-1-1536x691.jpeg",1536,691,true],"2048x2048":["https:\/\/novosaopaulo.com.br\/n1\/wp-content\/uploads\/2023\/11\/Opereta-1.jpeg",1600,720,false],"newsever-slider-full":["https:\/\/novosaopaulo.com.br\/n1\/wp-content\/uploads\/2023\/11\/Opereta-1-1280x720.jpeg",1280,720,true],"newsever-featured":["https:\/\/novosaopaulo.com.br\/n1\/wp-content\/uploads\/2023\/11\/Opereta-1-1024x461.jpeg",1024,461,true],"newsever-medium":["https:\/\/novosaopaulo.com.br\/n1\/wp-content\/uploads\/2023\/11\/Opereta-1-720x475.jpeg",720,475,true]},"author_info":{"display_name":"Reda\u00e7\u00e3o","author_link":"https:\/\/novosaopaulo.com.br\/n1\/author\/g5poa\/"},"category_info":"<a href=\"https:\/\/novosaopaulo.com.br\/n1\/category\/cultura\/\" rel=\"category tag\">Cultura<\/a> <a href=\"https:\/\/novosaopaulo.com.br\/n1\/category\/geral\/\" rel=\"category tag\">Geral<\/a>","tag_info":"Geral","comment_count":"0","_links":{"self":[{"href":"https:\/\/novosaopaulo.com.br\/n1\/wp-json\/wp\/v2\/posts\/15673"}],"collection":[{"href":"https:\/\/novosaopaulo.com.br\/n1\/wp-json\/wp\/v2\/posts"}],"about":[{"href":"https:\/\/novosaopaulo.com.br\/n1\/wp-json\/wp\/v2\/types\/post"}],"author":[{"embeddable":true,"href":"https:\/\/novosaopaulo.com.br\/n1\/wp-json\/wp\/v2\/users\/1"}],"replies":[{"embeddable":true,"href":"https:\/\/novosaopaulo.com.br\/n1\/wp-json\/wp\/v2\/comments?post=15673"}],"version-history":[{"count":1,"href":"https:\/\/novosaopaulo.com.br\/n1\/wp-json\/wp\/v2\/posts\/15673\/revisions"}],"predecessor-version":[{"id":15686,"href":"https:\/\/novosaopaulo.com.br\/n1\/wp-json\/wp\/v2\/posts\/15673\/revisions\/15686"}],"wp:featuredmedia":[{"embeddable":true,"href":"https:\/\/novosaopaulo.com.br\/n1\/wp-json\/wp\/v2\/media\/15685"}],"wp:attachment":[{"href":"https:\/\/novosaopaulo.com.br\/n1\/wp-json\/wp\/v2\/media?parent=15673"}],"wp:term":[{"taxonomy":"category","embeddable":true,"href":"https:\/\/novosaopaulo.com.br\/n1\/wp-json\/wp\/v2\/categories?post=15673"},{"taxonomy":"post_tag","embeddable":true,"href":"https:\/\/novosaopaulo.com.br\/n1\/wp-json\/wp\/v2\/tags?post=15673"}],"curies":[{"name":"wp","href":"https:\/\/api.w.org\/{rel}","templated":true}]}}