{"id":15634,"date":"2023-11-07T17:49:10","date_gmt":"2023-11-07T20:49:10","guid":{"rendered":"https:\/\/novosaopaulo.com.br\/n2\/?p=15634"},"modified":"2023-11-07T17:49:10","modified_gmt":"2023-11-07T20:49:10","slug":"em-parceria-com-valeria-custodio-breno-lanca-ancestrais-2","status":"publish","type":"post","link":"https:\/\/novosaopaulo.com.br\/n1\/em-parceria-com-valeria-custodio-breno-lanca-ancestrais-2\/","title":{"rendered":"Em parceria com Val\u00e9ria Cust\u00f3dio, Bren\u00f4 lan\u00e7a \u2018Ancestrais\u2019"},"content":{"rendered":"\n<p>Primeira faixa de um EP in\u00e9dito foi apresentada durante a turn\u00ea de circula\u00e7\u00e3o \u2018Flores\u00e7a\u2019 e agora est\u00e1 dispon\u00edvel no YouTube e nas principais plataformas digitais<\/p>\n\n\n\n<p>\u201cEntendendo, vivendo e tocando a minha harmonia\u201d. A frase, que est\u00e1 no single \u2018Ancestrais\u2019, lan\u00e7amento do cantor Bren\u00f4 em parceria com Val\u00e9ria Cust\u00f3dio, define o momento em que o artista est\u00e1. No YouTube e nas principais plataformas digitais \u00e9 poss\u00edvel observar a conex\u00e3o de Bren\u00f4 consigo mesmo, com os pr\u00f3prios ideais, sonhos e objetivos, com a ancestralidade, o universo e principalmente, com a m\u00fasica, a arte e a brasilidade.<\/p>\n\n\n\n<p>Todo o conceito \u00e9 po\u00e9tico: entre junho e julho \u00faltimos, durante a turn\u00ea de circula\u00e7\u00e3o do \u00e1lbum \u2018Flores\u00e7a\u2019, algo de fato floresceu: novas m\u00fasicas. A cada show realizado em pontos descentralizados de Mogi das Cruzes e tamb\u00e9m em Guararema, uma m\u00fasica in\u00e9dita foi apresentada ao p\u00fablico, composta a quatro m\u00e3os, estabelecendo material suficiente para o lan\u00e7amento de um EP.<\/p>\n\n\n\n<p>A primeira a ser lan\u00e7ada \u00e9 \u2018Ancestrais\u2019, que a partir de uma calma e de uma leveza t\u00e3o caracter\u00edstica da dupla que a assina, mostra novas sonoridades para a carreira do mogiano. Est\u00e1 aqui a experimenta\u00e7\u00e3o de um contato mais pr\u00f3ximo com o samba, com o su\u00edngue e com o gingado brasileiro, em uma sugest\u00e3o de casualidade e at\u00e9 mesmo &#8211; porqu\u00ea n\u00e3o? &#8211; sensualidade na medida certa.<\/p>\n\n\n\n<p>\u201c\u00c9 preciso ter coragem para ser quem se \u00e9\u201d, canta Val\u00e9ria Cust\u00f3dio, que com olhar determinado fala em \u201crespeitar a ancestralidade\u201d. E Bren\u00f4 se junta a ela para completar: \u201cNada me seria v\u00e1lido sem ser quem sou \/ Muito importante lembrar, hoje aqui estou \/ E quando olho para frente, sorrio \/ Pois sigo tranquilo na minha constru\u00e7\u00e3o\u201d.<\/p>\n\n\n\n<p>Com direito a um clipe gravado durante o show no bairro Novo Horizonte, a m\u00fasica, que est\u00e1 dispon\u00edvel no YouTube, Spotify e demais plataformas, \u00e9 sobre autoconhecimento e autoaceita\u00e7\u00e3o, mas tamb\u00e9m sobre agradecimento, o que vem de encontro com a proposta da turn\u00ea \u2018Flores\u00e7a\u2019.<\/p>\n\n\n\n<p>Produzido a partir de recursos angariados junto a empresas como a GlobalMed pela Lei de Incentivo \u00e0 Cultura de Mogi das Cruzes (LIC), o projeto apostou em contrapartidas sociais e arrecadou alimentos n\u00e3o perec\u00edveis, cobertores e agasalhos que foram encaminhados para o projeto Miss\u00e3o Intensidade, localizado no bairro Novo Horizonte.<\/p>\n\n\n\n<p>E a boa not\u00edcia \u00e9 que vem mais por a\u00ed, j\u00e1 que nos shows realizados nos \u00faltimos meses, Bren\u00f4 tamb\u00e9m cantou in\u00e9ditas com Lucas Tadeu, Niw Rapper, Sandra Vianna e Mariana Ferraz. Todo o material ser\u00e1 lan\u00e7ado em breve &#8211; e a dica \u00e9 acompanhar tudo pelo @obrenoficial.<\/p>\n\n\n\n<p>Mais informa\u00e7\u00f5es sobre a turn\u00ea \u2018Flores\u00e7a\u2019, que contou ainda com interven\u00e7\u00f5es art\u00edstico-visuais, como exposi\u00e7\u00f5es de desenhos e pinturas e conta\u00e7\u00e3o de hist\u00f3rias, est\u00e3o dispon\u00edveis em www.obrenoficial.com.br.<\/p>\n\n\n\n<figure class=\"wp-block-gallery columns-3 is-cropped wp-block-gallery-1 is-layout-flex wp-block-gallery-is-layout-flex\"><ul class=\"blocks-gallery-grid\"><li class=\"blocks-gallery-item\"><figure><a href=\"https:\/\/novosaopaulo.com.br\/n2\/wp-content\/uploads\/2023\/11\/WhatsApp-Image-2023-11-07-at-15.04.48.jpeg\"><img decoding=\"async\" src=\"https:\/\/novosaopaulo.com.br\/n2\/wp-content\/uploads\/2023\/11\/WhatsApp-Image-2023-11-07-at-15.04.48.jpeg\" alt=\"\" data-id=\"15636\" data-full-url=\"https:\/\/novosaopaulo.com.br\/n2\/wp-content\/uploads\/2023\/11\/WhatsApp-Image-2023-11-07-at-15.04.48.jpeg\" data-link=\"https:\/\/novosaopaulo.com.br\/n2\/?attachment_id=15636\" class=\"wp-image-15636\"\/><\/a><\/figure><\/li><li class=\"blocks-gallery-item\"><figure><a href=\"https:\/\/novosaopaulo.com.br\/n2\/wp-content\/uploads\/2023\/11\/WhatsApp-Image-2023-11-07-at-15.04.49.jpeg\"><img decoding=\"async\" src=\"https:\/\/novosaopaulo.com.br\/n2\/wp-content\/uploads\/2023\/11\/WhatsApp-Image-2023-11-07-at-15.04.49.jpeg\" alt=\"\" data-id=\"15637\" data-full-url=\"https:\/\/novosaopaulo.com.br\/n2\/wp-content\/uploads\/2023\/11\/WhatsApp-Image-2023-11-07-at-15.04.49.jpeg\" data-link=\"https:\/\/novosaopaulo.com.br\/n2\/?attachment_id=15637\" class=\"wp-image-15637\"\/><\/a><\/figure><\/li><li class=\"blocks-gallery-item\"><figure><a href=\"https:\/\/novosaopaulo.com.br\/n2\/wp-content\/uploads\/2023\/11\/WhatsApp-Image-2023-11-07-at-15.04.50.jpeg\"><img decoding=\"async\" src=\"https:\/\/novosaopaulo.com.br\/n2\/wp-content\/uploads\/2023\/11\/WhatsApp-Image-2023-11-07-at-15.04.50.jpeg\" alt=\"\" data-id=\"15638\" data-full-url=\"https:\/\/novosaopaulo.com.br\/n2\/wp-content\/uploads\/2023\/11\/WhatsApp-Image-2023-11-07-at-15.04.50.jpeg\" data-link=\"https:\/\/novosaopaulo.com.br\/n2\/?attachment_id=15638\" class=\"wp-image-15638\"\/><\/a><\/figure><\/li><\/ul><\/figure>\n\n\n\n<figure class=\"wp-block-embed is-type-video is-provider-youtube wp-block-embed-youtube wp-embed-aspect-16-9 wp-has-aspect-ratio\"><div class=\"wp-block-embed__wrapper\">\n<iframe title=\"Ancestrais - Bren\u00f4 (part. Val\u00e9ria Cust\u00f3dio)\" width=\"640\" height=\"360\" src=\"https:\/\/www.youtube.com\/embed\/K9lmnhlYkGE?feature=oembed\" frameborder=\"0\" allow=\"accelerometer; autoplay; clipboard-write; encrypted-media; gyroscope; picture-in-picture; web-share\" allowfullscreen><\/iframe>\n<\/div><\/figure>\n","protected":false},"excerpt":{"rendered":"<p>Primeira faixa de um EP in\u00e9dito foi apresentada durante a turn\u00ea de circula\u00e7\u00e3o \u2018Flores\u00e7a\u2019 e&#8230;<\/p>\n","protected":false},"author":1,"featured_media":15635,"comment_status":"open","ping_status":"open","sticky":false,"template":"","format":"standard","meta":{"footnotes":""},"categories":[45,9],"tags":[],"featured_image_urls":{"full":"","thumbnail":"","medium":"","medium_large":"","large":"","1536x1536":"","2048x2048":"","newsever-slider-full":"","newsever-featured":"","newsever-medium":""},"author_info":{"display_name":"Reda\u00e7\u00e3o","author_link":"https:\/\/novosaopaulo.com.br\/n1\/author\/g5poa\/"},"category_info":"<a href=\"https:\/\/novosaopaulo.com.br\/n1\/category\/cultura\/\" rel=\"category tag\">Cultura<\/a> <a href=\"https:\/\/novosaopaulo.com.br\/n1\/category\/geral\/\" rel=\"category tag\">Geral<\/a>","tag_info":"Geral","comment_count":"0","_links":{"self":[{"href":"https:\/\/novosaopaulo.com.br\/n1\/wp-json\/wp\/v2\/posts\/15634"}],"collection":[{"href":"https:\/\/novosaopaulo.com.br\/n1\/wp-json\/wp\/v2\/posts"}],"about":[{"href":"https:\/\/novosaopaulo.com.br\/n1\/wp-json\/wp\/v2\/types\/post"}],"author":[{"embeddable":true,"href":"https:\/\/novosaopaulo.com.br\/n1\/wp-json\/wp\/v2\/users\/1"}],"replies":[{"embeddable":true,"href":"https:\/\/novosaopaulo.com.br\/n1\/wp-json\/wp\/v2\/comments?post=15634"}],"version-history":[{"count":0,"href":"https:\/\/novosaopaulo.com.br\/n1\/wp-json\/wp\/v2\/posts\/15634\/revisions"}],"wp:featuredmedia":[{"embeddable":true,"href":"https:\/\/novosaopaulo.com.br\/n1\/wp-json\/"}],"wp:attachment":[{"href":"https:\/\/novosaopaulo.com.br\/n1\/wp-json\/wp\/v2\/media?parent=15634"}],"wp:term":[{"taxonomy":"category","embeddable":true,"href":"https:\/\/novosaopaulo.com.br\/n1\/wp-json\/wp\/v2\/categories?post=15634"},{"taxonomy":"post_tag","embeddable":true,"href":"https:\/\/novosaopaulo.com.br\/n1\/wp-json\/wp\/v2\/tags?post=15634"}],"curies":[{"name":"wp","href":"https:\/\/api.w.org\/{rel}","templated":true}]}}