{"id":15631,"date":"2023-11-07T12:26:30","date_gmt":"2023-11-07T15:26:30","guid":{"rendered":"https:\/\/novosaopaulo.com.br\/n2\/?p=15631"},"modified":"2023-11-07T12:26:30","modified_gmt":"2023-11-07T15:26:30","slug":"4a-conferencia-estadual-do-ato-medico-discutira-a-invasao-da-medicina-nas-areas-de-cirurgia-plastica-dermatologia-e-vascular-e-suas-intercorrencias","status":"publish","type":"post","link":"https:\/\/novosaopaulo.com.br\/n1\/4a-conferencia-estadual-do-ato-medico-discutira-a-invasao-da-medicina-nas-areas-de-cirurgia-plastica-dermatologia-e-vascular-e-suas-intercorrencias\/","title":{"rendered":"4\u00aa Confer\u00eancia Estadual do Ato M\u00e9dico discutir\u00e1 a invas\u00e3o da Medicina nas \u00e1reas de Cirurgia Pl\u00e1stica, Dermatologia e Vascular e suas intercorr\u00eancias"},"content":{"rendered":"\n<p>Evento contar\u00e1 com a discuss\u00e3o de casos pr\u00e1ticos por especialistas, al\u00e9m de confer\u00eancia magna do fil\u00f3sofo e escritor Mario Sergio Cortella<\/p>\n\n\n\n<p>O Cremesp far\u00e1 sua 4\u00aa Confer\u00eancia Estadual do Ato M\u00e9dico sobre prerrogativas m\u00e9dicas nas \u00e1reas da Cirurgia Pl\u00e1stica, Dermatologia e Vascular, que t\u00eam recebido maior n\u00famero de invas\u00f5es por outros profissionais da Sa\u00fade. O evento, exclusivamente online, acontecer\u00e1 no dia 25 de novembro (s\u00e1bado), das 9h \u00e0s 13h, e ser\u00e1 transmitido pelo canal do Cremesp no Youtube.<\/p>\n\n\n\n<p>Dois casos \u2014 envolvendo \u00f3bito por endolaser e complica\u00e7\u00f5es em blefaroplastia realizada por dentista \u2014 ser\u00e3o debatidos por representantes das especialidades e do Cremesp. Haver\u00e1 ainda a confer\u00eancia magna Entre o bem-estar e a est\u00e9tica, a ser proferida pelo fil\u00f3sofo, escritor, educador, palestrante e professor universit\u00e1rio Mario Sergio Cortella.<\/p>\n\n\n\n<p>A gest\u00e3o do Cremesp vem ingressando, desde 2021, com diversas a\u00e7\u00f5es judiciais a fim de evitar que outros profissionais pratiquem ou deem cursos que transgridam o ato privativo do m\u00e9dico, conforme estabelece a Lei n\u00ba 12.842. O Conselho vem obtendo in\u00fameras vit\u00f3rias na Justi\u00e7a e tem acionado ainda os Minist\u00e9rios P\u00fablicos Estadual e Federal, Anvisa, Pol\u00edcia Judici\u00e1ria (Pol\u00edcia Civil) e outros conselhos profissionais das \u00e1reas da Sa\u00fade.<\/p>\n","protected":false},"excerpt":{"rendered":"<p>Evento contar\u00e1 com a discuss\u00e3o de casos pr\u00e1ticos por especialistas, al\u00e9m de confer\u00eancia magna do&#8230;<\/p>\n","protected":false},"author":1,"featured_media":15632,"comment_status":"open","ping_status":"open","sticky":false,"template":"","format":"standard","meta":{"footnotes":""},"categories":[9,43],"tags":[],"featured_image_urls":{"full":"","thumbnail":"","medium":"","medium_large":"","large":"","1536x1536":"","2048x2048":"","newsever-slider-full":"","newsever-featured":"","newsever-medium":""},"author_info":{"display_name":"Reda\u00e7\u00e3o","author_link":"https:\/\/novosaopaulo.com.br\/n1\/author\/g5poa\/"},"category_info":"<a href=\"https:\/\/novosaopaulo.com.br\/n1\/category\/geral\/\" rel=\"category tag\">Geral<\/a> <a href=\"https:\/\/novosaopaulo.com.br\/n1\/category\/saude\/\" rel=\"category tag\">Sa\u00fade<\/a>","tag_info":"Sa\u00fade","comment_count":"0","_links":{"self":[{"href":"https:\/\/novosaopaulo.com.br\/n1\/wp-json\/wp\/v2\/posts\/15631"}],"collection":[{"href":"https:\/\/novosaopaulo.com.br\/n1\/wp-json\/wp\/v2\/posts"}],"about":[{"href":"https:\/\/novosaopaulo.com.br\/n1\/wp-json\/wp\/v2\/types\/post"}],"author":[{"embeddable":true,"href":"https:\/\/novosaopaulo.com.br\/n1\/wp-json\/wp\/v2\/users\/1"}],"replies":[{"embeddable":true,"href":"https:\/\/novosaopaulo.com.br\/n1\/wp-json\/wp\/v2\/comments?post=15631"}],"version-history":[{"count":0,"href":"https:\/\/novosaopaulo.com.br\/n1\/wp-json\/wp\/v2\/posts\/15631\/revisions"}],"wp:featuredmedia":[{"embeddable":true,"href":"https:\/\/novosaopaulo.com.br\/n1\/wp-json\/"}],"wp:attachment":[{"href":"https:\/\/novosaopaulo.com.br\/n1\/wp-json\/wp\/v2\/media?parent=15631"}],"wp:term":[{"taxonomy":"category","embeddable":true,"href":"https:\/\/novosaopaulo.com.br\/n1\/wp-json\/wp\/v2\/categories?post=15631"},{"taxonomy":"post_tag","embeddable":true,"href":"https:\/\/novosaopaulo.com.br\/n1\/wp-json\/wp\/v2\/tags?post=15631"}],"curies":[{"name":"wp","href":"https:\/\/api.w.org\/{rel}","templated":true}]}}