{"id":15602,"date":"2023-11-06T12:38:38","date_gmt":"2023-11-06T15:38:38","guid":{"rendered":"https:\/\/novosaopaulo.com.br\/n2\/?p=15602"},"modified":"2023-11-10T22:00:44","modified_gmt":"2023-11-11T01:00:44","slug":"boletim-sobre-a-situacao-de-servicos-afetados-pelas-chuvas-6-11-12h","status":"publish","type":"post","link":"https:\/\/novosaopaulo.com.br\/n1\/boletim-sobre-a-situacao-de-servicos-afetados-pelas-chuvas-6-11-12h\/","title":{"rendered":"BOLETIM SOBRE A SITUA\u00c7\u00c3O DE SERVI\u00c7OS AFETADOS PELAS CHUVAS \u2013 6\/11 \u2013 12H"},"content":{"rendered":"\n<p>Por determina\u00e7\u00e3o do Governo de SP, o Procon-SP abriu um procedimento preliminar de apura\u00e7\u00e3o para averiguar as medidas adotadas pelas empresas concession\u00e1rias de energia que atendem as regi\u00f5es metropolitanas de S\u00e3o Paulo e da Baixada Santista.<\/p>\n\n\n\n<p>O \u00f3rg\u00e3o de defesa do consumidor paulista est\u00e1 notificando a Enel, CPFL, Energisa, Elektro e EDP para que, ainda nesta segunda-feira (6), informem quais as provid\u00eancias tomadas para atender as ocorr\u00eancias de interrup\u00e7\u00e3o no fornecimento de energia, como est\u00e3o atendendo os consumidores, qual o tempo de resposta e as provid\u00eancias para ressarcimento de preju\u00edzos; tamb\u00e9m, sobre os planos de conting\u00eancia e gerenciamento de crises e a quantidade de equipes de campo (normais e extras) em atividade.<\/p>\n\n\n\n<p>Todas as informa\u00e7\u00f5es geradas a partir desta intera\u00e7\u00e3o com as empresas concession\u00e1rias de servi\u00e7os essenciais poder\u00e3o ser compartilhadas com outras institui\u00e7\u00f5es como o MP e ag\u00eancias reguladoras (Arsesp, Aneel e Anatel). Entre sexta-feira (3) at\u00e9 a manh\u00e3 de hoje foram registradas cerca de 300 reclama\u00e7\u00f5es por falta de energia na plataforma do Procon-SP.<\/p>\n\n\n\n<p>Funcionamento dos servi\u00e7os estaduais<\/p>\n\n\n\n<p>Os servi\u00e7os essenciais e os de atendimento ao p\u00fablico do Governo de S\u00e3o Paulo est\u00e3o funcionando nesta segunda-feira. Apesar do desabastecimento de energia el\u00e9trica desde a \u00faltima sexta-feira em alguns pontos da Capital e munic\u00edpios do Estado, a presta\u00e7\u00e3o de servi\u00e7os \u00e0 popula\u00e7\u00e3o ocorre pelos \u00f3rg\u00e3os da administra\u00e7\u00e3o estadual.<\/p>\n\n\n\n<p>Nas unidades da Secretaria de Estado da Educa\u00e7\u00e3o, 36 escolas que foram impactadas. Dessas, 21 com cobertura ou telhados danificados, 28 sem fornecimento de energia e 14 com queda de \u00e1rvores. Nas unidades sem condi\u00e7\u00e3o de receber os alunos no dia de hoje, a Seduc disponibilizou o conte\u00fado pelo Centro de M\u00eddias.<\/p>\n\n\n\n<p>Nas unidades do Centro Paula Souza, haver\u00e1 aulas remotas, sem preju\u00edzo aos alunos, nas Escolas T\u00e9cnicas Estaduais (Etecs) Get\u00falio Vargas (Capital), Dr. Celso Giglio (Osasco), Prof. Edson Galv\u00e3o (Itapetininga) e Piraju. A Faculdade de Tecnologia do Estado (Fatec) Sorocaba ter\u00e1 aulas online at\u00e9 s\u00e1bado (11).<\/p>\n\n\n\n<p>A Secretaria de Desenvolvimento Social, que coordena a rede de restaurantes e unidades m\u00f3veis do Bom Prato e outros equipamentos de assist\u00eancia social, mant\u00e9m o atendimento regular ao p\u00fablico, com exce\u00e7\u00e3o ao Bom Prato de Parais\u00f3polis que n\u00e3o servir\u00e1 almo\u00e7o por falta de energia. Uma alternativa para os frequentadores \u00e9 a unidade de Santo Amaro, que fica na Av. M\u00e1rio Lopes Le\u00e3o, 685, considerada a mais pr\u00f3xima de Parais\u00f3polis.<\/p>\n\n\n\n<p>Todas as unidades do Poupatempo e do Detran est\u00e3o abertas nesta segunda-feira e atendendo ao p\u00fablico regularmente.<\/p>\n\n\n\n<p>A Secretaria de Estado da Sa\u00fade informa que todos os hospitais est\u00e3o funcionando normalmente e possuem geradores para suprir poss\u00edveis problemas de fornecimento de energia, sem preju\u00edzo no atendimento dos pacientes. Desta forma, nesta segunda-feira (6), todos os servi\u00e7os de sa\u00fade nas unidades da rede estadual, continuar\u00e3o sendo prestados normalmente para a popula\u00e7\u00e3o.<\/p>\n\n\n\n<p>Delegacias, distritos policiais e um batalh\u00e3o da PM est\u00e3o funcionando normalmente, sem registro de novas interrup\u00e7\u00f5es ou preju\u00edzo na comunica\u00e7\u00e3o de ocorr\u00eancias.<\/p>\n\n\n\n<p>Abastecimento de \u00e1gua<\/p>\n\n\n\n<p>A Sabesp solicita economia de \u00e1gua aos moradores da capital e Grande S\u00e3o Paulo at\u00e9 a completa normaliza\u00e7\u00e3o de todo o sistema de abastecimento. Com o processo de restabelecimento da energia el\u00e9trica em pontos da capital e regi\u00e3o metropolitana de S\u00e3o Paulo, os reservat\u00f3rios da Companhia nessas \u00e1reas iniciaram o processo de recupera\u00e7\u00e3o no dia de ontem (5).<\/p>\n\n\n\n<p>O abastecimento nos im\u00f3veis acontecer\u00e1 de forma gradual, conforme a recupera\u00e7\u00e3o dos reservat\u00f3rios da companhia. A Sabesp refor\u00e7a a necessidade de economia no consumo ao longo do dia.<\/p>\n\n\n\n<p>Os locais que tiveram energia restabelecidas e os reservat\u00f3rios est\u00e3o em recupera\u00e7\u00e3o s\u00e3o os munic\u00edpios de Santo Andr\u00e9, Mau\u00e1, Diadema, Guarulhos, Itapecerica da Serra, Itaquaquecetuba; e nos bairros Guaianases, American\u00f3polis, Vila Clara, Vila Mascote, Vila Santa Catarina, Vila Joaniza, Campo Grande, Jd. Promiss\u00e3o, Pedreira, Cidade Ademar, Ch\u00e1cara Flora, Santa Etelvina, Cidade Tiradentes, S\u00e3o Mateus, Itaquera, Vila Mariana, Savoy e Pedra Branca, da Capital. O retorno da \u00e1gua aos im\u00f3veis acontecer\u00e1 de forma gradual.<\/p>\n\n\n\n<p>Neste momento, existem pontos sem energia, afetando o abastecimento das seguintes localidades: Cotia, Osasco, Barueri e Tabo\u00e3o da Serra.<\/p>\n\n\n\n<p>A Sabesp continua trabalhando de forma emergencial para abastecimento dos locais cr\u00edticos com caminh\u00f5es-tanque. Casos de emerg\u00eancia ser\u00e3o atendidos pelo 0800 055 0195.<\/p>\n\n\n\n<p>Bombeiros e Defesa Civil<\/p>\n\n\n\n<p>O Corpo de Bombeiros e a Defesa Civil confirmaram sete mortes em decorr\u00eancia das chuvas no territ\u00f3rio paulista: uma pessoa em Limeira, atingida por um muro; uma em Osasco, ap\u00f3s queda de \u00e1rvore sobre um carro; uma em Santo Andr\u00e9, atingida por destro\u00e7os que ca\u00edram de um pr\u00e9dio; uma em Suzano e duas na capital, todas ap\u00f3s quedas de \u00e1rvores; e uma em Ilhabela, em decorr\u00eancia de um naufr\u00e1gio.<\/p>\n\n\n\n<p>A Defesa Civil tamb\u00e9m atendeu cerca de cem desabamentos em todo o estado, em ocorr\u00eancias com danos em muros, casas e destelhamentos de im\u00f3veis.<\/p>\n\n\n\n<p>As Defesas Civis estadual e municipais e o Corpo de Bombeiros registraram mais de 2 mil chamados em ocorr\u00eancias em 40 cidades. At\u00e9 o momento, n\u00e3o h\u00e1 previs\u00e3o de novas tempestades e vendavais para os pr\u00f3ximos dias.<\/p>\n","protected":false},"excerpt":{"rendered":"<p>Por determina\u00e7\u00e3o do Governo de SP, o Procon-SP abriu um procedimento preliminar de apura\u00e7\u00e3o para&#8230;<\/p>\n","protected":false},"author":1,"featured_media":15730,"comment_status":"open","ping_status":"open","sticky":false,"template":"","format":"standard","meta":{"footnotes":""},"categories":[2],"tags":[],"featured_image_urls":{"full":["https:\/\/novosaopaulo.com.br\/n1\/wp-content\/uploads\/2023\/11\/afetados.webp",300,158,false],"thumbnail":["https:\/\/novosaopaulo.com.br\/n1\/wp-content\/uploads\/2023\/11\/afetados-150x150.webp",150,150,true],"medium":["https:\/\/novosaopaulo.com.br\/n1\/wp-content\/uploads\/2023\/11\/afetados.webp",300,158,false],"medium_large":["https:\/\/novosaopaulo.com.br\/n1\/wp-content\/uploads\/2023\/11\/afetados.webp",300,158,false],"large":["https:\/\/novosaopaulo.com.br\/n1\/wp-content\/uploads\/2023\/11\/afetados.webp",300,158,false],"1536x1536":["https:\/\/novosaopaulo.com.br\/n1\/wp-content\/uploads\/2023\/11\/afetados.webp",300,158,false],"2048x2048":["https:\/\/novosaopaulo.com.br\/n1\/wp-content\/uploads\/2023\/11\/afetados.webp",300,158,false],"newsever-slider-full":["https:\/\/novosaopaulo.com.br\/n1\/wp-content\/uploads\/2023\/11\/afetados.webp",300,158,false],"newsever-featured":["https:\/\/novosaopaulo.com.br\/n1\/wp-content\/uploads\/2023\/11\/afetados.webp",300,158,false],"newsever-medium":["https:\/\/novosaopaulo.com.br\/n1\/wp-content\/uploads\/2023\/11\/afetados.webp",300,158,false]},"author_info":{"display_name":"Reda\u00e7\u00e3o","author_link":"https:\/\/novosaopaulo.com.br\/n1\/author\/g5poa\/"},"category_info":"<a href=\"https:\/\/novosaopaulo.com.br\/n1\/category\/cidades\/\" rel=\"category tag\">Cidades<\/a>","tag_info":"Cidades","comment_count":"0","_links":{"self":[{"href":"https:\/\/novosaopaulo.com.br\/n1\/wp-json\/wp\/v2\/posts\/15602"}],"collection":[{"href":"https:\/\/novosaopaulo.com.br\/n1\/wp-json\/wp\/v2\/posts"}],"about":[{"href":"https:\/\/novosaopaulo.com.br\/n1\/wp-json\/wp\/v2\/types\/post"}],"author":[{"embeddable":true,"href":"https:\/\/novosaopaulo.com.br\/n1\/wp-json\/wp\/v2\/users\/1"}],"replies":[{"embeddable":true,"href":"https:\/\/novosaopaulo.com.br\/n1\/wp-json\/wp\/v2\/comments?post=15602"}],"version-history":[{"count":1,"href":"https:\/\/novosaopaulo.com.br\/n1\/wp-json\/wp\/v2\/posts\/15602\/revisions"}],"predecessor-version":[{"id":15731,"href":"https:\/\/novosaopaulo.com.br\/n1\/wp-json\/wp\/v2\/posts\/15602\/revisions\/15731"}],"wp:featuredmedia":[{"embeddable":true,"href":"https:\/\/novosaopaulo.com.br\/n1\/wp-json\/wp\/v2\/media\/15730"}],"wp:attachment":[{"href":"https:\/\/novosaopaulo.com.br\/n1\/wp-json\/wp\/v2\/media?parent=15602"}],"wp:term":[{"taxonomy":"category","embeddable":true,"href":"https:\/\/novosaopaulo.com.br\/n1\/wp-json\/wp\/v2\/categories?post=15602"},{"taxonomy":"post_tag","embeddable":true,"href":"https:\/\/novosaopaulo.com.br\/n1\/wp-json\/wp\/v2\/tags?post=15602"}],"curies":[{"name":"wp","href":"https:\/\/api.w.org\/{rel}","templated":true}]}}