{"id":15597,"date":"2023-11-06T10:41:14","date_gmt":"2023-11-06T13:41:14","guid":{"rendered":"https:\/\/novosaopaulo.com.br\/n2\/?p=15597"},"modified":"2023-11-06T10:41:14","modified_gmt":"2023-11-06T13:41:14","slug":"presidente-do-pro-vitima-estreia-em-serie-da-gnt-nesta-2a-feira","status":"publish","type":"post","link":"https:\/\/novosaopaulo.com.br\/n1\/presidente-do-pro-vitima-estreia-em-serie-da-gnt-nesta-2a-feira\/","title":{"rendered":"Presidente do Pr\u00f3-V\u00edtima estreia em s\u00e9rie da GNT nesta 2\u00aa feira"},"content":{"rendered":"\n<p>Promotora de Justi\u00e7a participa do primeiro e do \u00faltimo epis\u00f3dio de Pecados Revelados, que trata sobre abusos cometidos em ambientes religiosos; conte\u00fado tamb\u00e9m ficar\u00e1 dispon\u00edvel na GloboPlay<\/p>\n\n\n\n<p>\u201cMuitos os procuraram em busca de cura e de acolhimento espiritual, mas o que encontraram foi a viola\u00e7\u00e3o de suas vidas e de seus corpos, supostamente em nome da f\u00e9\u201d. Este \u00e9 o gancho de Pecados Revelados, que estreia nesta 2\u00aa feira (6\/11), no canal GNT, e que conta com a participa\u00e7\u00e3o da presidente do Instituto Brasileiro de Aten\u00e7\u00e3o e Prote\u00e7\u00e3o Integral \u00e0s V\u00edtimas (Pr\u00f3-V\u00edtima), a promotora de Justi\u00e7a Celeste Leite dos Santos. Com cinco epis\u00f3dios, a s\u00e9rie trata sobre abusos cometidos em ambientes religiosos e d\u00e1 voz a v\u00edtimas e a 15 especialistas.<\/p>\n\n\n\n<p>Celeste foi entrevistada no ano passado para o primeiro e o \u00faltimo epis\u00f3dios. Em ambos cap\u00edtulos, a promotora de Justi\u00e7a e uma das defensoras do Estatuto da V\u00edtima, prestes a ser votado no Congresso Nacional, fala sobre as conex\u00f5es que os abusadores, como pastores, pais de santo, gurus, mestres espirituais e padres, mant\u00e9m com suas v\u00edtimas:<\/p>\n\n\n\n<p>\u201cQuem tem a inten\u00e7\u00e3o de praticar o abuso lan\u00e7a m\u00e3o dessa conex\u00e3o com a v\u00edtima &#8211; o elo oferecido pela pr\u00f3pria f\u00e9. Outra porta de entrada \u00e9 a vulnerabilidade do fiel. Seja homem ou mulher, ele pode estar, naquele momento, fr\u00e1gil, ou sem o entendimento quanto ao que lhe esteja acontecendo, n\u00e3o percebendo o abuso, a importuna\u00e7\u00e3o. Infelizmente, no Brasil, quando a v\u00edtima percebe e denuncia, ela ainda \u00e9 julgada, questionada, ridicularizada. \u00c9 o que chamamos de revitimiza\u00e7\u00e3o\u201d, classifica.<\/p>\n\n\n\n<p>Cada epis\u00f3dio tem dura\u00e7\u00e3o de 30 minutos e vai ao ar toda 2\u00aa feira, a partir de hoje, pelo GNT, ap\u00f3s Papo de Segunda, por volta das 23h50. A partir da exibi\u00e7\u00e3o no canal, o conte\u00fado fica dispon\u00edvel na GloboPlay.<\/p>\n\n\n\n<p>Casos emblem\u00e1ticos<br \/>No decorrer de Pecados Revelados, ser\u00e3o compartilhados com o telespectador casos emblem\u00e1ticos, como o do guru espiritual Pedro \u00cdcaro de Medeiros, o Ikky, condenado a 34 anos de pris\u00e3o por crimes sexuais, e o do padre Pedro Leandro, que abusava de coroinhas &#8211; todos menores de idade.<\/p>\n\n\n\n<p>J\u00e1 o \u00faltimo epis\u00f3dio, de acordo com Celeste, traz importante reflex\u00e3o sobre o recome\u00e7o das v\u00edtimas com a religi\u00e3o e a f\u00e9, bem como sobre o conv\u00edvio com a falta de confian\u00e7a:<\/p>\n\n\n\n<p>\u201cA s\u00e9rie conta, tamb\u00e9m, com a participa\u00e7\u00e3o de atrizes que interpretam v\u00edtimas de abuso em igrejas, terreiros e templos, e que preferiram o anonimato durante a produ\u00e7\u00e3o. Isso nos d\u00e1 uma dimens\u00e3o de como essa dor \u00e9 longa; \u00e9 uma ferida que pode nunca cicatrizar. Muitos fi\u00e9is, inclusive, no caso dos adultos, acabam, at\u00e9 mesmo, se culpando pelo o que lhes aconteceram. \u00c9 preciso falar sobre\u201d.<\/p>\n\n\n\n<p>Com dire\u00e7\u00e3o de Susanna Lira e apoio da Ag\u00eancia Nacional de Cinema (Ancine), Pecados Revelados traz a contribui\u00e7\u00e3o de outros 14 especialistas, entre juristas, delegados de Pol\u00edcia, psic\u00f3logos, jornalistas e advogados, que, a exemplo de Celeste, t\u00eam ampla experi\u00eancia no manejo de crimes de importuna\u00e7\u00e3o sexual e de estupro.<\/p>\n\n\n\n<figure class=\"wp-block-gallery columns-3 is-cropped wp-block-gallery-1 is-layout-flex wp-block-gallery-is-layout-flex\"><ul class=\"blocks-gallery-grid\"><li class=\"blocks-gallery-item\"><figure><img decoding=\"async\" src=\"https:\/\/novosaopaulo.com.br\/n2\/wp-content\/uploads\/2023\/11\/WhatsApp-Image-2023-11-06-at-10.19.14-1.jpeg\" alt=\"\" data-id=\"15598\" data-full-url=\"https:\/\/novosaopaulo.com.br\/n2\/wp-content\/uploads\/2023\/11\/WhatsApp-Image-2023-11-06-at-10.19.14-1.jpeg\" data-link=\"https:\/\/novosaopaulo.com.br\/n2\/?attachment_id=15598\" class=\"wp-image-15598\"\/><\/figure><\/li><li class=\"blocks-gallery-item\"><figure><img decoding=\"async\" src=\"https:\/\/novosaopaulo.com.br\/n2\/wp-content\/uploads\/2023\/11\/WhatsApp-Image-2023-11-06-at-10.19.14-2.jpeg\" alt=\"\" data-id=\"15599\" data-full-url=\"https:\/\/novosaopaulo.com.br\/n2\/wp-content\/uploads\/2023\/11\/WhatsApp-Image-2023-11-06-at-10.19.14-2.jpeg\" data-link=\"https:\/\/novosaopaulo.com.br\/n2\/?attachment_id=15599\" class=\"wp-image-15599\"\/><\/figure><\/li><li class=\"blocks-gallery-item\"><figure><img decoding=\"async\" src=\"https:\/\/novosaopaulo.com.br\/n2\/wp-content\/uploads\/2023\/11\/WhatsApp-Image-2023-11-06-at-10.19.14-768x1024.jpeg\" alt=\"\" data-id=\"15600\" data-full-url=\"https:\/\/novosaopaulo.com.br\/n2\/wp-content\/uploads\/2023\/11\/WhatsApp-Image-2023-11-06-at-10.19.14.jpeg\" data-link=\"https:\/\/novosaopaulo.com.br\/n2\/?attachment_id=15600\" class=\"wp-image-15600\"\/><\/figure><\/li><\/ul><\/figure>\n","protected":false},"excerpt":{"rendered":"<p>Promotora de Justi\u00e7a participa do primeiro e do \u00faltimo epis\u00f3dio de Pecados Revelados, que trata&#8230;<\/p>\n","protected":false},"author":1,"featured_media":15599,"comment_status":"open","ping_status":"open","sticky":false,"template":"","format":"standard","meta":{"footnotes":""},"categories":[45,9],"tags":[],"featured_image_urls":{"full":"","thumbnail":"","medium":"","medium_large":"","large":"","1536x1536":"","2048x2048":"","newsever-slider-full":"","newsever-featured":"","newsever-medium":""},"author_info":{"display_name":"Reda\u00e7\u00e3o","author_link":"https:\/\/novosaopaulo.com.br\/n1\/author\/g5poa\/"},"category_info":"<a href=\"https:\/\/novosaopaulo.com.br\/n1\/category\/cultura\/\" rel=\"category tag\">Cultura<\/a> <a href=\"https:\/\/novosaopaulo.com.br\/n1\/category\/geral\/\" rel=\"category tag\">Geral<\/a>","tag_info":"Geral","comment_count":"0","_links":{"self":[{"href":"https:\/\/novosaopaulo.com.br\/n1\/wp-json\/wp\/v2\/posts\/15597"}],"collection":[{"href":"https:\/\/novosaopaulo.com.br\/n1\/wp-json\/wp\/v2\/posts"}],"about":[{"href":"https:\/\/novosaopaulo.com.br\/n1\/wp-json\/wp\/v2\/types\/post"}],"author":[{"embeddable":true,"href":"https:\/\/novosaopaulo.com.br\/n1\/wp-json\/wp\/v2\/users\/1"}],"replies":[{"embeddable":true,"href":"https:\/\/novosaopaulo.com.br\/n1\/wp-json\/wp\/v2\/comments?post=15597"}],"version-history":[{"count":0,"href":"https:\/\/novosaopaulo.com.br\/n1\/wp-json\/wp\/v2\/posts\/15597\/revisions"}],"wp:featuredmedia":[{"embeddable":true,"href":"https:\/\/novosaopaulo.com.br\/n1\/wp-json\/"}],"wp:attachment":[{"href":"https:\/\/novosaopaulo.com.br\/n1\/wp-json\/wp\/v2\/media?parent=15597"}],"wp:term":[{"taxonomy":"category","embeddable":true,"href":"https:\/\/novosaopaulo.com.br\/n1\/wp-json\/wp\/v2\/categories?post=15597"},{"taxonomy":"post_tag","embeddable":true,"href":"https:\/\/novosaopaulo.com.br\/n1\/wp-json\/wp\/v2\/tags?post=15597"}],"curies":[{"name":"wp","href":"https:\/\/api.w.org\/{rel}","templated":true}]}}