{"id":15565,"date":"2023-11-03T16:55:25","date_gmt":"2023-11-03T19:55:25","guid":{"rendered":"https:\/\/novosaopaulo.com.br\/n2\/?p=15565"},"modified":"2023-11-03T16:55:25","modified_gmt":"2023-11-03T19:55:25","slug":"28a-maratona-internacional-de-sao-paulo-abre-segundo-lote-de-inscricoes","status":"publish","type":"post","link":"https:\/\/novosaopaulo.com.br\/n1\/28a-maratona-internacional-de-sao-paulo-abre-segundo-lote-de-inscricoes\/","title":{"rendered":"28\u00aa Maratona Internacional de S\u00e3o Paulo abre segundo lote de inscri\u00e7\u00f5es"},"content":{"rendered":"\n<p>Evento oficial da cidade de S\u00e3o Paulo ser\u00e1 no dia 7 de abril de 2024. Nova linha de camiseta\/medalhas e o retorno na Maratoninha s\u00e3o as atra\u00e7\u00f5es<\/p>\n\n\n\n<p>S\u00e3o Paulo (SP) \u2013 Um dos mais tradicionais eventos do pa\u00eds, a Maratona Internacional de S\u00e3o Paulo completar\u00e1 sua 28\u00aa edi\u00e7\u00e3o no dia 7 de abril de 2024. A prova, primeira e \u00fanica de S\u00e3o Paulo com o Selo World Athletics, reunir\u00e1 milhares de corredores para as provas de 42k, 21k, 10k e 5k, com largada e chegada no Ibirapuera, pr\u00f3ximo ao Obelisco.<\/p>\n\n\n\n<p>As inscri\u00e7\u00f5es seguem em ritmo acelerado e os organizadores j\u00e1 abriram o segundo lote. As mesmas devem ser feitas no site oficial, www.maratonadesaopaulo.com.br, at\u00e9 o dia 22 de mar\u00e7o do ano que vem. Detalhes sobre pre\u00e7os, prazos, formas de pagamento, promo\u00e7\u00f5es e outros assuntos relativos \u00e0s provas tamb\u00e9m podem ser encontrados no site.<\/p>\n\n\n\n<p>A edi\u00e7\u00e3o 2024 ter\u00e1 v\u00e1rias novidades. A primeira delas \u00e9 a nova linha de camisetas e medalhas, sendo que cada dist\u00e2ncia ter\u00e1 uma cor espec\u00edfica \u2013 42k, azul, 21k, verde, e 10k e 5 k, laranja . O evento ainda contar\u00e1 com a volta da Maratoninha de S\u00e3o Paulo, corrida infantil destinada a incentivar a pr\u00e1tica esportiva entre os mais jovens. A mesma acontecer\u00e1 no s\u00e1bado, no Parque do Ibirapuera, e em breve o site ser\u00e1 aberto para inscri\u00e7\u00f5es e mais detalhes,<\/p>\n\n\n\n<p>Ao longo de quase tr\u00eas d\u00e9cadas de hist\u00f3ria, o evento reuniu alguns dos principais nomes das corridas de rua do Brasil e in\u00fameros destaques do exterior. A Maratona de S\u00e3o Paulo tem o recorde de tempo em uma maratona corrida no Brasil desde 2002, quando Vanderlei Cordeiro de Lima, medalha de bronze em Atenas 2004, venceu a prova com o tempo de 2h11min19. J\u00e1 a brasileira Marcia Narloch \u00e9 a atleta com maior n\u00famero de vit\u00f3rias, tr\u00eas no total, obtidas nas edi\u00e7\u00f5es de 1999, 2000 e 2005.<\/p>\n\n\n\n<p>No ano passado, o queniano Vestus Cheboi Chemjor foi o vencedor ao completar os 42 km em 2h15min20s, logo em sua primeira participa\u00e7\u00e3o. A marca do queniano \u00e9 um dos melhores da hist\u00f3ria da competi\u00e7\u00e3o. No feminino, a et\u00edope Yadeni Alemayehu, levou a melhor, com 2h34min48. Entre os brasileiros, Giovani dos Santos, em quarto lugar (2h23min16) e Marlei Willers (2h46min50) com a segunda posi\u00e7\u00e3o foram os mais bem colocados do pa\u00eds na 27\u00aa edi\u00e7\u00e3o da Maratona de S\u00e3o Paulo.<\/p>\n\n\n\n<p>A 28\u00aa Maratona Internacional de S\u00e3o Paulo \u00e9 uma realiza\u00e7\u00e3o e organiza\u00e7\u00e3o da Yescom, com patroc\u00ednio de Olympikus, Assai, Drogaria S\u00e3o Paulo, Smart Fit e Movida, patroc\u00ednio especial de 3 Cora\u00e7\u00f5es, copatroc\u00ednio de Montev\u00e9rgine e Dois Cunhados Hortifruti, e apoio de Bendita C\u00e2nfora. O gel oficial \u00e9 da Black Skull. O apoio especial \u00e9 da Prefeitura de S\u00e3o Paulo, pela Secretaria Municipal de Esportes e Lazer (SEME), Secretaria Municipal de Turismo e SPTuris. A supervis\u00e3o \u00e9 da World Athletics, AIMS, CBAt e Federa\u00e7\u00e3o Paulista de Atletismo.<\/p>\n\n\n\n<p>Resultados 27\u00aa Maratona Internacional de S\u00e3o Paulo:<\/p>\n\n\n\n<p>Masculino &#8211; 42 km<\/p>\n\n\n\n<ol><li>Vestus Cheboi (QUE), 2h15min20<\/li><li>Tilehum Abebaw Nigussie (ETH), 2h17min47<\/li><li>Getu Kure Mideksa (ETH), 2h21min50<\/li><li>Giovani dos Santos (BRA), 2h23min16<\/li><\/ol>\n\n\n\n<p>Feminino &#8211; 42 km<\/p>\n\n\n\n<ol><li>Yadeni Alemayehu (ETH), 2h34min48<\/li><li>Marlei Willers (BRA), 2h46min50<\/li><li>Mabre Hale Degefa (ETH), 2h49min32<\/li><li>Renata Moreno dos Santos (BRA), 3h02min32<\/li><\/ol>\n\n\n\n<p>Mais informa\u00e7\u00f5es no site wwwmaratonadesaopaulo.com.br<\/p>\n","protected":false},"excerpt":{"rendered":"<p>Evento oficial da cidade de S\u00e3o Paulo ser\u00e1 no dia 7 de abril de 2024&#8230;.<\/p>\n","protected":false},"author":1,"featured_media":15566,"comment_status":"open","ping_status":"open","sticky":false,"template":"","format":"standard","meta":{"footnotes":""},"categories":[35,9],"tags":[],"featured_image_urls":{"full":"","thumbnail":"","medium":"","medium_large":"","large":"","1536x1536":"","2048x2048":"","newsever-slider-full":"","newsever-featured":"","newsever-medium":""},"author_info":{"display_name":"Reda\u00e7\u00e3o","author_link":"https:\/\/novosaopaulo.com.br\/n1\/author\/g5poa\/"},"category_info":"<a href=\"https:\/\/novosaopaulo.com.br\/n1\/category\/esportes\/\" rel=\"category tag\">Esportes<\/a> <a href=\"https:\/\/novosaopaulo.com.br\/n1\/category\/geral\/\" rel=\"category tag\">Geral<\/a>","tag_info":"Geral","comment_count":"0","_links":{"self":[{"href":"https:\/\/novosaopaulo.com.br\/n1\/wp-json\/wp\/v2\/posts\/15565"}],"collection":[{"href":"https:\/\/novosaopaulo.com.br\/n1\/wp-json\/wp\/v2\/posts"}],"about":[{"href":"https:\/\/novosaopaulo.com.br\/n1\/wp-json\/wp\/v2\/types\/post"}],"author":[{"embeddable":true,"href":"https:\/\/novosaopaulo.com.br\/n1\/wp-json\/wp\/v2\/users\/1"}],"replies":[{"embeddable":true,"href":"https:\/\/novosaopaulo.com.br\/n1\/wp-json\/wp\/v2\/comments?post=15565"}],"version-history":[{"count":0,"href":"https:\/\/novosaopaulo.com.br\/n1\/wp-json\/wp\/v2\/posts\/15565\/revisions"}],"wp:featuredmedia":[{"embeddable":true,"href":"https:\/\/novosaopaulo.com.br\/n1\/wp-json\/"}],"wp:attachment":[{"href":"https:\/\/novosaopaulo.com.br\/n1\/wp-json\/wp\/v2\/media?parent=15565"}],"wp:term":[{"taxonomy":"category","embeddable":true,"href":"https:\/\/novosaopaulo.com.br\/n1\/wp-json\/wp\/v2\/categories?post=15565"},{"taxonomy":"post_tag","embeddable":true,"href":"https:\/\/novosaopaulo.com.br\/n1\/wp-json\/wp\/v2\/tags?post=15565"}],"curies":[{"name":"wp","href":"https:\/\/api.w.org\/{rel}","templated":true}]}}