{"id":15522,"date":"2023-10-31T11:52:57","date_gmt":"2023-10-31T14:52:57","guid":{"rendered":"https:\/\/novosaopaulo.com.br\/n2\/?p=15522"},"modified":"2023-10-31T11:52:57","modified_gmt":"2023-10-31T14:52:57","slug":"vitimas-de-guerras-podem-sofrer-de-transtorno-de-estresse-pos-traumatico","status":"publish","type":"post","link":"https:\/\/novosaopaulo.com.br\/n1\/vitimas-de-guerras-podem-sofrer-de-transtorno-de-estresse-pos-traumatico\/","title":{"rendered":"V\u00edtimas de guerras podem sofrer de transtorno de estresse p\u00f3s-traum\u00e1tico"},"content":{"rendered":"\n<ul><li>Psic\u00f3loga Alessandra Augusto<\/li><\/ul>\n\n\n\n<p>Muitos brasileiros est\u00e3o sendo repatriados de Israel ap\u00f3s o in\u00edcio do conflito entre Israel e Hamas. Mas ao chegarem no Brasil, essas pessoas v\u00e3o precisar de ajuda psicol\u00f3gica para lidar com os eventos p\u00f3s-traum\u00e1ticos. O desafio depois ser\u00e1 tentar desvincular todo o sofrimento e afli\u00e7\u00f5es passadas durante este per\u00edodo. Al\u00e9m disso, existe a Guerra da Ucr\u00e2nia e R\u00fassia que j\u00e1 est\u00e1 perto de completar 2 anos.<\/p>\n\n\n\n<p>O trauma depende de como o indiv\u00edduo vivencia o evento, depende da sua percep\u00e7\u00e3o, como tamb\u00e9m fatores gen\u00e9ticos. Por exemplo, alguns indiv\u00edduos passam por essas situa\u00e7\u00f5es e n\u00e3o traumatizam. J\u00e1 outros apresentam sinais e sintomas de transtorno de estresse p\u00f3s-traum\u00e1tico (TEPT) algum tempo depois.<\/p>\n\n\n\n<p>Em algumas situa\u00e7\u00f5es, o indiv\u00edduo pode apresentar sinais e sintomas imediatamente ap\u00f3s se desvencilhar, como os brasileiros que est\u00e3o retornando ao Brasil. Ao se sentirem seguros, h\u00e1 um relaxamento e os sinais podem come\u00e7ar a aparecer, como tonturas, desmaios, v\u00f4mitos e palidez.<\/p>\n\n\n\n<p>Outro sinal \u00e9 o isolamento. Esse indiv\u00edduo vai experimentar momentos mais em sil\u00eancio, mesmo estando num ambiente social. Ele vai preferir estar sozinho, em sil\u00eancio, introspectivo, por vezes agita\u00e7\u00e3o no sono ou ins\u00f4nia, pesadelos, respostas disfuncionais ou nada t\u00edpicas nas situa\u00e7\u00f5es do dia a dia. Caso n\u00e3o seja tratada, pode chegar a um quadro de depress\u00e3o ou idea\u00e7\u00e3o suicida.<\/p>\n\n\n\n<p>Alguns sintomas podem aparecer semanas depois do fato ocorrido. A pessoa pode apresentar um choro aparentemente sem motivo, uma dor intensa no corpo. Alguns podem apresentar uma resposta autoimune, uma fibromialgia, uma baixa imunidade.<\/p>\n\n\n\n<p>Percebendo isso, deve-se procurar ajuda psicol\u00f3gica. A rede de apoio vai ser importante nesse momento. Al\u00e9m disso, aconselho estar perto dos amigos, recorrer ao lado espiritual, a religi\u00e3o.<\/p>\n\n\n\n<p>Para quem passou por um momento traum\u00e1tico, vivenciou um momento de extrema tens\u00e3o e achou que a vida estava em perigo, a primeira dica que dou \u00e9: acalme-se. Em seguida, pense no que aconteceu, busque um lugar onde possa falar.<\/p>\n\n\n\n<p>No estresse p\u00f3s-traum\u00e1tico, o transtorno \u00e9 trat\u00e1vel. O indiv\u00edduo pode-se libertar, deixar de estar em estado de alerta e trazer sinais e sintomas normais para o seu corpo. No entanto, o primeiro passo \u00e9 buscar um espa\u00e7o onde possa falar. Acredite, o tratamento ser\u00e1 de grande ajuda.<\/p>\n\n\n\n<p>(*) Alessandra Augusto \u00e9 formada em Psicologia, Palestrante, P\u00f3s-Graduada em Terapia Sist\u00eamica e P\u00f3s-Graduanda em Terapia Cognitiva Comportamental e em Neuropsicopedagogia. \u00c9 a autora do cap\u00edtulo \u201cComo um familiar ou amigo pode ajudar?\u201d do livro \u201c\u00c9 poss\u00edvel sonhar. O C\u00e2ncer n\u00e3o \u00e9 maior que voc\u00ea\u201d.<\/p>\n","protected":false},"excerpt":{"rendered":"<p>Psic\u00f3loga Alessandra Augusto Muitos brasileiros est\u00e3o sendo repatriados de Israel ap\u00f3s o in\u00edcio do conflito&#8230;<\/p>\n","protected":false},"author":1,"featured_media":15523,"comment_status":"open","ping_status":"open","sticky":false,"template":"","format":"standard","meta":{"footnotes":""},"categories":[9],"tags":[],"featured_image_urls":{"full":"","thumbnail":"","medium":"","medium_large":"","large":"","1536x1536":"","2048x2048":"","newsever-slider-full":"","newsever-featured":"","newsever-medium":""},"author_info":{"display_name":"Reda\u00e7\u00e3o","author_link":"https:\/\/novosaopaulo.com.br\/n1\/author\/g5poa\/"},"category_info":"<a href=\"https:\/\/novosaopaulo.com.br\/n1\/category\/geral\/\" rel=\"category tag\">Geral<\/a>","tag_info":"Geral","comment_count":"0","_links":{"self":[{"href":"https:\/\/novosaopaulo.com.br\/n1\/wp-json\/wp\/v2\/posts\/15522"}],"collection":[{"href":"https:\/\/novosaopaulo.com.br\/n1\/wp-json\/wp\/v2\/posts"}],"about":[{"href":"https:\/\/novosaopaulo.com.br\/n1\/wp-json\/wp\/v2\/types\/post"}],"author":[{"embeddable":true,"href":"https:\/\/novosaopaulo.com.br\/n1\/wp-json\/wp\/v2\/users\/1"}],"replies":[{"embeddable":true,"href":"https:\/\/novosaopaulo.com.br\/n1\/wp-json\/wp\/v2\/comments?post=15522"}],"version-history":[{"count":0,"href":"https:\/\/novosaopaulo.com.br\/n1\/wp-json\/wp\/v2\/posts\/15522\/revisions"}],"wp:featuredmedia":[{"embeddable":true,"href":"https:\/\/novosaopaulo.com.br\/n1\/wp-json\/"}],"wp:attachment":[{"href":"https:\/\/novosaopaulo.com.br\/n1\/wp-json\/wp\/v2\/media?parent=15522"}],"wp:term":[{"taxonomy":"category","embeddable":true,"href":"https:\/\/novosaopaulo.com.br\/n1\/wp-json\/wp\/v2\/categories?post=15522"},{"taxonomy":"post_tag","embeddable":true,"href":"https:\/\/novosaopaulo.com.br\/n1\/wp-json\/wp\/v2\/tags?post=15522"}],"curies":[{"name":"wp","href":"https:\/\/api.w.org\/{rel}","templated":true}]}}