{"id":15519,"date":"2023-10-31T11:50:59","date_gmt":"2023-10-31T14:50:59","guid":{"rendered":"https:\/\/novosaopaulo.com.br\/n2\/?p=15519"},"modified":"2023-10-31T11:50:59","modified_gmt":"2023-10-31T14:50:59","slug":"crea-sp-pode-ter-a-primeira-mulher-eleita-na-presidencia","status":"publish","type":"post","link":"https:\/\/novosaopaulo.com.br\/n1\/crea-sp-pode-ter-a-primeira-mulher-eleita-na-presidencia\/","title":{"rendered":"Crea-SP pode ter a primeira mulher eleita na presid\u00eancia"},"content":{"rendered":"\n<p>Engenheira h\u00e1 mais de 20 anos, L\u00edgia Mackey j\u00e1 foi vice-presidente e assumiu a Presid\u00eancia do Conselho por seis meses em 2022<\/p>\n\n\n\n<p>A transforma\u00e7\u00e3o do Crea-SP (Conselho Regional de Engenharia e Agronomia do Estado de S\u00e3o Paulo) promete seguir avan\u00e7ando. Essa \u00e9 a proposta da \u00fanica candidata mulher que est\u00e1 concorrendo \u00e0 Presid\u00eancia do maior Conselho profissional da Am\u00e9rica Latina, a engenheira L\u00edgia Marta Mackey, que pode ser a primeira presidente eleita. Apesar de ela j\u00e1 ter ocupado o cargo por seis meses, em 2022, quando era vice-presidente e cobriu a licen\u00e7a do ent\u00e3o presidente Vinicius Marchese, a autarquia paulista nunca elegeu uma mulher para a fun\u00e7\u00e3o em 90 anos de hist\u00f3ria.<\/p>\n\n\n\n<p>Com menos de um m\u00eas para as elei\u00e7\u00f5es do Sistema Confea\/Crea e M\u00fatua, formado pelo Conselho Federal de Engenharia e Agronomia, pelos Conselhos Regionais de Engenharia e Agronomia de cada Estado e pela Caixa de Assist\u00eancia dos Profissionais dos Creas, a expectativa aumenta. \u201cTivemos avan\u00e7os muito importantes na \u00e1rea tecnol\u00f3gica gra\u00e7as ao engajamento dos profissionais e ao protagonismo do Crea-SP, que vem ditando um ritmo de inova\u00e7\u00e3o e mudan\u00e7a nos \u00faltimos anos. A nossa proposta \u00e9 dar continuidade a esse legado fortalecendo o que temos de mais singular, que \u00e9 o profissional: engenheiro, agr\u00f4nomo, geocientista e tecn\u00f3logo\u201d, afirma L\u00edgia.<\/p>\n\n\n\n<p>O perfil de lideran\u00e7a da candidata \u00e9 marcado por uma trajet\u00f3ria de supera\u00e7\u00e3o de barreiras. Al\u00e9m de vice-presidente do Crea-SP, ela j\u00e1 foi presidente da AERC (Associa\u00e7\u00e3o de Engenharia, Arquitetura, Agronomia e Geologia de Rio Claro) por dois mandatos, coordenadora da UNABAM (Uni\u00e3o das Associa\u00e7\u00f5es de Engenheiros, Arquitetos e Agr\u00f4nomos da Baixa e M\u00e9dia Mogiana) e diretora de Entidades de Classe do Conselho. \u201cO associativismo sempre fez parte da minha carreira, mas eu s\u00f3 pude entender mesmo o potencial desse ecossistema quando entrei para o Crea-SP e vi o quanto podemos apoiar os profissionais e a sociedade em seus processos de desenvolvimento\u201d, conta.<\/p>\n\n\n\n<p>Ela n\u00e3o \u00e9 a \u00fanica a pensar da mesma forma e, por isso, optou por compor a chapa que tem o engenheiro Vinicius Marchese como candidato ao Confea, buscando levar a transforma\u00e7\u00e3o do Conselho paulista para os outros estados e fortalecer a hist\u00f3ria iniciada em S\u00e3o Paulo. Ao lado de Daniel Robles, que concorre a conselheiro federal, e Renato Archanjo e Ronaldo Santos, concorrendo a diretores geral e administrativo da M\u00fatua-SP, respectivamente, L\u00edgia destaca os resultados que podem ser multiplicados com o engajamento de todos. \u201c\u00c9 o esp\u00edrito de equipe e uni\u00e3o que v\u00e3o nos manter na trilha de fortalecimento da \u00e1rea tecnol\u00f3gica, com uma gest\u00e3o que ouve e compartilha com os profissionais, defendendo os direitos mais fundamentais, como o piso salarial e o justo mercado de trabalho\u201d, argumenta.<\/p>\n\n\n\n<p>Juntos, eles prop\u00f5em levar adiante a\u00e7\u00f5es que j\u00e1 geraram resultados, como o aumento de 1.600% no total de opera\u00e7\u00f5es de fiscaliza\u00e7\u00e3o realizadas pelo Crea-SP; o programa de est\u00e1gio visita que inseriu os estudantes em uma imers\u00e3o na autarquia; a cria\u00e7\u00e3o de uma rede estadual de unidades de coworking totalmente dedicados \u00e0 \u00e1rea tecnol\u00f3gica; fora a aten\u00e7\u00e3o aos Objetivos de Desenvolvimento Sustent\u00e1vel (ODS) da Agenda 2030 da Organiza\u00e7\u00e3o das Na\u00e7\u00f5es Unidas (ONU) e estrat\u00e9gias de responsabilidade socioambiental.<\/p>\n\n\n\n<p>A vota\u00e7\u00e3o das elei\u00e7\u00f5es 2023 do Sistema Confea\/Crea e M\u00fatua acontece no dia 17 de novembro, das 8h \u00e0s 19h, de forma on-line pelo site www.votaconfea.com.br.<\/p>\n","protected":false},"excerpt":{"rendered":"<p>Engenheira h\u00e1 mais de 20 anos, L\u00edgia Mackey j\u00e1 foi vice-presidente e assumiu a Presid\u00eancia&#8230;<\/p>\n","protected":false},"author":1,"featured_media":15520,"comment_status":"open","ping_status":"open","sticky":false,"template":"","format":"standard","meta":{"footnotes":""},"categories":[9],"tags":[],"featured_image_urls":{"full":"","thumbnail":"","medium":"","medium_large":"","large":"","1536x1536":"","2048x2048":"","newsever-slider-full":"","newsever-featured":"","newsever-medium":""},"author_info":{"display_name":"Reda\u00e7\u00e3o","author_link":"https:\/\/novosaopaulo.com.br\/n1\/author\/g5poa\/"},"category_info":"<a href=\"https:\/\/novosaopaulo.com.br\/n1\/category\/geral\/\" rel=\"category tag\">Geral<\/a>","tag_info":"Geral","comment_count":"0","_links":{"self":[{"href":"https:\/\/novosaopaulo.com.br\/n1\/wp-json\/wp\/v2\/posts\/15519"}],"collection":[{"href":"https:\/\/novosaopaulo.com.br\/n1\/wp-json\/wp\/v2\/posts"}],"about":[{"href":"https:\/\/novosaopaulo.com.br\/n1\/wp-json\/wp\/v2\/types\/post"}],"author":[{"embeddable":true,"href":"https:\/\/novosaopaulo.com.br\/n1\/wp-json\/wp\/v2\/users\/1"}],"replies":[{"embeddable":true,"href":"https:\/\/novosaopaulo.com.br\/n1\/wp-json\/wp\/v2\/comments?post=15519"}],"version-history":[{"count":0,"href":"https:\/\/novosaopaulo.com.br\/n1\/wp-json\/wp\/v2\/posts\/15519\/revisions"}],"wp:featuredmedia":[{"embeddable":true,"href":"https:\/\/novosaopaulo.com.br\/n1\/wp-json\/"}],"wp:attachment":[{"href":"https:\/\/novosaopaulo.com.br\/n1\/wp-json\/wp\/v2\/media?parent=15519"}],"wp:term":[{"taxonomy":"category","embeddable":true,"href":"https:\/\/novosaopaulo.com.br\/n1\/wp-json\/wp\/v2\/categories?post=15519"},{"taxonomy":"post_tag","embeddable":true,"href":"https:\/\/novosaopaulo.com.br\/n1\/wp-json\/wp\/v2\/tags?post=15519"}],"curies":[{"name":"wp","href":"https:\/\/api.w.org\/{rel}","templated":true}]}}