{"id":15488,"date":"2023-10-28T16:17:37","date_gmt":"2023-10-28T19:17:37","guid":{"rendered":"https:\/\/novosaopaulo.com.br\/n2\/?p=15488"},"modified":"2023-10-28T16:17:37","modified_gmt":"2023-10-28T19:17:37","slug":"democratizacao-e-descentralizacao-da-cultura-e-tema-da-iv-conferencia-de-cultura-em-poa","status":"publish","type":"post","link":"https:\/\/novosaopaulo.com.br\/n1\/democratizacao-e-descentralizacao-da-cultura-e-tema-da-iv-conferencia-de-cultura-em-poa\/","title":{"rendered":"Democratiza\u00e7\u00e3o e descentraliza\u00e7\u00e3o da Cultura \u00e9 tema da IV Confer\u00eancia de Cultura em Po\u00e1"},"content":{"rendered":"\n<p>Este final de Semana, dias 28 e 29 de outubro de 2023 acontece a IV Confer\u00eancia Municipal de Cultura de Po\u00e1 no Teatro Municipal de po\u00e1 Tur\u00edbio Ruiz das 09h as 17h.<br \/>No entanto, edital que regulamenta a Confer\u00eancia e a sua comiss\u00e3o organizadora foram publicados no Di\u00e1rio oficial apenas ontem, dia 26 de outubro de 2023, h\u00e1 menos de 72 horas do evento. Al\u00e9m do tempo recorde o governo tamb\u00e9m espera que a comiss\u00e3o organize o evento sem recursos, contrariando a letra da lei que determina o dever da prefeitura em prever recursos para a realiza\u00e7\u00e3o das Confer\u00eancias Municipais.<br \/>Se andarem pela cidade voc\u00eas n\u00e3o encontrar\u00e3o uma propaganda sequer, nenhuma publicidade sobre este, que deveria ser um dos momentos mais importantes para a cultura local e que vai acontecer porque tem que acontecer. Porque a prefeitura teve que assinar o termo de ades\u00e3o ao Sistema Nacional de Cultura como condi\u00e7\u00e3o para ter acesso aos recursos da lei Paulo Gustavo e as confer\u00eancias municipais s\u00e3o uma importante ferramenta deste sistema e fazem parte de um grande processo de discuss\u00e3o nacional a respeito, entre outros, de como fomentar a cultura em nosso pa\u00eds.<br \/>Foi definido pelo governo federal um documento base para pautar as discuss\u00f5es a n\u00edvel municipal e estadual e pode-se dizer que este ano o tema central destas discuss\u00f5es \u00e9 \u201cDemocratiza\u00e7\u00e3o, democracia e o direito a Cultura\u201d. \u00b4\u00b4Ser\u00e1 necess\u00e1rio ter isto em mente no momento em que for discutido cada um dos os seis eixos propostos no mesmo documento.<br \/>S\u00e3o eles: Institucionaliza\u00e7\u00e3o, Marcos Legais e Sistema Nacional de Cultura; Democratiza\u00e7\u00e3o do Acesso \u00e0 Cultura e Participa\u00e7\u00e3o Social; Identidade, Patrim\u00f4nio e Mem\u00f3ria; Diversidade Cultural e Transversalidade de G\u00eanero, Ra\u00e7a e Acessibilidade na Pol\u00edtica Cultural; Economia Criativa, Trabalho, Renda e Sustentabilidade e Direito \u00e0s Artes e Linguagens Digitais.<br \/>Ainda sobre a Confer\u00eancia Municipal \u00e9 fundamental aproveitar este momento e trazer para o debate as demandas e dificuldades que temos no n\u00edvel municipal, quais s\u00e3o as nossas necessidades? Quais s\u00e3o as nossas dificuldades para implantar o sistema municipal de cultura.<br \/>O per\u00edodo da tarde do domingo ser\u00e1 utilizado para a constru\u00e7\u00e3o do plano municipal de cultura e neste sentido, \u00e9 importante a participa\u00e7\u00e3o de todo. N\u00e3o apenas dos agentes culturais, mas da sociedade como um todo e dos nossos representantes eleitos. Uma vez que o plano municipal de cultura \u00e9 sobretudo, uma lei que precisa ser constru\u00edda em parceria com os vereadores e aprovada na C\u00e2mara Municipal, ou seja, na Confer\u00eancia Municipal de Cultura \u00e9 o momento de saber quem, de fato, se importa com a Cultura na Cidade.<br \/>Manifestar o apoio na rede social \u00e9 f\u00e1cil, mas de gestores esperasse muito mais do que um post mal escrito. Espera-se minimamente a participa\u00e7\u00e3o na Confer\u00eancia municipal de sua cidade (\u00c9 uma quest\u00e3o de respeito!), a escuta ativa do agente cultural, de seus mun\u00edcipes e a constru\u00e7\u00e3o de pol\u00edticas p\u00fablicas para a cultura. Depois disso, o post \u00e9 bem-vindo! Antes, \u00e9 s\u00f3 fake e de fake estamos fartos.<br \/>Gisele Magalhaes \u2013 Conselheira Municipal de Cultura<br \/>\u201cA hora da cultura \u00e9 AGORA e o momento \u00e9 J\u00c1!\u201d<br \/>@gimagalhaes_cultura<\/p>\n\n\n\n<figure class=\"wp-block-gallery columns-2 is-cropped wp-block-gallery-1 is-layout-flex wp-block-gallery-is-layout-flex\"><ul class=\"blocks-gallery-grid\"><li class=\"blocks-gallery-item\"><figure><img decoding=\"async\" src=\"https:\/\/novosaopaulo.com.br\/n2\/wp-content\/uploads\/2023\/10\/WhatsApp-Image-2023-10-27-at-20.37.42.jpeg\" alt=\"\" data-id=\"15489\" data-full-url=\"https:\/\/novosaopaulo.com.br\/n2\/wp-content\/uploads\/2023\/10\/WhatsApp-Image-2023-10-27-at-20.37.42.jpeg\" data-link=\"https:\/\/novosaopaulo.com.br\/n2\/?attachment_id=15489\" class=\"wp-image-15489\"\/><\/figure><\/li><li class=\"blocks-gallery-item\"><figure><img decoding=\"async\" src=\"https:\/\/novosaopaulo.com.br\/n2\/wp-content\/uploads\/2023\/10\/WhatsApp-Image-2023-10-27-at-20.37.43.jpeg\" alt=\"\" data-id=\"15490\" data-full-url=\"https:\/\/novosaopaulo.com.br\/n2\/wp-content\/uploads\/2023\/10\/WhatsApp-Image-2023-10-27-at-20.37.43.jpeg\" data-link=\"https:\/\/novosaopaulo.com.br\/n2\/?attachment_id=15490\" class=\"wp-image-15490\"\/><\/figure><\/li><\/ul><\/figure>\n","protected":false},"excerpt":{"rendered":"<p>Este final de Semana, dias 28 e 29 de outubro de 2023 acontece a IV&#8230;<\/p>\n","protected":false},"author":1,"featured_media":15489,"comment_status":"open","ping_status":"open","sticky":false,"template":"","format":"standard","meta":{"footnotes":""},"categories":[45,9,8],"tags":[],"featured_image_urls":{"full":"","thumbnail":"","medium":"","medium_large":"","large":"","1536x1536":"","2048x2048":"","newsever-slider-full":"","newsever-featured":"","newsever-medium":""},"author_info":{"display_name":"Reda\u00e7\u00e3o","author_link":"https:\/\/novosaopaulo.com.br\/n1\/author\/g5poa\/"},"category_info":"<a href=\"https:\/\/novosaopaulo.com.br\/n1\/category\/cultura\/\" rel=\"category tag\">Cultura<\/a> <a href=\"https:\/\/novosaopaulo.com.br\/n1\/category\/geral\/\" rel=\"category tag\">Geral<\/a> <a href=\"https:\/\/novosaopaulo.com.br\/n1\/category\/poa\/\" rel=\"category tag\">Po\u00e1<\/a>","tag_info":"Po\u00e1","comment_count":"0","_links":{"self":[{"href":"https:\/\/novosaopaulo.com.br\/n1\/wp-json\/wp\/v2\/posts\/15488"}],"collection":[{"href":"https:\/\/novosaopaulo.com.br\/n1\/wp-json\/wp\/v2\/posts"}],"about":[{"href":"https:\/\/novosaopaulo.com.br\/n1\/wp-json\/wp\/v2\/types\/post"}],"author":[{"embeddable":true,"href":"https:\/\/novosaopaulo.com.br\/n1\/wp-json\/wp\/v2\/users\/1"}],"replies":[{"embeddable":true,"href":"https:\/\/novosaopaulo.com.br\/n1\/wp-json\/wp\/v2\/comments?post=15488"}],"version-history":[{"count":0,"href":"https:\/\/novosaopaulo.com.br\/n1\/wp-json\/wp\/v2\/posts\/15488\/revisions"}],"wp:featuredmedia":[{"embeddable":true,"href":"https:\/\/novosaopaulo.com.br\/n1\/wp-json\/"}],"wp:attachment":[{"href":"https:\/\/novosaopaulo.com.br\/n1\/wp-json\/wp\/v2\/media?parent=15488"}],"wp:term":[{"taxonomy":"category","embeddable":true,"href":"https:\/\/novosaopaulo.com.br\/n1\/wp-json\/wp\/v2\/categories?post=15488"},{"taxonomy":"post_tag","embeddable":true,"href":"https:\/\/novosaopaulo.com.br\/n1\/wp-json\/wp\/v2\/tags?post=15488"}],"curies":[{"name":"wp","href":"https:\/\/api.w.org\/{rel}","templated":true}]}}