{"id":15484,"date":"2023-10-27T08:31:30","date_gmt":"2023-10-27T11:31:30","guid":{"rendered":"https:\/\/novosaopaulo.com.br\/n2\/?p=15484"},"modified":"2023-10-27T08:31:30","modified_gmt":"2023-10-27T11:31:30","slug":"gustavo-meirelles-o-gigante-discreto-2","status":"publish","type":"post","link":"https:\/\/novosaopaulo.com.br\/n1\/gustavo-meirelles-o-gigante-discreto-2\/","title":{"rendered":"Gustavo Meirelles: O Gigante Discreto?"},"content":{"rendered":"\n<p>Supera\u00e7\u00e3o, crescimento para o empreendedor Gustavo Meirelles, em tr\u00eas fases de sua vida. Primeiro com a perda de seu pai aos 7 anos de idade, depois aos 11 at\u00e9 aos 16 anos, o bullying no col\u00e9gio que gerou uma depress\u00e3o profunda para encarar isso sozinho. A terceira supera\u00e7\u00e3o veio aos 20 anos de idade quando pensou em tirar a sua pr\u00f3pria vida, com depress\u00e3o profunda. Tudo ele conta com detalhes em seu lan\u00e7amento de seu novo livro &#8221; Playboy do Empreendimento &#8211; Uma Hist\u00f3ria Irreverente de Sucesso e Amadurecimento&#8221;.<\/p>\n\n\n\n<p>Hoje com 21 anos, conta sobre seu maior empreendimento desde cedo. Fundou o grupo FFY Holding e trabalha junto com a sua fam\u00edlia Meirelles, e est\u00e1 com mais de 5 marcas patentes. Como grande conhecedor, j\u00e1 viajou para 20 pa\u00edses e viveu em 4 (Brasil, Espanha, Portugal e Estados Unidos). Um verdadeiro poliglota, fala portugu\u00eas, Ingl\u00eas, Espanhol e Russo. J\u00e1 conta com 100% de lucro de seus investimentos.<\/p>\n\n\n\n<p>Gustavo mudou-se para Portugal aos 10 anos de idade, junto de sua m\u00e3e. No ano de 2016 ganhou notoriedade, por ser Youtuber em Portugal, foi agenciado e virou astro teen. Depois foi demitido.<\/p>\n\n\n\n<p>Com carreira solo no digital, ele investiu a sua imagem como jovem empres\u00e1rio no Instagram e ganhou muito dinheiro. Gustavo tinha no ano de 2019, uma famosa loja de luxo, a Project Hype PT, ele mexia com importa\u00e7\u00e3o de joias da Alemanha, que estava na moda usar j\u00f3ias ICED e Cuban Chain, por causa da ascens\u00e3o do Trap. Gustavo faturou 5 mil euros em dois anos.<\/p>\n\n\n\n<p>No ano de 2020 ele recebeu a heran\u00e7a de seu pai, comprou um duplex em frente ao mar. Investiu 90% em im\u00f3veis, participa\u00e7\u00f5es em empresas do ramo da restaura\u00e7\u00e3o no Brasil em que sua fam\u00edlia est\u00e1 envolvida. Investiu tamb\u00e9m em criptomoedas e dividendos.<\/p>\n\n\n\n<p>No ano de 2020 &#8211; 2023, foi uma reviravolta para o amazonense que tudo fluiu em sua vida. Agora com a sua experi\u00eancia vivida conta que seu problema \u00e9 psicol\u00f3gico e emocional.<\/p>\n\n\n\n<p>Superou e agora conquistou o que mais almejava. Com forma\u00e7\u00e3o superior em Marketing quer dar um futuro para a sua fam\u00edlia.<\/p>\n\n\n\n<p>Em entrevista:<\/p>\n\n\n\n<p>1) Me fale quando se deu in\u00edcio o seu empreendimento?<\/p>\n\n\n\n<p>Gustavo Meirelles: Minha vida no empreendedorismo come\u00e7ou muito, desde que eu sou crian\u00e7a para ser sincero. Com os meus 14 anos, eu j\u00e1 tinha pequenos neg\u00f3cios na internet que davam para serem meus rendimentos extra. Mas s\u00f3 entrei nos grandes neg\u00f3cios e onde o verdadeiro capital mora a partir dos meus 19 anos e a partir de 2021. Podemos dizer que este ano foi a minha grande inicia\u00e7\u00e3o no mundo dos neg\u00f3cios.<\/p>\n\n\n\n<p>Nessa \u00e9poca, comecei a trabalhar diretamente com a minha fam\u00edlia na DDW Ltda, uma grande empresa de distribui\u00e7\u00e3o alimentar que pertence a eles, e que p\u00f4de ser uma grande base e \u00f3tima forma de dar um start nessa jornada.<\/p>\n\n\n\n<p>Passado mais 1 ano, fundei a FFY Holding, que \u00e9 uma holding que engloba todas as marcas do Gustavo Meirelles + da minha fam\u00edlia Meirelles. Elas se interligam e se auxiliam tamb\u00e9m.<\/p>\n\n\n\n<p>Um dos objetivos principais \u00e9 estar em todos os segmentos poss\u00edveis, para todos os tipos de p\u00fablico.&#8221;<\/p>\n\n\n\n<p>2)Me fale sobre o seu livro?<\/p>\n\n\n\n<p>Gustavo Meirelles: O meu livro foi lan\u00e7ado a cerca de 1 m\u00eas e meio atr\u00e1s e \u00e9 uma autobiografia, falando de forma mais aprofundada em toda essa minha jornada pessoal e empresarial e como foi lidar com tantas responsabilidades e poderes desde cedo. \u00c9 uma reflex\u00e3o sobre o pre\u00e7o que o sucesso pode ter.<\/p>\n\n\n\n<p>3) Voc\u00ea j\u00e1 pensou em dar palestras e cursos de empreendedorismo?<\/p>\n\n\n\n<p>Gustavo Meirelles: Sim, \u00e9 uma das minhas grandes vontades. O equivalente a isso que fa\u00e7o sempre que poss\u00edvel \u00e9 dar entrevistas para jornais, televis\u00e3o ou podcast, que confesso, adoro! Penso ser uma forma \u00f3tima de conhecerem sempre um lado meu que n\u00e3o \u00e9 apresentado com tanta facilidade.<\/p>\n\n\n\n<p>4) Qual o seu verdadeiro foco?<\/p>\n\n\n\n<p>Gustavo Meirelles: Meu verdadeiro foco \u00e9 a realiza\u00e7\u00e3o de neg\u00f3cios ainda mais grandiosos que busquem atender a todos os que necessitam. \u00c9 realmente essa expans\u00e3o, que estou fazendo neste exato momento em determinados neg\u00f3cios.<\/p>\n\n\n\n<p>5) Sobre seu trabalho e forma\u00e7\u00e3o (outras informa\u00e7\u00f5es)?<\/p>\n\n\n\n<p>Gustavo Meirelles: Nasci na cidade de Manaus, tenho 21 anos e fa\u00e7o 22 anos em novembro, sou graduado em marketing e comunica\u00e7\u00e3o empresarial e mestrando no \u00faltimo ano de Marketing. Depois, ser\u00e1 doutorado. Toda a minha forma\u00e7\u00e3o a partir do ensino m\u00e9dio foi na Europa.<\/p>\n\n\n\n<p>Para ler e adquirir: Livraria P\u00fablica ou Amazon<\/p>\n\n\n\n<p>Cr\u00e9dito de imagem: Divulga\u00e7\u00e3o<\/p>\n\n\n\n<figure class=\"wp-block-image size-full\"><img decoding=\"async\" src=\"http:\/\/novosaopaulo.com.br\/n2\/wp-content\/uploads\/2023\/10\/WhatsApp-Image-2023-10-27-at-08.06.25.jpeg\" alt=\"\" class=\"wp-image-15486\"\/><\/figure>\n","protected":false},"excerpt":{"rendered":"<p>Supera\u00e7\u00e3o, crescimento para o empreendedor Gustavo Meirelles, em tr\u00eas fases de sua vida. Primeiro com&#8230;<\/p>\n","protected":false},"author":1,"featured_media":15485,"comment_status":"open","ping_status":"open","sticky":false,"template":"","format":"standard","meta":{"footnotes":""},"categories":[45,9],"tags":[],"featured_image_urls":{"full":"","thumbnail":"","medium":"","medium_large":"","large":"","1536x1536":"","2048x2048":"","newsever-slider-full":"","newsever-featured":"","newsever-medium":""},"author_info":{"display_name":"Reda\u00e7\u00e3o","author_link":"https:\/\/novosaopaulo.com.br\/n1\/author\/g5poa\/"},"category_info":"<a href=\"https:\/\/novosaopaulo.com.br\/n1\/category\/cultura\/\" rel=\"category tag\">Cultura<\/a> <a href=\"https:\/\/novosaopaulo.com.br\/n1\/category\/geral\/\" rel=\"category tag\">Geral<\/a>","tag_info":"Geral","comment_count":"0","_links":{"self":[{"href":"https:\/\/novosaopaulo.com.br\/n1\/wp-json\/wp\/v2\/posts\/15484"}],"collection":[{"href":"https:\/\/novosaopaulo.com.br\/n1\/wp-json\/wp\/v2\/posts"}],"about":[{"href":"https:\/\/novosaopaulo.com.br\/n1\/wp-json\/wp\/v2\/types\/post"}],"author":[{"embeddable":true,"href":"https:\/\/novosaopaulo.com.br\/n1\/wp-json\/wp\/v2\/users\/1"}],"replies":[{"embeddable":true,"href":"https:\/\/novosaopaulo.com.br\/n1\/wp-json\/wp\/v2\/comments?post=15484"}],"version-history":[{"count":0,"href":"https:\/\/novosaopaulo.com.br\/n1\/wp-json\/wp\/v2\/posts\/15484\/revisions"}],"wp:featuredmedia":[{"embeddable":true,"href":"https:\/\/novosaopaulo.com.br\/n1\/wp-json\/"}],"wp:attachment":[{"href":"https:\/\/novosaopaulo.com.br\/n1\/wp-json\/wp\/v2\/media?parent=15484"}],"wp:term":[{"taxonomy":"category","embeddable":true,"href":"https:\/\/novosaopaulo.com.br\/n1\/wp-json\/wp\/v2\/categories?post=15484"},{"taxonomy":"post_tag","embeddable":true,"href":"https:\/\/novosaopaulo.com.br\/n1\/wp-json\/wp\/v2\/tags?post=15484"}],"curies":[{"name":"wp","href":"https:\/\/api.w.org\/{rel}","templated":true}]}}