{"id":15330,"date":"2023-10-18T17:48:00","date_gmt":"2023-10-18T20:48:00","guid":{"rendered":"https:\/\/novosaopaulo.com.br\/n2\/?p=15330"},"modified":"2023-10-18T17:48:00","modified_gmt":"2023-10-18T20:48:00","slug":"governo-de-sp-vai-oferecer-atendimento-em-libras-nos-servicos-estaduais","status":"publish","type":"post","link":"https:\/\/novosaopaulo.com.br\/n1\/governo-de-sp-vai-oferecer-atendimento-em-libras-nos-servicos-estaduais\/","title":{"rendered":"Governo de SP vai oferecer atendimento em Libras nos servi\u00e7os estaduais"},"content":{"rendered":"\n<p>Programa S\u00e3o Paulo S\u00e3o Libras permite que servidores p\u00fablicos acionem int\u00e9rpretes por videochamada para atendimento a pessoas surdas<\/p>\n\n\n\n<p>O Governo de S\u00e3o Paulo lan\u00e7ou nesta quinta-feira (19) uma iniciativa in\u00e9dita para oferecer atendimento em Libras a pessoas surdas em \u00f3rg\u00e3os estaduais que oferecem servi\u00e7os presenciais ao p\u00fablico. Anunciado pelo governador Tarc\u00edsio de Freitas, o programa S\u00e3o Paulo S\u00e3o Libras vai permitir que servidores acionem int\u00e9rpretes de Libras por meio de videochamada para facilitar a comunica\u00e7\u00e3o com pessoas com defici\u00eancia auditiva.<\/p>\n\n\n\n<p>\u201c\u00c9 mais um importante passo na dire\u00e7\u00e3o da inclus\u00e3o para romper barreiras de comunica\u00e7\u00e3o e possibilitar o acesso a servi\u00e7os p\u00fablicos. \u00c0s vezes, s\u00e3o coisas simples, mas que representam um obst\u00e1culo intranspon\u00edvel para pessoas com defici\u00eancia auditiva. Agora, com o programa S\u00e3o Paulo S\u00e3o Libras, come\u00e7amos pelas delegacias de pol\u00edcia, mas \u00e9 algo que vai ganhar corpo\u201d, afirmou Tarc\u00edsio em cerim\u00f4nia no Pal\u00e1cio dos Bandeirantes.<\/p>\n\n\n\n<p>A iniciativa coordenada pela Secretaria dos Direitos da Pessoa com Defici\u00eancia vai implementar a Central de Interpreta\u00e7\u00e3o de Libras em todos os \u00f3rg\u00e3os p\u00fablicos estaduais para viabilizar, na L\u00edngua Brasileira de Sinais, atendimentos inclusivos \u00e0s mais de 469 mil pessoas com defici\u00eancia auditiva que vivem nos 645 munic\u00edpios paulistas.<\/p>\n\n\n\n<p>Inicialmente, a central ser\u00e1 implementada em todas as delegacias, com apoio da Secretaria da Seguran\u00e7a P\u00fablica. Gradualmente, o sistema ser\u00e1 expandido para todos os demais servi\u00e7os p\u00fablicos estaduais.<\/p>\n\n\n\n<p>\u201cEste \u00e9 um marco revolucion\u00e1rio para a inclus\u00e3o de pessoas surdas, uma quebra de paradigmas em prol da acessibilidade e uma resposta ao desafio de tornar a comunica\u00e7\u00e3o mais eficiente e inclusiva nos servi\u00e7os estaduais. Qualquer pessoa surda poder\u00e1 ser atendida por um int\u00e9rprete de Libras mesmo quando o atendente n\u00e3o dominar a l\u00edngua de sinais\u201d, disse o secret\u00e1rio estadual dos Direitos da Pessoa com Defici\u00eancia, Marcos da Costa.<\/p>\n\n\n\n<p>A Central de Interpreta\u00e7\u00e3o de Libras ser\u00e1 implementada em parceria com a organiza\u00e7\u00e3o da sociedade civil AME-SP (www.ame-sp.org.br). Trata-se de um servi\u00e7o de tradu\u00e7\u00e3o simult\u00e2nea que, com o aux\u00edlio de um int\u00e9rprete de Libras por meio de videochamada, permite a comunica\u00e7\u00e3o inclusiva entre pessoas surdas e servidores de \u00f3rg\u00e3os estaduais que fazem atendimento direto ao p\u00fablico, como hospitais e delegacias.<\/p>\n\n\n\n<p>Na pr\u00e1tica, o atendimento nos servi\u00e7os estaduais poder\u00e1 acessar a plataforma online a qualquer momento e solicitar a assist\u00eancia por v\u00eddeo de um int\u00e9rprete de Libras. O int\u00e9rprete far\u00e1 a comunica\u00e7\u00e3o com as pessoas surdas em tempo real e informar\u00e1 ao atendente o que est\u00e1 sendo conversado.<\/p>\n\n\n\n<p>Todos os servidores estaduais ser\u00e3o treinados pela AME-SP para acessar o sistema e solicitar a tradu\u00e7\u00e3o de um int\u00e9rprete. A central vai funcionar em tempo integral com uma equipe de aproximadamente cem int\u00e9rpretes de Libras habilitados e com experi\u00eancia na interpreta\u00e7\u00e3o simult\u00e2nea da Libras para o portugu\u00eas, e vice-versa.<\/p>\n","protected":false},"excerpt":{"rendered":"<p>Programa S\u00e3o Paulo S\u00e3o Libras permite que servidores p\u00fablicos acionem int\u00e9rpretes por videochamada para atendimento&#8230;<\/p>\n","protected":false},"author":1,"featured_media":15331,"comment_status":"open","ping_status":"open","sticky":false,"template":"","format":"standard","meta":{"footnotes":""},"categories":[2,9],"tags":[],"featured_image_urls":{"full":"","thumbnail":"","medium":"","medium_large":"","large":"","1536x1536":"","2048x2048":"","newsever-slider-full":"","newsever-featured":"","newsever-medium":""},"author_info":{"display_name":"Reda\u00e7\u00e3o","author_link":"https:\/\/novosaopaulo.com.br\/n1\/author\/g5poa\/"},"category_info":"<a href=\"https:\/\/novosaopaulo.com.br\/n1\/category\/cidades\/\" rel=\"category tag\">Cidades<\/a> <a href=\"https:\/\/novosaopaulo.com.br\/n1\/category\/geral\/\" rel=\"category tag\">Geral<\/a>","tag_info":"Geral","comment_count":"0","_links":{"self":[{"href":"https:\/\/novosaopaulo.com.br\/n1\/wp-json\/wp\/v2\/posts\/15330"}],"collection":[{"href":"https:\/\/novosaopaulo.com.br\/n1\/wp-json\/wp\/v2\/posts"}],"about":[{"href":"https:\/\/novosaopaulo.com.br\/n1\/wp-json\/wp\/v2\/types\/post"}],"author":[{"embeddable":true,"href":"https:\/\/novosaopaulo.com.br\/n1\/wp-json\/wp\/v2\/users\/1"}],"replies":[{"embeddable":true,"href":"https:\/\/novosaopaulo.com.br\/n1\/wp-json\/wp\/v2\/comments?post=15330"}],"version-history":[{"count":0,"href":"https:\/\/novosaopaulo.com.br\/n1\/wp-json\/wp\/v2\/posts\/15330\/revisions"}],"wp:featuredmedia":[{"embeddable":true,"href":"https:\/\/novosaopaulo.com.br\/n1\/wp-json\/"}],"wp:attachment":[{"href":"https:\/\/novosaopaulo.com.br\/n1\/wp-json\/wp\/v2\/media?parent=15330"}],"wp:term":[{"taxonomy":"category","embeddable":true,"href":"https:\/\/novosaopaulo.com.br\/n1\/wp-json\/wp\/v2\/categories?post=15330"},{"taxonomy":"post_tag","embeddable":true,"href":"https:\/\/novosaopaulo.com.br\/n1\/wp-json\/wp\/v2\/tags?post=15330"}],"curies":[{"name":"wp","href":"https:\/\/api.w.org\/{rel}","templated":true}]}}