{"id":15310,"date":"2023-10-18T08:53:05","date_gmt":"2023-10-18T11:53:05","guid":{"rendered":"https:\/\/novosaopaulo.com.br\/n2\/?p=15310"},"modified":"2023-10-18T08:53:05","modified_gmt":"2023-10-18T11:53:05","slug":"cesar-fontes-traz-classicos-da-mpb-para-o-espaco-opereta-no-dia-21","status":"publish","type":"post","link":"https:\/\/novosaopaulo.com.br\/n1\/cesar-fontes-traz-classicos-da-mpb-para-o-espaco-opereta-no-dia-21\/","title":{"rendered":"C\u00e9sar Fontes traz cl\u00e1ssicos da MPB para o Espa\u00e7o Opereta no dia 21"},"content":{"rendered":"\n<p>Cantor e compositor potiguar apresenta o show \u201cSempre Sim\u201d, no formato voz e viol\u00e3o, \u00e0s 20 horas<\/p>\n\n\n\n<p>O cantor e compositor potiguar C\u00e9sar Fontes se apresenta dia 21 de outubro, \u00e0s 20 horas, no Espa\u00e7o Cultural Opereta, em Po\u00e1-SP. O m\u00fasico traz o melhor da MPB e m\u00fasicas autorais no show \u201cSempre Sim\u201d, com classifica\u00e7\u00e3o Livre. Os ingressos j\u00e1 est\u00e3o \u00e0 venda.<br \/>Sempre Sim \u00e9 um passeio por cl\u00e1ssicos da MPB e seu trabalho autoral, com um sabor bem brasileiro, tendo como companhia a voz, o viol\u00e3o e o p\u00fablico.<br \/>Natural do Rio Grande do Norte, C\u00e9sar Fontes busca espa\u00e7o no cen\u00e1rio musical e escolheu S\u00e3o Paulo como a principal vitrine. Desde 1984, passou por v\u00e1rios palcos de diversos projetos culturais da cidade e interior ligado \u00e0 linguagem da m\u00fasica.<br \/>Em 1985 fez seu primeiro registro fonogr\u00e1fico, na \u00e9poca em vinil, um compacto duplo lan\u00e7ado pela extinta gravadora Copacabana. A partir da\u00ed seu trabalho passou a ser reconhecido no circuito alternativo, surgindo assim novas parcerias.<br \/>Com um vasto material que transita por diversos ritmos\u2026 Prova de um artista com influ\u00eancias diversas dentro da M\u00fasica Popular Brasileira. Depois de um longo tempo fora dos palcos por conta de outros projetos, retorna sua carreira, em 2020 com nova produ\u00e7\u00e3o de 12 faixas, entre elas, uma de sua autoria interpretada pelo Belchior numa grava\u00e7\u00e3o do ano 2000.<br \/>O show \u00e9 uma viagem que passeia pelo Rock, Pop, Bossa, Reggae e Xote, tudo isso com um tempero sabor Brasil. \u00c9 um artista com a consci\u00eancia de que a estrada \u00e9 comprida, mas seu trabalho \u00e9 a longo prazo.<br \/>No Alto Tiet\u00ea, recentemente se apresentou no Sarau da Galeria, em comemora\u00e7\u00e3o aos dez anos de realiza\u00e7\u00e3o do evento que abra\u00e7a artistas de diversas linguagens.<\/p>\n\n\n\n<p>Local<\/p>\n\n\n\n<p>O Espa\u00e7o Cultural Opereta \u00e9 localizado na regi\u00e3o central, pr\u00f3ximo \u00e0 esta\u00e7\u00e3o Po\u00e1 da CPTM e possui ambiente r\u00fastico e muito procurado pelo p\u00fablico de artistas, coletivos e produtores culturais da regi\u00e3o do Alto Tiet\u00ea. Com capacidade para 70 pessoas, oferece infraestrutura b\u00e1sica de som e luz para apresenta\u00e7\u00f5es de shows, pe\u00e7as teatrais, bar e \u00e1rea externa de conviv\u00eancia.<\/p>\n\n\n\n<p>SERVI\u00c7O<br \/>C\u00e9sar Fontes \u2013 Sempre Sim<br \/>Data: 21\/10<br \/>Hor\u00e1rio: 20h<br \/>Local: Espa\u00e7o Cultural Opereta &#8211; Rua Dr. Em\u00edlio Ribas, 168 &#8211; Vila Sopreter, Po\u00e1 SP<br \/>Valor: R$ 15 (antecipado) e R$ 20 (na porta); meia entrada para associados, estudantes, pessoas com defici\u00eancia e idosos acima de 60 anos.<br \/>Classifica\u00e7\u00e3o: Livre<br \/>Informa\u00e7\u00f5es e ingressos: 11 4634-1175 (WhatsApp)<\/p>\n\n\n\n<figure class=\"wp-block-image size-large is-resized\"><img fetchpriority=\"high\" decoding=\"async\" src=\"https:\/\/novosaopaulo.com.br\/n2\/wp-content\/uploads\/2023\/10\/WhatsApp-Image-2023-10-17-at-21.44.37-732x1024.jpeg\" alt=\"\" class=\"wp-image-15311\" width=\"366\" height=\"512\"\/><\/figure>\n","protected":false},"excerpt":{"rendered":"<p>Cantor e compositor potiguar apresenta o show \u201cSempre Sim\u201d, no formato voz e viol\u00e3o, \u00e0s&#8230;<\/p>\n","protected":false},"author":1,"featured_media":15312,"comment_status":"open","ping_status":"open","sticky":false,"template":"","format":"standard","meta":{"footnotes":""},"categories":[45,9],"tags":[],"featured_image_urls":{"full":"","thumbnail":"","medium":"","medium_large":"","large":"","1536x1536":"","2048x2048":"","newsever-slider-full":"","newsever-featured":"","newsever-medium":""},"author_info":{"display_name":"Reda\u00e7\u00e3o","author_link":"https:\/\/novosaopaulo.com.br\/n1\/author\/g5poa\/"},"category_info":"<a href=\"https:\/\/novosaopaulo.com.br\/n1\/category\/cultura\/\" rel=\"category tag\">Cultura<\/a> <a href=\"https:\/\/novosaopaulo.com.br\/n1\/category\/geral\/\" rel=\"category tag\">Geral<\/a>","tag_info":"Geral","comment_count":"0","_links":{"self":[{"href":"https:\/\/novosaopaulo.com.br\/n1\/wp-json\/wp\/v2\/posts\/15310"}],"collection":[{"href":"https:\/\/novosaopaulo.com.br\/n1\/wp-json\/wp\/v2\/posts"}],"about":[{"href":"https:\/\/novosaopaulo.com.br\/n1\/wp-json\/wp\/v2\/types\/post"}],"author":[{"embeddable":true,"href":"https:\/\/novosaopaulo.com.br\/n1\/wp-json\/wp\/v2\/users\/1"}],"replies":[{"embeddable":true,"href":"https:\/\/novosaopaulo.com.br\/n1\/wp-json\/wp\/v2\/comments?post=15310"}],"version-history":[{"count":0,"href":"https:\/\/novosaopaulo.com.br\/n1\/wp-json\/wp\/v2\/posts\/15310\/revisions"}],"wp:featuredmedia":[{"embeddable":true,"href":"https:\/\/novosaopaulo.com.br\/n1\/wp-json\/"}],"wp:attachment":[{"href":"https:\/\/novosaopaulo.com.br\/n1\/wp-json\/wp\/v2\/media?parent=15310"}],"wp:term":[{"taxonomy":"category","embeddable":true,"href":"https:\/\/novosaopaulo.com.br\/n1\/wp-json\/wp\/v2\/categories?post=15310"},{"taxonomy":"post_tag","embeddable":true,"href":"https:\/\/novosaopaulo.com.br\/n1\/wp-json\/wp\/v2\/tags?post=15310"}],"curies":[{"name":"wp","href":"https:\/\/api.w.org\/{rel}","templated":true}]}}