{"id":15229,"date":"2023-10-10T19:01:39","date_gmt":"2023-10-10T22:01:39","guid":{"rendered":"https:\/\/novosaopaulo.com.br\/n2\/?p=15229"},"modified":"2023-10-10T19:01:39","modified_gmt":"2023-10-10T22:01:39","slug":"mais-da-metade-do-time-sao-paulo-e-convocado-para-os-jogos-parapan-americanos-no-chile","status":"publish","type":"post","link":"https:\/\/novosaopaulo.com.br\/n1\/mais-da-metade-do-time-sao-paulo-e-convocado-para-os-jogos-parapan-americanos-no-chile\/","title":{"rendered":"Mais da metade do Time S\u00e3o Paulo \u00e9 convocado para os Jogos Parapan-Americanos no Chile"},"content":{"rendered":"\n<p>Com nova lista divulgada nesta ter\u00e7a (10), 61 atletas do Time SP foram chamados para compor a delega\u00e7\u00e3o brasileira da competi\u00e7\u00e3o<\/p>\n\n\n\n<p>Mais da metade dos atletas que integram o Time S\u00e3o Paulo Paral\u00edmpico 2023 foram convocados para representar o Brasil nos Jogos Parapan-Americanos no Chile, que acontece entre 17 e 26 de novembro. Na terceira e \u00faltima lista divulgada nesta ter\u00e7a-feira (10) pelo Comit\u00ea Paral\u00edmpico Brasileiro (CPB), 13 atletas foram convocados e se juntar\u00e3o aos outros 48 competidores do Time SP que j\u00e1 haviam sido chamados desde o m\u00eas de setembro.<\/p>\n\n\n\n<p>Criado e patrocinado pelo Governo de SP, por meio da Secretaria de Estado dos Direitos da Pessoa com Defici\u00eancia (SEDPcD) em parceria com o CPB, o Time S\u00e3o Paulo Paral\u00edmpico 2023 conta com R$ 6 milh\u00f5es de investimento da SEDPcD direcionados a 106 atletas de 14 modalidades, que t\u00eam representado o Estado e o Pa\u00eds em campeonatos nacionais e mundiais ao longo do ano.<\/p>\n\n\n\n<p>No total, foram convocados 322 atletas paral\u00edmpicos para compor a delega\u00e7\u00e3o brasileira nos Jogos Parapan-Americanos nas mais diversas modalidades: atletismo, badminton, basquete em cadeira de rodas, bocha, ciclismo, futebol de cegos, futebol PC (atletas com paralisia cerebral), goalball, halterofilismo, jud\u00f4, nata\u00e7\u00e3o, r\u00fagbi em cadeira de rodas, taekwondo, tiro com arco, t\u00eanis de mesa e t\u00eanis em cadeira de rodas.<\/p>\n\n\n\n<p>Os 61 atletas do Time SP ir\u00e3o competir nas modalidades de atletismo, bocha, ciclismo, goalball, halterofilismo, jud\u00f4, nata\u00e7\u00e3o, taekwondo e t\u00eanis de mesa.<\/p>\n\n\n\n<p>&#8220;Essa conquista s\u00f3 reflete o comprometimento e o talento dos nossos atletas do Time SP, que t\u00eam se destacado em suas modalidades. O Parapan-Americano ser\u00e1 um momento de grande celebra\u00e7\u00e3o e inspira\u00e7\u00e3o para todos e temos confian\u00e7a de que nossos atletas v\u00e3o se superar, como t\u00eam feito em todas as competi\u00e7\u00f5es que participam&#8221;, destaca o secret\u00e1rio de Estado dos Direitos da Pessoa com Defici\u00eancia, Marcos da Costa.<\/p>\n\n\n\n<p>Confira abaixo todas as listas dos convocados<\/p>\n\n\n\n<p>26\/09\/2023 &#8211; 1\u00aa lista de convocados do Time SP<\/p>\n\n\n\n<ul><li>Ciclismo: Andr\u00e9 Luiz Grizante, Lauro Cesar Moro Chaman, Mariana Garcia e Sabrina Custodia Da Silva.<\/li><li>Goalball: Josemarcio Da Silva Sousa, Katia Aparecida Ferreira Silva, Leomon Moreno da Silva, Moniza Aparecida De Lima e Romario Diego Marques.<\/li><li>Halterofilismo: Mariana Dandrea.<\/li><li>Jud\u00f4: Elielton Lira de Oliveira, Giulia dos Santos Pereira, Harlley Dami\u00e3o Pereira Arruda, Lucia da Silva Teixeira Araujo e Rebeca de Souza Silva.<\/li><li>Taekwondo: Nathan Cesar Sodario Torquato.<\/li><li>T\u00eanis de Mesa: Catia Cristina da Silva Oliveira, Danielle Rauen, Israel Pereira Stroh, Jennyfer Marques Parinos, Joyce Fernanda de Oliveira, Lucas Carvalhal Arabian, Marliane Amaral Santos, Paulo Sergio Salmin Filho.<\/li><\/ul>\n\n\n\n<p>03\/10\/2023 &#8211; 2\u00aa lista de convocados do Time SP<\/p>\n\n\n\n<ul><li>Atletismo: Alessandro Rodrigo da Silva, Aline dos Santos Rocha, Christian Gabriel Luiz da Costa, Claudiney Batista dos Santos, Cristian Westemaier Ribera, Daniel Mendes da Silva, Daniel Tavares Martins, Elizabeth Rodrigues Gomes, Jardenia Felix Barbosa da Silva, Jerusa Geber dos Santos, Julio Cesar Agripino dos Santos, Lorena Silva Spoladore, Marcelly Vitoria Pedroso, Marco Aur\u00e9lio Lima Borges, Matheus de Lima, Paulo Henrique Andrade dos Reis, Raissa Rocha Machado, Rayane Soares da Silva, Samuel Oliveira Concei\u00e7\u00e3o, Silvania Costa de Oliveira e Thiago Paulino dos Santos.<\/li><li>Bocha: Evani Soares da Silva Calado, Evelyn Vieira de Oliveira e Maciel de Sousa Santos.<\/li><\/ul>\n\n\n\n<p>10\/10\/2023 &#8211; 3\u00aa lista de convocados do Time SP:<\/p>\n\n\n\n<ul><li>Nata\u00e7\u00e3o: Ana Karolina Soares de Oliveira, Andrey Ribeiro Woyczak Madeira, Cecilia Kethlen Jeronimo de Araujo, Ed\u00eania Nogueira Garcia, Esthefany de Oliveira Rodrigues, Gabriel Cristiano Silva de Souza, Jos\u00e9 Ronaldo da Silva, Lucas Lamente Mozela, Lucilene da Silva Sousa, Phelipe Andrews Melo Rodrigues, Raquel Viel, Roberto Alcalde Rodriguez e Talisson Henrique Glock.<\/li><\/ul>\n","protected":false},"excerpt":{"rendered":"<p>Com nova lista divulgada nesta ter\u00e7a (10), 61 atletas do Time SP foram chamados para&#8230;<\/p>\n","protected":false},"author":1,"featured_media":15250,"comment_status":"open","ping_status":"open","sticky":false,"template":"","format":"standard","meta":{"footnotes":""},"categories":[35,9],"tags":[],"featured_image_urls":{"full":"","thumbnail":"","medium":"","medium_large":"","large":"","1536x1536":"","2048x2048":"","newsever-slider-full":"","newsever-featured":"","newsever-medium":""},"author_info":{"display_name":"Reda\u00e7\u00e3o","author_link":"https:\/\/novosaopaulo.com.br\/n1\/author\/g5poa\/"},"category_info":"<a href=\"https:\/\/novosaopaulo.com.br\/n1\/category\/esportes\/\" rel=\"category tag\">Esportes<\/a> <a href=\"https:\/\/novosaopaulo.com.br\/n1\/category\/geral\/\" rel=\"category tag\">Geral<\/a>","tag_info":"Geral","comment_count":"0","_links":{"self":[{"href":"https:\/\/novosaopaulo.com.br\/n1\/wp-json\/wp\/v2\/posts\/15229"}],"collection":[{"href":"https:\/\/novosaopaulo.com.br\/n1\/wp-json\/wp\/v2\/posts"}],"about":[{"href":"https:\/\/novosaopaulo.com.br\/n1\/wp-json\/wp\/v2\/types\/post"}],"author":[{"embeddable":true,"href":"https:\/\/novosaopaulo.com.br\/n1\/wp-json\/wp\/v2\/users\/1"}],"replies":[{"embeddable":true,"href":"https:\/\/novosaopaulo.com.br\/n1\/wp-json\/wp\/v2\/comments?post=15229"}],"version-history":[{"count":0,"href":"https:\/\/novosaopaulo.com.br\/n1\/wp-json\/wp\/v2\/posts\/15229\/revisions"}],"wp:featuredmedia":[{"embeddable":true,"href":"https:\/\/novosaopaulo.com.br\/n1\/wp-json\/"}],"wp:attachment":[{"href":"https:\/\/novosaopaulo.com.br\/n1\/wp-json\/wp\/v2\/media?parent=15229"}],"wp:term":[{"taxonomy":"category","embeddable":true,"href":"https:\/\/novosaopaulo.com.br\/n1\/wp-json\/wp\/v2\/categories?post=15229"},{"taxonomy":"post_tag","embeddable":true,"href":"https:\/\/novosaopaulo.com.br\/n1\/wp-json\/wp\/v2\/tags?post=15229"}],"curies":[{"name":"wp","href":"https:\/\/api.w.org\/{rel}","templated":true}]}}