{"id":15073,"date":"2023-10-03T22:11:31","date_gmt":"2023-10-04T01:11:31","guid":{"rendered":"https:\/\/novosaopaulo.com.br\/n2\/?p=15073"},"modified":"2023-10-03T22:11:31","modified_gmt":"2023-10-04T01:11:31","slug":"15a-grande-exposicao-de-arte-bunkyo-exibe-268-obras-selecionadas-e-faz-homenagem-a-kenjiro-ikoma","status":"publish","type":"post","link":"https:\/\/novosaopaulo.com.br\/n1\/15a-grande-exposicao-de-arte-bunkyo-exibe-268-obras-selecionadas-e-faz-homenagem-a-kenjiro-ikoma\/","title":{"rendered":"&#8220;15\u00aa Grande Exposi\u00e7\u00e3o de Arte Bunkyo&#8221; exibe 268 obras selecionadas e faz homenagem a Kenjiro Ikoma"},"content":{"rendered":"\n<p>Edi\u00e7\u00e3o deste ano realiza sua mostra de 8 a 22 de outubro de 2023 e recebeu pela primeira vez o patroc\u00ednio do Governo do Estado de S\u00e3o Paulo por meio do ProAC, o que permitiu a realiza\u00e7\u00e3o da exposi\u00e7\u00e3o com Inscri\u00e7\u00f5es gratuitas<\/p>\n\n\n\n<p>Entre os dias 8 e 22 de outubro de 2023, acontece a \u201c15\u00aa Grande Exposi\u00e7\u00e3o de Arte Bunkyo\u201d. Trata-se de um dos mais importantes eventos de artes pl\u00e1sticas do pa\u00eds e um ber\u00e7o de onde surgem grandes artistas e inspira\u00e7\u00f5es que ditam a est\u00e9tica da arte e do design brasileiros. Este ano, s\u00e3o mais de 268 obras de 220 artistas selecionados. Pela primeira vez, considerando suas tr\u00eas fases hist\u00f3ricas, a exposi\u00e7\u00e3o tem o patroc\u00ednio do Governo do Estado de S\u00e3o Paulo por meio do ProAC e tem entrada gratuita.<\/p>\n\n\n\n<p>Para chegar \u00e0 decis\u00e3o final, dois juris, constitu\u00eddos cada um por 3 membros, analisaram os trabalhos inscritos em duas fases: a primeira, de pr\u00e9-sele\u00e7\u00e3o, foi feita por via digital e a segunda, de sele\u00e7\u00e3o e premia\u00e7\u00e3o, por julgamento presencial.<\/p>\n\n\n\n<p>No segmento de artes pl\u00e1sticas, receberam o reconhecimento do j\u00fari o v\u00eddeo \u201cTonsores\u201d (2022) de Elcio Miazaki, a gravura sem t\u00edtulo (2022) de Marcio P\u00e9rigo e a escultura \u201cSapato 2\u201d (2023) de Marisa Nunes. Entre os representantes da arte koguei, os vencedores foram a obra em cer\u00e2mica \u201cAzul\u201d (2021) de Cristina Myrrha, o trabalho em madeira e bambu \u201cMandala Kabekake\u201d (2023) de Igor Hatanda e a obra em cer\u00e2mica \u201cPyscho Blue\u201d da Parami Artesanal.<\/p>\n\n\n\n<p>Al\u00e9m deles, a \u201c15\u00aa Grande Exposi\u00e7\u00e3o de Arte Bunkyo\u201d faz uma homenagem a Kenjiro Ikoma, artista que nasceu no Jap\u00e3o, na prov\u00edncia de Mie-Ken, em 1948 e emigrou para o Brasil aos 25 anos. Especializou-se em cer\u00e2mica e foi o respons\u00e1vel pelo projeto e constru\u00e7\u00e3o do primeiro forno anagama no pa\u00eds. Durante sua jornada art\u00edstica, ganhou notoriedade ao inserir na tradicional arte japonesa, elementos da cultura brasileira, representando a mesma conex\u00e3o entre as artes pl\u00e1sticas contempor\u00e2neas e a arte koguei presente na exposi\u00e7\u00e3o.<\/p>\n\n\n\n<p>Enock Sacramento, seu curador, afirma: \u201cAo apresentar a mostra no belo cat\u00e1logo que a documenta, enfatizamos que a 15\u00aa Grande Exposi\u00e7\u00e3o de Arte bunkyo \u00e9 desdobramento de uma a\u00e7\u00e3o que teve in\u00edcio em 1935, com a cria\u00e7\u00e3o do Grupo Seibi, de grande import\u00e2ncia para a arte moderna brasileira. Ela mostra que a chama dos pioneiros continua acesa, embora em outro contexto. Nesta edi\u00e7\u00e3o, trabalhamos com a ideia de uma exposi\u00e7\u00e3o democr\u00e1tica inclusiva e gratuita, alinhada com as tend\u00eancias da sociedade contempor\u00e2nea\u201d.<\/p>\n\n\n\n<p>Do Grupo Seibi \u00e0 uni\u00e3o das artes brasileira e japonesa<\/p>\n\n\n\n<p>A realiza\u00e7\u00e3o de um evento como a \u201cGrande Exposi\u00e7\u00e3o de Arte Bunkyo\u201d busca a contemporaneidade ao mesmo tempo que resgata sua hist\u00f3ria e o intento de um grupo de artistas que, em 1935, fundou o Grupo de Artistas Pl\u00e1sticos de S\u00e3o Paulo (Seibi-Kai), mais conhecido como Grupo Seibi. O coletivo, que promovia o interc\u00e2mbio de opini\u00f5es e conhecimento entre os artistas, realizou seu primeiro sal\u00e3o de arte em 1938.<\/p>\n\n\n\n<p>\u201cQuando retomamos essa trajet\u00f3ria, \u00e9 importante destacar que apesar de tudo ter come\u00e7ado com a uni\u00e3o de artistas imigrantes ou de ascend\u00eancia japonesa, eles discutiam e influenciavam fortemente a arte do Brasil no s\u00e9culo XX. O Seibi apresentou ao mundo nomes como Tomie Ohtake e Manabu Mabe que, apesar do sobrenome nip\u00f4nico, criaram uma linguagem est\u00e9tica conhecida como tipicamente brasileira e que ditou o caminho de muitos outros que passaram por ali\u201d, destaca o artista pl\u00e1stico Marcos Akasaki, Presidente da Comiss\u00e3o de Artes Pl\u00e1sticas do Bunkyo.<\/p>\n\n\n\n<p>Foram 15 sal\u00f5es de arte com um hiato durante a 2\u00aa Guerra Mundial. Ent\u00e3o, o grupo se desfez e, em 1972, em seu lugar nasce o Sal\u00e3o Bunkyo de Artes Pl\u00e1sticas, que contou com 33 exposi\u00e7\u00f5es, at\u00e9 que, em 2007, acontece uma conex\u00e3o do coletivo com artes origin\u00e1rias do Jap\u00e3o. Durante as prepara\u00e7\u00f5es para a celebra\u00e7\u00e3o do centen\u00e1rio da imigra\u00e7\u00e3o japonesa no Brasil, o evento se une ao Sal\u00e3o de Arte Koguei em uma \u00fanica mostra e nasce a \u201c1\u00aa Grande Exposi\u00e7\u00e3o de Arte Bunkyo\u201d.<\/p>\n\n\n\n<p>A realiza\u00e7\u00e3o do processo seletivo, premia\u00e7\u00e3o e a mostra da \u201c15\u00aa Grande Exposi\u00e7\u00e3o de Arte Bunkyo\u201d foi viabilizada pelo ProAC (Programa de A\u00e7\u00e3o Cultural) da Secretaria de Cultura e Economia Criativa do Governo de Estado de S\u00e3o Paulo, por meio do edital ProAC Expresso n\u00ba 34\/2022 e por outros patrocinadores.<\/p>\n\n\n\n<p>Servi\u00e7o<\/p>\n\n\n\n<p>15\u00aa Grande Exposi\u00e7\u00e3o de Arte Bunkyo<\/p>\n\n\n\n<p>Data: 8 a 22 de outubro de 2023<\/p>\n\n\n\n<p>Hor\u00e1rio: Segunda a Sexta: 12h as 17h, S\u00e1bado e Domingo: 10h as 17h.<\/p>\n\n\n\n<p>Local: Sala de Exposi\u00e7\u00f5es do Bunkyo<\/p>\n\n\n\n<p>Endere\u00e7o: Rua Galv\u00e3o Bueno, 596 \u2013 Liberdade, S\u00e3o Paulo\/ SP<\/p>\n\n\n\n<p>Ingresso: gratuito<\/p>\n\n\n\n<p>*A partir do dia 8 a exposi\u00e7\u00e3o tamb\u00e9m contar\u00e1 com visita\u00e7\u00e3o virtual no site www.bunkyo.org.br.<\/p>\n\n\n\n<figure class=\"wp-block-image size-medium\"><img decoding=\"async\" src=\"https:\/\/novosaopaulo.com.br\/n2\/wp-content\/uploads\/2023\/10\/MG-8376-300x201.jpg\" alt=\"\" class=\"wp-image-15079\"\/><\/figure>\n\n\n\n<p>Frame do v\u00eddeo \u201cTonsores\u201d (2022), de Elcio Miazaki, uma das obras vencedoras das artes pl\u00e1sticas.<br \/>Foto: Vin\u00edcius Amano<br \/><\/p>\n\n\n\n<figure class=\"wp-block-image size-medium\"><img decoding=\"async\" src=\"https:\/\/novosaopaulo.com.br\/n2\/wp-content\/uploads\/2023\/10\/artes-plasticas-134-Premio-Marcio-Donato-Perigo-1-300x210.jpg\" alt=\"\" class=\"wp-image-15078\"\/><\/figure>\n\n\n\n<p>Gravura sem t\u00edtulo (2022), de Marcio P\u00e9rigo, uma das obras vencedoras das artes pl\u00e1sticas.<br \/>Foto: Vin\u00edcius Amano<br \/><\/p>\n\n\n\n<figure class=\"wp-block-image size-medium\"><img decoding=\"async\" src=\"https:\/\/novosaopaulo.com.br\/n2\/wp-content\/uploads\/2023\/10\/artes-plasticas-161-marisa-nunes-300x200.jpg\" alt=\"\" class=\"wp-image-15077\"\/><\/figure>\n\n\n\n<p>Escultura \u201cSapato 2\u201d (2023), de Marisa Nunes, uma das obras vencedoras das artes pl\u00e1sticas.<br \/>Foto: Vin\u00edcius Amano<br \/><\/p>\n\n\n\n<figure class=\"wp-block-image size-full\"><img decoding=\"async\" src=\"http:\/\/novosaopaulo.com.br\/n2\/wp-content\/uploads\/2023\/10\/koguei-Premio-Igor-Hatanda-1.jpg\" alt=\"\" class=\"wp-image-15074\"\/><\/figure>\n\n\n\n<p>Trabalho em madeira e bambu \u201cMandala Kabekake\u201d (2023), de Igor Hatanda, uma das obras vencedoras da arte koguei.<br \/>Foto: Vin\u00edcius Amano<br \/><\/p>\n\n\n\n<figure class=\"wp-block-image size-medium\"><img decoding=\"async\" src=\"https:\/\/novosaopaulo.com.br\/n2\/wp-content\/uploads\/2023\/10\/koguei-30A-P-cristiana-esperante-myrrha-PREMIADA--300x300.jpg\" alt=\"\" class=\"wp-image-15076\"\/><\/figure>\n\n\n\n<p>Obra em cer\u00e2mica \u201cAzul\u201d (2021), de Cristina Myrrha, uma das obras vencedoras da arte koguei.<br \/>Foto: Vin\u00edcius Amano<br \/><\/p>\n\n\n\n<figure class=\"wp-block-image size-full\"><img decoding=\"async\" src=\"http:\/\/novosaopaulo.com.br\/n2\/wp-content\/uploads\/2023\/10\/koguei-Premio-Parami-Artesanal-2.jpg\" alt=\"\" class=\"wp-image-15075\"\/><\/figure>\n\n\n\n<p>Obra em cer\u00e2mica \u201cPyscho Blue\u201d, da Parami Artesanal, uma das obras vencedoras da arte koguei.<br \/>Foto: Vin\u00edcius Amano<br \/><\/p>\n","protected":false},"excerpt":{"rendered":"<p>Edi\u00e7\u00e3o deste ano realiza sua mostra de 8 a 22 de outubro de 2023 e&#8230;<\/p>\n","protected":false},"author":1,"featured_media":15079,"comment_status":"open","ping_status":"open","sticky":false,"template":"","format":"standard","meta":{"footnotes":""},"categories":[34],"tags":[],"featured_image_urls":{"full":"","thumbnail":"","medium":"","medium_large":"","large":"","1536x1536":"","2048x2048":"","newsever-slider-full":"","newsever-featured":"","newsever-medium":""},"author_info":{"display_name":"Reda\u00e7\u00e3o","author_link":"https:\/\/novosaopaulo.com.br\/n1\/author\/g5poa\/"},"category_info":"<a href=\"https:\/\/novosaopaulo.com.br\/n1\/category\/alto-tiete\/\" rel=\"category tag\">Alto Tiet\u00ea<\/a>","tag_info":"Alto Tiet\u00ea","comment_count":"0","_links":{"self":[{"href":"https:\/\/novosaopaulo.com.br\/n1\/wp-json\/wp\/v2\/posts\/15073"}],"collection":[{"href":"https:\/\/novosaopaulo.com.br\/n1\/wp-json\/wp\/v2\/posts"}],"about":[{"href":"https:\/\/novosaopaulo.com.br\/n1\/wp-json\/wp\/v2\/types\/post"}],"author":[{"embeddable":true,"href":"https:\/\/novosaopaulo.com.br\/n1\/wp-json\/wp\/v2\/users\/1"}],"replies":[{"embeddable":true,"href":"https:\/\/novosaopaulo.com.br\/n1\/wp-json\/wp\/v2\/comments?post=15073"}],"version-history":[{"count":0,"href":"https:\/\/novosaopaulo.com.br\/n1\/wp-json\/wp\/v2\/posts\/15073\/revisions"}],"wp:featuredmedia":[{"embeddable":true,"href":"https:\/\/novosaopaulo.com.br\/n1\/wp-json\/"}],"wp:attachment":[{"href":"https:\/\/novosaopaulo.com.br\/n1\/wp-json\/wp\/v2\/media?parent=15073"}],"wp:term":[{"taxonomy":"category","embeddable":true,"href":"https:\/\/novosaopaulo.com.br\/n1\/wp-json\/wp\/v2\/categories?post=15073"},{"taxonomy":"post_tag","embeddable":true,"href":"https:\/\/novosaopaulo.com.br\/n1\/wp-json\/wp\/v2\/tags?post=15073"}],"curies":[{"name":"wp","href":"https:\/\/api.w.org\/{rel}","templated":true}]}}