{"id":15063,"date":"2023-10-03T16:12:38","date_gmt":"2023-10-03T19:12:38","guid":{"rendered":"https:\/\/novosaopaulo.com.br\/n2\/?p=15063"},"modified":"2023-10-03T16:12:38","modified_gmt":"2023-10-03T19:12:38","slug":"boletim-dos-servicos-estaduais-greve-metro-cptm-e-sabesp-03-10-2023-8h45","status":"publish","type":"post","link":"https:\/\/novosaopaulo.com.br\/n1\/boletim-dos-servicos-estaduais-greve-metro-cptm-e-sabesp-03-10-2023-8h45\/","title":{"rendered":"BOLETIM DOS SERVI\u00c7OS ESTADUAIS \u2013 GREVE METR\u00d4, CPTM E SABESP \u2013 03\/10\/2023 \u2013 8H45"},"content":{"rendered":"\n<p>Descumprimento Judicial<br \/>Na manh\u00e3 de hoje, dois oficiais de justi\u00e7a estiveram presentes no Centro de Controle Operacional (CCO) do Metr\u00f4 e da CPTM e puderam ver que a decis\u00e3o emitida pelo Tribunal Regional do Trabalho n\u00e3o vem sendo acatada. O TRT havia deliberado contrariamente \u00e0 greve das tr\u00eas categorias e determinado a manuten\u00e7\u00e3o dos servi\u00e7os de transporte em 100% nos hor\u00e1rios de pico e 80% nos demais per\u00edodos, al\u00e9m de 85% do contingente referente a servi\u00e7os essenciais da Sabesp. A Justi\u00e7a tamb\u00e9m se manifestou contrariamente a libera\u00e7\u00e3o de catracas devido ao alto risco de tumultos e acidentes graves nas esta\u00e7\u00f5es. A partir da constata\u00e7\u00e3o do descumprimento, o Metr\u00f4 e a CPTM adotar\u00e3o as medidas legais cab\u00edveis para cumprir com as penalidades estabelecidas pelo judici\u00e1rio.<\/p>\n\n\n\n<p>Linhas do Metr\u00f4 e CPTM em funcionamento<br \/>Desde as primeiras horas da manh\u00e3, as equipes diretivas das tr\u00eas empresas est\u00e3o monitorando a ades\u00e3o \u00e0 greve ilegal e adotando as medidas de conting\u00eancia necess\u00e1rias para garantir a presta\u00e7\u00e3o dos servi\u00e7os p\u00fablicos \u00e0 popula\u00e7\u00e3o.<br \/>As linhas de transporte metropolitano j\u00e1 concedidas, linha 4-Amarela e 5-Lil\u00e1s de metr\u00f4 e 8-Diamante e 9-Esmeralda de trens metropolitanos, operam normalmente.<\/p>\n\n\n\n<p>No momento, os trens metropolitanos e o metr\u00f4 operam da seguinte forma:<\/p>\n\n\n\n<p>Metr\u00f4<br \/>\u2022 Linha 1- Azul: fechada<br \/>\u2022 Linha 2- Verde: fechada<br \/>\u2022 Linha 3-Vermelha: fechada<br \/>\u2022 Linha 4-Amarela (ViaQuatro): funcionamento normal<br \/>\u2022 Linha 5-Lil\u00e1s (Via Mobilidade): funcionamento normal<br \/>\u2022 Linha 15- Prata: fechada<\/p>\n\n\n\n<p>Trens \u2013 em opera\u00e7\u00e3o parcial desde \u00e0s 5h<br \/>\u2022 Linha 7- Rubi: de Caieiras a Luz<br \/>\u2022 Linha 8- Diamante (Via Mobilidade): funcionamento normal<br \/>\u2022 Linha 9- Esmeralda (Via Mobilidade): funcionamento normal<br \/>\u2022 Linha 10- Turquesa: fechada<br \/>\u2022 Linha 11-Coral: de Guaianases a Luz<br \/>\u2022 Linha 12- Safira: fechada<br \/>\u2022 Linha 13- Jade: fechada<br \/>Integra\u00e7\u00f5es abertas: Linha 7-Rubi na Esta\u00e7\u00e3o Barra Funda com a Linha 8-Diamante \/ Linha 11-Coral e 7-Rubi na Esta\u00e7\u00e3o Luz com a Linha 4-Amarela.<br \/>As transfer\u00eancias com a Linha 3-Vermelha, na Barra Funda, e com a Linha 1 Azul, na Luz, continuam fechadas.<\/p>\n\n\n\n<p>\u00d4nibus<br \/>Os \u00f4nibus municipais e intermunicipais circulam normalmente nesta ter\u00e7a-feira (3). A EMTU e a SPTrans organizaram um esquema especial para manter a frota total durante todo o dia a fim de minimizar os transtornos causados \u00e0 popula\u00e7\u00e3o por essa greve ilegal. Na capital, a SPTrans ampliou os itiner\u00e1rios de mais de 20 linhas municipais para que os passageiros consigam chegar mais perto de locais com maior concentra\u00e7\u00e3o de com\u00e9rcio e servi\u00e7os.<\/p>\n\n\n\n<p>Sabesp<br \/>Todos os sistemas de abastecimento de \u00e1gua, coleta e tratamento de esgotos seguem operando regularmente.<\/p>\n\n\n\n<p>Ponto Facultativo<br \/>O Governo de S\u00e3o Paulo determinou ponto facultativo em todos os servi\u00e7os p\u00fablicos estaduais da capital nesta ter\u00e7a-feira (3). O objetivo \u00e9 reduzir os preju\u00edzos \u00e0 popula\u00e7\u00e3o, garantindo a remarca\u00e7\u00e3o de consultas, exames e demais servi\u00e7os que estavam agendados para a data da greve. Os servi\u00e7os de seguran\u00e7a p\u00fablica n\u00e3o ser\u00e3o afetados, assim como os restaurantes e postos m\u00f3veis do Bom Prato, que continuam a oferecer normalmente as refei\u00e7\u00f5es previstas nesta ter\u00e7a. As consultas em Ambulat\u00f3rios M\u00e9dicos de Especialidades (AMEs) da capital e em outras unidades de sa\u00fade estaduais ter\u00e3o seus reagendamentos garantidos, assim como nos postos do Poupatempo. Aulas e provas da rede estadual de ensino tamb\u00e9m ser\u00e3o repostas e reagendadas.<\/p>\n\n\n\n<p>Acompanhe pelas redes oficiais do Governo de SP (@governosp) a atualiza\u00e7\u00e3o dos servi\u00e7os p\u00fablicos e os impactos da greve dos funcion\u00e1rios do Metr\u00f4, CPTM e Sabesp. Novos boletins tamb\u00e9m ser\u00e3o divulgados periodicamente<\/p>\n","protected":false},"excerpt":{"rendered":"<p>Descumprimento JudicialNa manh\u00e3 de hoje, dois oficiais de justi\u00e7a estiveram presentes no Centro de Controle&#8230;<\/p>\n","protected":false},"author":1,"featured_media":15064,"comment_status":"open","ping_status":"open","sticky":false,"template":"","format":"standard","meta":{"footnotes":""},"categories":[34],"tags":[],"featured_image_urls":{"full":"","thumbnail":"","medium":"","medium_large":"","large":"","1536x1536":"","2048x2048":"","newsever-slider-full":"","newsever-featured":"","newsever-medium":""},"author_info":{"display_name":"Reda\u00e7\u00e3o","author_link":"https:\/\/novosaopaulo.com.br\/n1\/author\/g5poa\/"},"category_info":"<a href=\"https:\/\/novosaopaulo.com.br\/n1\/category\/alto-tiete\/\" rel=\"category tag\">Alto Tiet\u00ea<\/a>","tag_info":"Alto Tiet\u00ea","comment_count":"0","_links":{"self":[{"href":"https:\/\/novosaopaulo.com.br\/n1\/wp-json\/wp\/v2\/posts\/15063"}],"collection":[{"href":"https:\/\/novosaopaulo.com.br\/n1\/wp-json\/wp\/v2\/posts"}],"about":[{"href":"https:\/\/novosaopaulo.com.br\/n1\/wp-json\/wp\/v2\/types\/post"}],"author":[{"embeddable":true,"href":"https:\/\/novosaopaulo.com.br\/n1\/wp-json\/wp\/v2\/users\/1"}],"replies":[{"embeddable":true,"href":"https:\/\/novosaopaulo.com.br\/n1\/wp-json\/wp\/v2\/comments?post=15063"}],"version-history":[{"count":0,"href":"https:\/\/novosaopaulo.com.br\/n1\/wp-json\/wp\/v2\/posts\/15063\/revisions"}],"wp:featuredmedia":[{"embeddable":true,"href":"https:\/\/novosaopaulo.com.br\/n1\/wp-json\/"}],"wp:attachment":[{"href":"https:\/\/novosaopaulo.com.br\/n1\/wp-json\/wp\/v2\/media?parent=15063"}],"wp:term":[{"taxonomy":"category","embeddable":true,"href":"https:\/\/novosaopaulo.com.br\/n1\/wp-json\/wp\/v2\/categories?post=15063"},{"taxonomy":"post_tag","embeddable":true,"href":"https:\/\/novosaopaulo.com.br\/n1\/wp-json\/wp\/v2\/tags?post=15063"}],"curies":[{"name":"wp","href":"https:\/\/api.w.org\/{rel}","templated":true}]}}