{"id":15025,"date":"2023-10-02T15:26:07","date_gmt":"2023-10-02T18:26:07","guid":{"rendered":"https:\/\/novosaopaulo.com.br\/n2\/?p=15025"},"modified":"2023-10-02T15:26:07","modified_gmt":"2023-10-02T18:26:07","slug":"terceira-coroa-do-divino-e-antecipada-para-o-primeiro-sabado-do-mes-em-virtude-do-feriado-de-nossa-senhora-aparecida","status":"publish","type":"post","link":"https:\/\/novosaopaulo.com.br\/n1\/terceira-coroa-do-divino-e-antecipada-para-o-primeiro-sabado-do-mes-em-virtude-do-feriado-de-nossa-senhora-aparecida\/","title":{"rendered":"Terceira Coroa do Divino \u00e9 antecipada para o primeiro s\u00e1bado do m\u00eas, em virtude do feriado de Nossa Senhora Aparecida"},"content":{"rendered":"\n<p>Terceira Coroa do Divino \u00e9 antecipada para o primeiro s\u00e1bado do m\u00eas, em virtude do feriado de Nossa Senhora Aparecida<\/p>\n\n\n\n<p>Evento em prepara\u00e7\u00e3o para a Festa do Divino 2024 ter\u00e1 homenagem \u00e0 padroeira do Brasil e \u00e0s crian\u00e7as, em comemora\u00e7\u00e3o ao dia 12 de outubro<\/p>\n\n\n\n<p>A Terceira Coroa do Divino da Festa do Divino Esp\u00edrito Santo de Mogi das Cruzes 2024 ser\u00e1 realizada neste primeiro s\u00e1bado do m\u00eas de outubro (7), e n\u00e3o no segundo s\u00e1bado como sempre ocorre. A antecipa\u00e7\u00e3o se d\u00e1 em raz\u00e3o do Dia de Nossa Senhora Aparecida, a padroeira do Brasil, comemorado em 12 de outubro, e que ter\u00e1 emenda de feriado, oportunidade de viagem para muitos devotos. A reza ter\u00e1 in\u00edcio \u00e0s 15 horas, na Associa\u00e7\u00e3o Pr\u00f3-Festa do Divino, e ser\u00e1 conduzida pelo padre Johnys Ferreira Dutra, do Santu\u00e1rio Sagrado Cora\u00e7\u00e3o de Jesus, do Alto do Ipiranga, acompanhado do grupo de rezadeiras, com a anima\u00e7\u00e3o da EJC da par\u00f3quia S\u00e3o Jo\u00e3o Batista (@ejc.saojoao.mogi). A Coroa ter\u00e1 a transmiss\u00e3o online, para que o devoto possa acompanhar a reza, por meio do Facebook da Festa do Divino (https:\/\/www.facebook.com\/festadodivinodemogidascruzes).<br \/>Na oportunidade, ser\u00e1 feita uma homenagem \u00e0 Nossa Senhora Aparecida e \u00e0s crian\u00e7as, em alus\u00e3o ao Dia da Crian\u00e7a, celebrado tamb\u00e9m no dia 12 de outubro. O padre Johnys dar\u00e1 uma b\u00ean\u00e7\u00e3o com a imagem de Aparecida aos fi\u00e9is presentes na Coroa do Divino. Al\u00e9m disso, haver\u00e1 tr\u00eas pr\u00eamios diferentes para o bingo: um kit devoto de Nossa Senhora Aparecida com itens especiais e mais dois kits alusivos ao Dia da Crian\u00e7a (com pr\u00eamio para o menino e outro para menina).<\/p>\n\n\n\n<p>Para este ch\u00e1 bingo, os Festeiros Eduardo Ferreira Rego e Milena da Costa Freire Rego e os Capit\u00e3es de Mastro Wagner Baptista Santos e Ludmyla de Oliveira Baptista Ramos pedem que os devotos levem um quilo de alimento perec\u00edvel. Os produtos arrecadados ser\u00e3o repassados para o Movimento Solid\u00e1rio da Par\u00f3quia S\u00e3o Maximiliano Kolbe, da Vila Lav\u00ednia.<\/p>\n\n\n\n<p>\u201cAo doar um alimento, al\u00e9m de contribuir de forma especial com esse movimento, o devoto ganha uma cartela (\u00fanica) de rodada simples, que ser\u00e1 anunciada no decorrer da Coroa\u201d, diz a Festeira Milena.<\/p>\n\n\n\n<p>Venda de convites<\/p>\n\n\n\n<p>Os convites para o ch\u00e1 bingo podem ser adquiridos, antecipadamente, na Livraria Dom Divino (Rua Dr. Paulo Frontin, 387), no Centro de Mogi das Cruzes. O valor de cada convite \u00e9 R$ 10,00 (com tr\u00eas cartelas) e o combo com cinco cartelas (de rodada simples) \u00e9 R$ 15,00. Al\u00e9m disso, ao longo da tarde ser\u00e3o jogadas rodadas simples, em que cada cartela custar\u00e1 R$ 3,00.<\/p>\n\n\n\n<p>Em 2024, a Festa do Divino ser\u00e1 realizada de 9 de maio a 19 de maio, sob o tema \u201cDivino Esp\u00edrito Santo, derramai em nossos cora\u00e7\u00f5es o dom da miseric\u00f3rdia\u201d. Portanto, a \u00faltima Coroa ser\u00e1 realizada no m\u00eas de abril.<\/p>\n\n\n\n<p>A Associa\u00e7\u00e3o Pr\u00f3-Festa do Divino est\u00e1 localizada na Avenida Francisco Rodrigues Filho, 1.232 \u2013 Mogilar. Mais informa\u00e7\u00f5es: (11) 4790-6835.<\/p>\n\n\n\n<figure class=\"wp-block-gallery columns-3 is-cropped wp-block-gallery-1 is-layout-flex wp-block-gallery-is-layout-flex\"><ul class=\"blocks-gallery-grid\"><li class=\"blocks-gallery-item\"><figure><img decoding=\"async\" src=\"http:\/\/novosaopaulo.com.br\/n2\/wp-content\/uploads\/2023\/10\/WhatsApp-Image-2023-10-02-at-15.14.38.jpeg\" alt=\"\" data-id=\"15029\" data-full-url=\"http:\/\/novosaopaulo.com.br\/n2\/wp-content\/uploads\/2023\/10\/WhatsApp-Image-2023-10-02-at-15.14.38.jpeg\" data-link=\"https:\/\/novosaopaulo.com.br\/n2\/?attachment_id=15029\" class=\"wp-image-15029\"\/><\/figure><\/li><li class=\"blocks-gallery-item\"><figure><img decoding=\"async\" src=\"http:\/\/novosaopaulo.com.br\/n2\/wp-content\/uploads\/2023\/10\/WhatsApp-Image-2023-10-02-at-15.14.37.jpeg\" alt=\"\" data-id=\"15028\" data-full-url=\"http:\/\/novosaopaulo.com.br\/n2\/wp-content\/uploads\/2023\/10\/WhatsApp-Image-2023-10-02-at-15.14.37.jpeg\" data-link=\"https:\/\/novosaopaulo.com.br\/n2\/?attachment_id=15028\" class=\"wp-image-15028\"\/><\/figure><\/li><li class=\"blocks-gallery-item\"><figure><img decoding=\"async\" src=\"http:\/\/novosaopaulo.com.br\/n2\/wp-content\/uploads\/2023\/10\/WhatsApp-Image-2023-10-02-at-15.14.37-1.jpeg\" alt=\"\" data-id=\"15027\" data-full-url=\"http:\/\/novosaopaulo.com.br\/n2\/wp-content\/uploads\/2023\/10\/WhatsApp-Image-2023-10-02-at-15.14.37-1.jpeg\" data-link=\"https:\/\/novosaopaulo.com.br\/n2\/?attachment_id=15027\" class=\"wp-image-15027\"\/><\/figure><\/li><\/ul><\/figure>\n","protected":false},"excerpt":{"rendered":"<p>Terceira Coroa do Divino \u00e9 antecipada para o primeiro s\u00e1bado do m\u00eas, em virtude do&#8230;<\/p>\n","protected":false},"author":1,"featured_media":15026,"comment_status":"open","ping_status":"open","sticky":false,"template":"","format":"standard","meta":{"footnotes":""},"categories":[34],"tags":[],"featured_image_urls":{"full":"","thumbnail":"","medium":"","medium_large":"","large":"","1536x1536":"","2048x2048":"","newsever-slider-full":"","newsever-featured":"","newsever-medium":""},"author_info":{"display_name":"Reda\u00e7\u00e3o","author_link":"https:\/\/novosaopaulo.com.br\/n1\/author\/g5poa\/"},"category_info":"<a href=\"https:\/\/novosaopaulo.com.br\/n1\/category\/alto-tiete\/\" rel=\"category tag\">Alto Tiet\u00ea<\/a>","tag_info":"Alto Tiet\u00ea","comment_count":"0","_links":{"self":[{"href":"https:\/\/novosaopaulo.com.br\/n1\/wp-json\/wp\/v2\/posts\/15025"}],"collection":[{"href":"https:\/\/novosaopaulo.com.br\/n1\/wp-json\/wp\/v2\/posts"}],"about":[{"href":"https:\/\/novosaopaulo.com.br\/n1\/wp-json\/wp\/v2\/types\/post"}],"author":[{"embeddable":true,"href":"https:\/\/novosaopaulo.com.br\/n1\/wp-json\/wp\/v2\/users\/1"}],"replies":[{"embeddable":true,"href":"https:\/\/novosaopaulo.com.br\/n1\/wp-json\/wp\/v2\/comments?post=15025"}],"version-history":[{"count":0,"href":"https:\/\/novosaopaulo.com.br\/n1\/wp-json\/wp\/v2\/posts\/15025\/revisions"}],"wp:featuredmedia":[{"embeddable":true,"href":"https:\/\/novosaopaulo.com.br\/n1\/wp-json\/"}],"wp:attachment":[{"href":"https:\/\/novosaopaulo.com.br\/n1\/wp-json\/wp\/v2\/media?parent=15025"}],"wp:term":[{"taxonomy":"category","embeddable":true,"href":"https:\/\/novosaopaulo.com.br\/n1\/wp-json\/wp\/v2\/categories?post=15025"},{"taxonomy":"post_tag","embeddable":true,"href":"https:\/\/novosaopaulo.com.br\/n1\/wp-json\/wp\/v2\/tags?post=15025"}],"curies":[{"name":"wp","href":"https:\/\/api.w.org\/{rel}","templated":true}]}}