{"id":14981,"date":"2023-09-29T19:23:01","date_gmt":"2023-09-29T22:23:01","guid":{"rendered":"https:\/\/novosaopaulo.com.br\/n2\/?p=14981"},"modified":"2023-09-29T19:23:01","modified_gmt":"2023-09-29T22:23:01","slug":"luana-camarah-agita-clube-de-campo-no-projeto-som-das-onze-e-meia","status":"publish","type":"post","link":"https:\/\/novosaopaulo.com.br\/n1\/luana-camarah-agita-clube-de-campo-no-projeto-som-das-onze-e-meia\/","title":{"rendered":"Luana Camarah agita Clube de Campo no projeto \u201cSom das Onze e Meia\u201d"},"content":{"rendered":"\n<p>Artista embalou o p\u00fablico em apresenta\u00e7\u00e3o especial com o melhor do pop pock nacional e internacional<\/p>\n\n\n\n<p>A agita\u00e7\u00e3o tomou conta do Clube de Campo de Mogi das Cruzes (CCMC) em mais uma edi\u00e7\u00e3o do projeto \u201cSom das Onze e Meia\u201d. O complexo esportivo e de lazer recebeu na Pra\u00e7a \u201cFrancisco Pieri Neto\u201d, no \u00faltimo domingo, a cantora Luana Camarah.<\/p>\n\n\n\n<p>A renomada artista da regi\u00e3o comandou a festa com o melhor do pop pock nacional e internacional em uma tarde ensolarada com a presen\u00e7a massiva das fam\u00edlias. Ao todo, mais de 1,2 mil associados prestigiaram o show da cantora ex-The Voice Brasil.<\/p>\n\n\n\n<p>Em setembro, o projeto musical do Clube de Campo reuniu todos os domingos artistas da regi\u00e3o para apresenta\u00e7\u00f5es dos mais variados estilos musicais. Dentre os destaques, marcaram presen\u00e7a no CCMC o Groov\u2019n Trio, o grupo Os Paccinis e o grupo True Colors,<\/p>\n\n\n\n<p>De acordo com a diretora social do Clube de Campo, Karin Camargo, o projeto \u201cSom das Onze e Meia\u201d tem sido um sucesso, contando com um feedback positivo dos associados: \u201cSetembro foi um m\u00eas especial, com direito a manh\u00e3s de domingo muito agrad\u00e1veis e quentes. Um ambiente prop\u00edcio para grandes apresenta\u00e7\u00f5es desse projeto musical que caiu no gosto dos associados, que fazem a festa no Clube de Campo aos finais de semana e prestigia grandes artistas da nossa regi\u00e3o\u201d, comentou a diretora social do CCMC.<\/p>\n\n\n\n<p>Mais informa\u00e7\u00f5es sobre o projeto &#8220;Som das Onze e Meia&#8221; do Clube de Campo podem ser obtidas pelo telefone (11) 4728-5600.<\/p>\n\n\n\n<figure class=\"wp-block-gallery columns-3 is-cropped wp-block-gallery-1 is-layout-flex wp-block-gallery-is-layout-flex\"><ul class=\"blocks-gallery-grid\"><li class=\"blocks-gallery-item\"><figure><img decoding=\"async\" src=\"https:\/\/novosaopaulo.com.br\/n2\/wp-content\/uploads\/2023\/09\/WhatsApp-Image-2023-09-29-at-19.13.49-1-1024x682.jpeg\" alt=\"\" data-id=\"14982\" data-full-url=\"https:\/\/novosaopaulo.com.br\/n2\/wp-content\/uploads\/2023\/09\/WhatsApp-Image-2023-09-29-at-19.13.49-1.jpeg\" data-link=\"https:\/\/novosaopaulo.com.br\/n2\/?attachment_id=14982\" class=\"wp-image-14982\"\/><\/figure><\/li><li class=\"blocks-gallery-item\"><figure><img decoding=\"async\" src=\"https:\/\/novosaopaulo.com.br\/n2\/wp-content\/uploads\/2023\/09\/WhatsApp-Image-2023-09-29-at-19.13.49-1024x682.jpeg\" alt=\"\" data-id=\"14983\" data-full-url=\"https:\/\/novosaopaulo.com.br\/n2\/wp-content\/uploads\/2023\/09\/WhatsApp-Image-2023-09-29-at-19.13.49.jpeg\" data-link=\"https:\/\/novosaopaulo.com.br\/n2\/?attachment_id=14983\" class=\"wp-image-14983\"\/><\/figure><\/li><li class=\"blocks-gallery-item\"><figure><img decoding=\"async\" src=\"https:\/\/novosaopaulo.com.br\/n2\/wp-content\/uploads\/2023\/09\/WhatsApp-Image-2023-09-29-at-19.13.48-1024x576.jpeg\" alt=\"\" data-id=\"14984\" data-full-url=\"https:\/\/novosaopaulo.com.br\/n2\/wp-content\/uploads\/2023\/09\/WhatsApp-Image-2023-09-29-at-19.13.48.jpeg\" data-link=\"https:\/\/novosaopaulo.com.br\/n2\/?attachment_id=14984\" class=\"wp-image-14984\"\/><\/figure><\/li><\/ul><\/figure>\n","protected":false},"excerpt":{"rendered":"<p>Artista embalou o p\u00fablico em apresenta\u00e7\u00e3o especial com o melhor do pop pock nacional e&#8230;<\/p>\n","protected":false},"author":1,"featured_media":14985,"comment_status":"open","ping_status":"open","sticky":false,"template":"","format":"standard","meta":{"footnotes":""},"categories":[34],"tags":[],"featured_image_urls":{"full":"","thumbnail":"","medium":"","medium_large":"","large":"","1536x1536":"","2048x2048":"","newsever-slider-full":"","newsever-featured":"","newsever-medium":""},"author_info":{"display_name":"Reda\u00e7\u00e3o","author_link":"https:\/\/novosaopaulo.com.br\/n1\/author\/g5poa\/"},"category_info":"<a href=\"https:\/\/novosaopaulo.com.br\/n1\/category\/alto-tiete\/\" rel=\"category tag\">Alto Tiet\u00ea<\/a>","tag_info":"Alto Tiet\u00ea","comment_count":"0","_links":{"self":[{"href":"https:\/\/novosaopaulo.com.br\/n1\/wp-json\/wp\/v2\/posts\/14981"}],"collection":[{"href":"https:\/\/novosaopaulo.com.br\/n1\/wp-json\/wp\/v2\/posts"}],"about":[{"href":"https:\/\/novosaopaulo.com.br\/n1\/wp-json\/wp\/v2\/types\/post"}],"author":[{"embeddable":true,"href":"https:\/\/novosaopaulo.com.br\/n1\/wp-json\/wp\/v2\/users\/1"}],"replies":[{"embeddable":true,"href":"https:\/\/novosaopaulo.com.br\/n1\/wp-json\/wp\/v2\/comments?post=14981"}],"version-history":[{"count":0,"href":"https:\/\/novosaopaulo.com.br\/n1\/wp-json\/wp\/v2\/posts\/14981\/revisions"}],"wp:featuredmedia":[{"embeddable":true,"href":"https:\/\/novosaopaulo.com.br\/n1\/wp-json\/"}],"wp:attachment":[{"href":"https:\/\/novosaopaulo.com.br\/n1\/wp-json\/wp\/v2\/media?parent=14981"}],"wp:term":[{"taxonomy":"category","embeddable":true,"href":"https:\/\/novosaopaulo.com.br\/n1\/wp-json\/wp\/v2\/categories?post=14981"},{"taxonomy":"post_tag","embeddable":true,"href":"https:\/\/novosaopaulo.com.br\/n1\/wp-json\/wp\/v2\/tags?post=14981"}],"curies":[{"name":"wp","href":"https:\/\/api.w.org\/{rel}","templated":true}]}}