{"id":14978,"date":"2023-09-29T17:36:27","date_gmt":"2023-09-29T20:36:27","guid":{"rendered":"https:\/\/novosaopaulo.com.br\/n2\/?p=14978"},"modified":"2023-09-29T17:36:27","modified_gmt":"2023-09-29T20:36:27","slug":"governo-de-sp-abre-inscricoes-para-curso-online-de-libras","status":"publish","type":"post","link":"https:\/\/novosaopaulo.com.br\/n1\/governo-de-sp-abre-inscricoes-para-curso-online-de-libras\/","title":{"rendered":"Governo de SP abre inscri\u00e7\u00f5es para curso online de Libras"},"content":{"rendered":"\n<p>Curso \u00e9 gratuito e j\u00e1 qualificou quase 23 mil pessoas de mais de 400 munic\u00edpios do Estado de S\u00e3o Paulo; vagas s\u00e3o limitadas e estar\u00e3o abertas na pr\u00f3xima semana<\/p>\n\n\n\n<p>Na pr\u00f3xima ter\u00e7a-feira (3), a partir das 10h, o Governo de S\u00e3o Paulo, por meio da Secretaria de Estado dos Direitos da Pessoa com Defici\u00eancia (SEDPcD), abre as inscri\u00e7\u00f5es para o curso b\u00e1sico online e gratuito da L\u00edngua Brasileira de Sinais (Libras). A a\u00e7\u00e3o, realizada em parceria com o Centro de Tecnologia e Inova\u00e7\u00e3o (CTI), j\u00e1 qualificou cerca de 23 mil pessoas de mais de 400 munic\u00edpios do Estado de S\u00e3o Paulo. Ao todo, ser\u00e3o quatro turmas ministradas por quatro professores surdos: duas com aulas \u00e0s segundas, quartas e sextas-feiras; duas com aulas \u00e0s ter\u00e7as e quintas-feiras.<\/p>\n\n\n\n<p>O conte\u00fado program\u00e1tico \u00e9 abordado por professores surdos e contempla os seguintes temas: O que \u00e9 libras; Identidade surda; Cultura surda; Comunica\u00e7\u00e3o: surdo x ouvinte; Regionalismos na libras; Sistema de nota\u00e7\u00e3o da libras; Alfabeto manual; Sinais pessoais; Cumprimentos\/sauda\u00e7\u00f5es; Condi\u00e7\u00f5es clim\u00e1ticas; Adv\u00e9rbios de tempo e calend\u00e1rio; Singular e plural; Animais; Express\u00f5es faciais; Materiais escolares e de escrit\u00f3rio; Pronomes pessoais, possessivos, demonstrativos e interrogativos; N\u00fameros: cardinais e quantidades; Dias da semana; Fam\u00edlia; Sentimentos; Horas\/dura\u00e7\u00e3o; Ambientes da resid\u00eancia; Localidades; Dire\u00e7\u00e3o\/perspectiva; Meios de transporte; Profiss\u00f5es; Documentos; Verbos; Configura\u00e7\u00f5es de m\u00e3o.<\/p>\n\n\n\n<p>O curso tem o total de 40 horas, divididas em 30 horas ao vivo pela plataforma Zoom, e 10 horas de atividades extras. \u00c9 necess\u00e1rio o uso de c\u00e2mera durante as aulas. Para obter o certificado de participa\u00e7\u00e3o, \u00e9 preciso ter frequ\u00eancia m\u00ednima de 75% das aulas ao vivo, e atingir m\u00e9dia final 5,0 ou superior.<\/p>\n\n\n\n<p>Os cursos de Libras acontecem mensalmente e t\u00eam vagas limitadas. O p\u00fablico em geral a partir dos 18 anos pode se inscrever. A iniciativa tem como objetivo ensinar Libras a pessoas sem defici\u00eancia auditiva para que elas estejam habilitadas a se comunicar com as mais de 492,9 mil pessoas com defici\u00eancia auditiva que vivem no estado de S\u00e3o Paulo, de acordo com os \u00edndices da Base de Dados dos Direitos da Pessoa com Defici\u00eancia.<\/p>\n\n\n\n<p>As inscri\u00e7\u00f5es abrem no in\u00edcio de cada m\u00eas e podem ser realizadas atrav\u00e9s do site pessoacomdeficiencia.sp.gov.br.<\/p>\n\n\n\n<p>Servi\u00e7o \u2013 Inscri\u00e7\u00f5es para o Curso de Libras B\u00e1sico de outubro\/2023<br \/>Formul\u00e1rios de inscri\u00e7\u00e3o por turma ser\u00e3o abertos ao p\u00fablico em 3 de outubro, \u00e0s 10h, no site da Secretaria de Estado dos Direitos da Pessoa com Defici\u00eancia.. www.pessoacomdeficiencia.sp.gov.br<\/p>\n\n\n\n<p>Secretaria de Comunica\u00e7\u00e3o do Estado de S\u00e3o Paulo<\/p>\n","protected":false},"excerpt":{"rendered":"<p>Curso \u00e9 gratuito e j\u00e1 qualificou quase 23 mil pessoas de mais de 400 munic\u00edpios&#8230;<\/p>\n","protected":false},"author":1,"featured_media":14979,"comment_status":"open","ping_status":"open","sticky":false,"template":"","format":"standard","meta":{"footnotes":""},"categories":[9],"tags":[],"featured_image_urls":{"full":"","thumbnail":"","medium":"","medium_large":"","large":"","1536x1536":"","2048x2048":"","newsever-slider-full":"","newsever-featured":"","newsever-medium":""},"author_info":{"display_name":"Reda\u00e7\u00e3o","author_link":"https:\/\/novosaopaulo.com.br\/n1\/author\/g5poa\/"},"category_info":"<a href=\"https:\/\/novosaopaulo.com.br\/n1\/category\/geral\/\" rel=\"category tag\">Geral<\/a>","tag_info":"Geral","comment_count":"0","_links":{"self":[{"href":"https:\/\/novosaopaulo.com.br\/n1\/wp-json\/wp\/v2\/posts\/14978"}],"collection":[{"href":"https:\/\/novosaopaulo.com.br\/n1\/wp-json\/wp\/v2\/posts"}],"about":[{"href":"https:\/\/novosaopaulo.com.br\/n1\/wp-json\/wp\/v2\/types\/post"}],"author":[{"embeddable":true,"href":"https:\/\/novosaopaulo.com.br\/n1\/wp-json\/wp\/v2\/users\/1"}],"replies":[{"embeddable":true,"href":"https:\/\/novosaopaulo.com.br\/n1\/wp-json\/wp\/v2\/comments?post=14978"}],"version-history":[{"count":0,"href":"https:\/\/novosaopaulo.com.br\/n1\/wp-json\/wp\/v2\/posts\/14978\/revisions"}],"wp:featuredmedia":[{"embeddable":true,"href":"https:\/\/novosaopaulo.com.br\/n1\/wp-json\/"}],"wp:attachment":[{"href":"https:\/\/novosaopaulo.com.br\/n1\/wp-json\/wp\/v2\/media?parent=14978"}],"wp:term":[{"taxonomy":"category","embeddable":true,"href":"https:\/\/novosaopaulo.com.br\/n1\/wp-json\/wp\/v2\/categories?post=14978"},{"taxonomy":"post_tag","embeddable":true,"href":"https:\/\/novosaopaulo.com.br\/n1\/wp-json\/wp\/v2\/tags?post=14978"}],"curies":[{"name":"wp","href":"https:\/\/api.w.org\/{rel}","templated":true}]}}