{"id":14972,"date":"2023-09-29T16:35:25","date_gmt":"2023-09-29T19:35:25","guid":{"rendered":"https:\/\/novosaopaulo.com.br\/n2\/?p=14972"},"modified":"2023-09-29T16:35:25","modified_gmt":"2023-09-29T19:35:25","slug":"eleicao-dos-conselhos-tutelares-importancia-e-papel-na-sociedade-na-rede-de-protecao-basica","status":"publish","type":"post","link":"https:\/\/novosaopaulo.com.br\/n1\/eleicao-dos-conselhos-tutelares-importancia-e-papel-na-sociedade-na-rede-de-protecao-basica\/","title":{"rendered":"Elei\u00e7\u00e3o dos Conselhos Tutelares: Import\u00e2ncia e Papel na Sociedade na Rede de Prote\u00e7\u00e3o B\u00e1sica"},"content":{"rendered":"\n<p>No pr\u00f3ximo domingo, 01 de outubro, ter\u00e1 lugar a elei\u00e7\u00e3o dos Conselhos Tutelares em v\u00e1rias localidades. Este processo democr\u00e1tico \u00e9 de suma import\u00e2ncia, pois os Conselhos Tutelares desempenham um papel vital na prote\u00e7\u00e3o dos direitos das crian\u00e7as e adolescentes, assegurando sua integridade e bem-estar, dentro do contexto da rede de prote\u00e7\u00e3o b\u00e1sica e de acordo com a legisla\u00e7\u00e3o vigente, notadamente a Constitui\u00e7\u00e3o Federal (CF) e o Estatuto da Crian\u00e7a e do Adolescente (ECA).<br \/>A Constitui\u00e7\u00e3o Federal de 1988, em seu artigo 227, estabelece que \u00e9 dever da fam\u00edlia, da sociedade e do Estado assegurar \u00e0 crian\u00e7a e ao adolescente, com absoluta prioridade, seus direitos fundamentais, protegendo-os de toda forma de neglig\u00eancia, discrimina\u00e7\u00e3o, explora\u00e7\u00e3o, viol\u00eancia, crueldade e opress\u00e3o. Al\u00e9m disso, estabelece que a crian\u00e7a e o adolescente t\u00eam direito \u00e0 vida, \u00e0 sa\u00fade, \u00e0 alimenta\u00e7\u00e3o, \u00e0 educa\u00e7\u00e3o, ao lazer, \u00e0 profissionaliza\u00e7\u00e3o, \u00e0 cultura, \u00e0 dignidade, ao respeito, \u00e0 liberdade e \u00e0 conviv\u00eancia familiar e comunit\u00e1ria.<br \/>Em sintonia com a Constitui\u00e7\u00e3o Federal, o Estatuto da Crian\u00e7a e do Adolescente (ECA), Lei n\u00ba 8.069\/1990, \u00e9 a legisla\u00e7\u00e3o que disp\u00f5e sobre a prote\u00e7\u00e3o integral \u00e0 crian\u00e7a e ao adolescente. Ele estabelece direitos e deveres para garantir a prote\u00e7\u00e3o e o desenvolvimento pleno e saud\u00e1vel dessa parcela da popula\u00e7\u00e3o, prevendo medidas socioeducativas, orienta\u00e7\u00e3o e garantia de atendimento nas mais variadas esferas.<br \/>Antes de discutir a elei\u00e7\u00e3o dos Conselhos Tutelares, \u00e9 fundamental compreender o papel da rede de prote\u00e7\u00e3o b\u00e1sica. Esta rede \u00e9 composta por diversos \u00f3rg\u00e3os, servi\u00e7os e entidades que t\u00eam a responsabilidade de prevenir situa\u00e7\u00f5es de viol\u00eancia e neglig\u00eancia contra crian\u00e7as e adolescentes, al\u00e9m de fortalecer os v\u00ednculos familiares e comunit\u00e1rios. S\u00e3o instrumentos eficazes para garantir a efetividade das pol\u00edticas de prote\u00e7\u00e3o integral preconizadas pela CF e pelo ECA.<br \/>A elei\u00e7\u00e3o dos membros dos Conselhos Tutelares \u00e9 um momento-chave dentro da rede de prote\u00e7\u00e3o b\u00e1sica. Esses profissionais s\u00e3o eleitos pela comunidade e t\u00eam o papel de atuar na linha de frente da prote\u00e7\u00e3o dos direitos infantojuvenis, trabalhando em conjunto com os demais integrantes da rede de prote\u00e7\u00e3o.<br \/>A participa\u00e7\u00e3o ativa da comunidade na elei\u00e7\u00e3o dos conselheiros tutelares \u00e9 essencial, pois ela garante a representatividade e a legitimidade desses agentes perante a popula\u00e7\u00e3o. Essa liga\u00e7\u00e3o bidirecional entre os conselheiros e a comunidade \u00e9 ben\u00e9fica em diversos aspectos. \u00c9 um processo de sele\u00e7\u00e3o democr\u00e1tico que alinha os conselheiros com as necessidades e realidades locais, tornando o trabalho do Conselho Tutelar mais eficaz e alinhado com os princ\u00edpios do ECA.<br \/>Para fortalecer a prote\u00e7\u00e3o infantojuvenil, \u00e9 crucial que a atua\u00e7\u00e3o dos Conselhos Tutelares seja integrada com os demais \u00f3rg\u00e3os e entidades da rede de prote\u00e7\u00e3o b\u00e1sica. A intera\u00e7\u00e3o e coopera\u00e7\u00e3o entre esses atores garantem um atendimento mais abrangente e eficaz \u00e0s demandas das crian\u00e7as e adolescentes, promovendo a preven\u00e7\u00e3o de viola\u00e7\u00f5es de direitos e a garantia de seu pleno desenvolvimento.<br \/>Este ano, pela primeira vez, as vota\u00e7\u00f5es contar\u00e3o com o apoio dos Tribunais Regionais Eleitorais, prometendo maior efici\u00eancia no processo. Participar desse processo fortalece a democracia local e contribui para uma sociedade mais justa e igualit\u00e1ria, alinhada \u00e0 Constitui\u00e7\u00e3o e ao Estatuto da Crian\u00e7a e do Adolescente.<br \/>*Gisele Santos \u2013 Jornalista, Assessora de Imprensa e Comunica\u00e7\u00e3o, Marketing Pol\u00edtico e eleitoral, Cientista Pol\u00edtica e acad\u00eamica de Direito<\/p>\n","protected":false},"excerpt":{"rendered":"<p>No pr\u00f3ximo domingo, 01 de outubro, ter\u00e1 lugar a elei\u00e7\u00e3o dos Conselhos Tutelares em v\u00e1rias&#8230;<\/p>\n","protected":false},"author":1,"featured_media":14973,"comment_status":"open","ping_status":"open","sticky":false,"template":"","format":"standard","meta":{"footnotes":""},"categories":[34],"tags":[],"featured_image_urls":{"full":"","thumbnail":"","medium":"","medium_large":"","large":"","1536x1536":"","2048x2048":"","newsever-slider-full":"","newsever-featured":"","newsever-medium":""},"author_info":{"display_name":"Reda\u00e7\u00e3o","author_link":"https:\/\/novosaopaulo.com.br\/n1\/author\/g5poa\/"},"category_info":"<a href=\"https:\/\/novosaopaulo.com.br\/n1\/category\/alto-tiete\/\" rel=\"category tag\">Alto Tiet\u00ea<\/a>","tag_info":"Alto Tiet\u00ea","comment_count":"0","_links":{"self":[{"href":"https:\/\/novosaopaulo.com.br\/n1\/wp-json\/wp\/v2\/posts\/14972"}],"collection":[{"href":"https:\/\/novosaopaulo.com.br\/n1\/wp-json\/wp\/v2\/posts"}],"about":[{"href":"https:\/\/novosaopaulo.com.br\/n1\/wp-json\/wp\/v2\/types\/post"}],"author":[{"embeddable":true,"href":"https:\/\/novosaopaulo.com.br\/n1\/wp-json\/wp\/v2\/users\/1"}],"replies":[{"embeddable":true,"href":"https:\/\/novosaopaulo.com.br\/n1\/wp-json\/wp\/v2\/comments?post=14972"}],"version-history":[{"count":0,"href":"https:\/\/novosaopaulo.com.br\/n1\/wp-json\/wp\/v2\/posts\/14972\/revisions"}],"wp:featuredmedia":[{"embeddable":true,"href":"https:\/\/novosaopaulo.com.br\/n1\/wp-json\/"}],"wp:attachment":[{"href":"https:\/\/novosaopaulo.com.br\/n1\/wp-json\/wp\/v2\/media?parent=14972"}],"wp:term":[{"taxonomy":"category","embeddable":true,"href":"https:\/\/novosaopaulo.com.br\/n1\/wp-json\/wp\/v2\/categories?post=14972"},{"taxonomy":"post_tag","embeddable":true,"href":"https:\/\/novosaopaulo.com.br\/n1\/wp-json\/wp\/v2\/tags?post=14972"}],"curies":[{"name":"wp","href":"https:\/\/api.w.org\/{rel}","templated":true}]}}