{"id":14960,"date":"2023-09-29T11:40:12","date_gmt":"2023-09-29T14:40:12","guid":{"rendered":"https:\/\/novosaopaulo.com.br\/n2\/?p=14960"},"modified":"2023-09-29T11:40:12","modified_gmt":"2023-09-29T14:40:12","slug":"mil-guitarras-para-victor-jara","status":"publish","type":"post","link":"https:\/\/novosaopaulo.com.br\/n1\/mil-guitarras-para-victor-jara\/","title":{"rendered":"MIL GUITARRAS PARA VICTOR JARA!"},"content":{"rendered":"\n<p>V\u00e1rios artistas e bandas j\u00e1 confirmaram presen\u00e7a na 6\u00aa edi\u00e7\u00e3o das Mil Guitarras para Victor Jara no Brasil! A atividade em homenagem e mem\u00f3ria aos 50 anos da vida e da obra de Vitor Jara acontece no pr\u00f3ximo s\u00e1bado (30), no Galp\u00e3o da Alameda Eduardo Prado, a partir das 12 horas.<\/p>\n\n\n\n<p>\u203c\ufe0f Est\u00e3o confirmadas as participa\u00e7\u00f5es dos grupos EntreLatinos, Taranc\u00f3n, A Bandallera, al\u00e9m de K\u00e1tya Teixeira, Cec\u00edlia Concha Laborde, Anal\u00eda Garcetti e muitos outros artistas.<\/p>\n\n\n\n<p>\ud83c\udfb8 PARTICIPE! Entrada gratuita e aberta ao p\u00fablico!<\/p>\n\n\n\n<h1 class=\"wp-block-heading\">VictorJara<\/h1>\n","protected":false},"excerpt":{"rendered":"<p>V\u00e1rios artistas e bandas j\u00e1 confirmaram presen\u00e7a na 6\u00aa edi\u00e7\u00e3o das Mil Guitarras para Victor&#8230;<\/p>\n","protected":false},"author":1,"featured_media":14961,"comment_status":"open","ping_status":"open","sticky":false,"template":"","format":"standard","meta":{"footnotes":""},"categories":[45,9],"tags":[],"featured_image_urls":{"full":"","thumbnail":"","medium":"","medium_large":"","large":"","1536x1536":"","2048x2048":"","newsever-slider-full":"","newsever-featured":"","newsever-medium":""},"author_info":{"display_name":"Reda\u00e7\u00e3o","author_link":"https:\/\/novosaopaulo.com.br\/n1\/author\/g5poa\/"},"category_info":"<a href=\"https:\/\/novosaopaulo.com.br\/n1\/category\/cultura\/\" rel=\"category tag\">Cultura<\/a> <a href=\"https:\/\/novosaopaulo.com.br\/n1\/category\/geral\/\" rel=\"category tag\">Geral<\/a>","tag_info":"Geral","comment_count":"0","_links":{"self":[{"href":"https:\/\/novosaopaulo.com.br\/n1\/wp-json\/wp\/v2\/posts\/14960"}],"collection":[{"href":"https:\/\/novosaopaulo.com.br\/n1\/wp-json\/wp\/v2\/posts"}],"about":[{"href":"https:\/\/novosaopaulo.com.br\/n1\/wp-json\/wp\/v2\/types\/post"}],"author":[{"embeddable":true,"href":"https:\/\/novosaopaulo.com.br\/n1\/wp-json\/wp\/v2\/users\/1"}],"replies":[{"embeddable":true,"href":"https:\/\/novosaopaulo.com.br\/n1\/wp-json\/wp\/v2\/comments?post=14960"}],"version-history":[{"count":0,"href":"https:\/\/novosaopaulo.com.br\/n1\/wp-json\/wp\/v2\/posts\/14960\/revisions"}],"wp:featuredmedia":[{"embeddable":true,"href":"https:\/\/novosaopaulo.com.br\/n1\/wp-json\/"}],"wp:attachment":[{"href":"https:\/\/novosaopaulo.com.br\/n1\/wp-json\/wp\/v2\/media?parent=14960"}],"wp:term":[{"taxonomy":"category","embeddable":true,"href":"https:\/\/novosaopaulo.com.br\/n1\/wp-json\/wp\/v2\/categories?post=14960"},{"taxonomy":"post_tag","embeddable":true,"href":"https:\/\/novosaopaulo.com.br\/n1\/wp-json\/wp\/v2\/tags?post=14960"}],"curies":[{"name":"wp","href":"https:\/\/api.w.org\/{rel}","templated":true}]}}