{"id":14954,"date":"2023-09-28T17:40:51","date_gmt":"2023-09-28T20:40:51","guid":{"rendered":"https:\/\/novosaopaulo.com.br\/n2\/?p=14954"},"modified":"2023-09-28T17:40:51","modified_gmt":"2023-09-28T20:40:51","slug":"expo-hair","status":"publish","type":"post","link":"https:\/\/novosaopaulo.com.br\/n1\/expo-hair\/","title":{"rendered":"EXPO HAIR"},"content":{"rendered":"\n<p>Expo Hair RJ chegar\u00e1 a sua 5\u00aa edi\u00e7\u00e3o como uma feira completa para quem<br \/>ama viver da beleza. A maior feira PROFISSIONAL da regi\u00e3o Sul Fluminense<br \/> do Rio de Janeiro est\u00e1 focada no mercado da beleza que tem novas<br \/>tend\u00eancias<br \/>A pr\u00f3xima edi\u00e7\u00e3o da feira ser\u00e1 nos dias 08, 09 e 10 de outubro de 2023,<br \/>domingo at\u00e9 ter\u00e7a-feira, das 10h \u00e0s 19h no Sesc S\u00e3o Gon\u00e7alo Av. Pres.<br \/>Kennedy,755<br \/>Sabendo que o mercado de beleza \u00e9 muito produtivo e seu crescimento gradual ,<br \/>a expo hair foi desenvolvida para atrair um p\u00fablico voltado para essa \u00c1rea da<br \/>beleza e tamb\u00e9m marcar a cidade como polo de beleza nacional ,pois<br \/>teremos distribuidores de outros estados , trazendo uma grande visibilidade<br \/>para S\u00e3o Gon\u00e7alo pela propor\u00e7\u00e3o do evento. J\u00e1 estamos na nossa quinta edi\u00e7\u00e3o<br \/>e a nossa miss\u00e3o \u00e9 atrair um grande p\u00fablico e fomentar o mercado de beleza<br \/>da cidade e regi\u00e3o vizinhas, O evento conta com v\u00e1rios parceiros institucionais<br \/>como a Fecom\u00e9rcio, Senac, Sebrae , Sesc ,Sind sal\u00e3o e a secretaria de<br \/>desenvolvimento .<br \/>O evento que ocorre anualmente e esse ano sera no Sesc S\u00e3o Gon\u00e7alo<br \/>promove uma experi\u00eancia \u00fanica que re\u00fane profissionais, estudantes,<br \/>influenciadores, imprensa e entusiastas da beleza em busca de conhecimento,<br \/>certifica\u00e7\u00e3o, lan\u00e7amentos exclusivos e parcerias estrat\u00e9gicas. Celebrando a<br \/>diversidade e valorizando a individualidade, essa feira se tornou um espa\u00e7o<br \/>inclusivo e inspirador ao longo de seus 5 anos de exist\u00eancia.<br \/>Al\u00e9m disso, o encontro oferece oportunidades de atualiza\u00e7\u00e3o na \u00e1rea de<br \/>beleza profissional, permitindo que os participantes estejam alinhados \u00e0s<br \/>tend\u00eancias e se destaquem em um dos setores mais pr\u00f3speros do Brasil.<br \/>Ao total, s\u00e3o 27 eventos dentro da feira, entre congressos, workshops,<br \/>semin\u00e1rios, contemplando as mais diversas profiss\u00f5es da beleza.<br \/>\u00c9 um evento imperd\u00edvel para aqueles que desejam aprender, fechar<br \/>neg\u00f3cios, comprar com valores promocionais, ver e serem vistos<br \/>nesse mercado em constante crescimento..<br \/>Aten\u00e7\u00e3o visitante: O credenciamento \u00e9 obrigat\u00f3rio lhe dar\u00e1 acesso para entrada<br \/>para feira e aos cursos gratuitos do oferecido pelo expositores parceiros..<br \/>Diretores do evento: Teixeira e Monique Barcellos<\/p>\n\n\n\n<figure class=\"wp-block-image size-full\"><img decoding=\"async\" src=\"http:\/\/novosaopaulo.com.br\/n2\/wp-content\/uploads\/2023\/09\/expohair.jpg\" alt=\"\" class=\"wp-image-14955\"\/><\/figure>\n","protected":false},"excerpt":{"rendered":"<p>Expo Hair RJ chegar\u00e1 a sua 5\u00aa edi\u00e7\u00e3o como uma feira completa para quemama viver&#8230;<\/p>\n","protected":false},"author":1,"featured_media":14955,"comment_status":"open","ping_status":"open","sticky":false,"template":"","format":"standard","meta":{"footnotes":""},"categories":[9],"tags":[],"featured_image_urls":{"full":"","thumbnail":"","medium":"","medium_large":"","large":"","1536x1536":"","2048x2048":"","newsever-slider-full":"","newsever-featured":"","newsever-medium":""},"author_info":{"display_name":"Reda\u00e7\u00e3o","author_link":"https:\/\/novosaopaulo.com.br\/n1\/author\/g5poa\/"},"category_info":"<a href=\"https:\/\/novosaopaulo.com.br\/n1\/category\/geral\/\" rel=\"category tag\">Geral<\/a>","tag_info":"Geral","comment_count":"0","_links":{"self":[{"href":"https:\/\/novosaopaulo.com.br\/n1\/wp-json\/wp\/v2\/posts\/14954"}],"collection":[{"href":"https:\/\/novosaopaulo.com.br\/n1\/wp-json\/wp\/v2\/posts"}],"about":[{"href":"https:\/\/novosaopaulo.com.br\/n1\/wp-json\/wp\/v2\/types\/post"}],"author":[{"embeddable":true,"href":"https:\/\/novosaopaulo.com.br\/n1\/wp-json\/wp\/v2\/users\/1"}],"replies":[{"embeddable":true,"href":"https:\/\/novosaopaulo.com.br\/n1\/wp-json\/wp\/v2\/comments?post=14954"}],"version-history":[{"count":0,"href":"https:\/\/novosaopaulo.com.br\/n1\/wp-json\/wp\/v2\/posts\/14954\/revisions"}],"wp:featuredmedia":[{"embeddable":true,"href":"https:\/\/novosaopaulo.com.br\/n1\/wp-json\/"}],"wp:attachment":[{"href":"https:\/\/novosaopaulo.com.br\/n1\/wp-json\/wp\/v2\/media?parent=14954"}],"wp:term":[{"taxonomy":"category","embeddable":true,"href":"https:\/\/novosaopaulo.com.br\/n1\/wp-json\/wp\/v2\/categories?post=14954"},{"taxonomy":"post_tag","embeddable":true,"href":"https:\/\/novosaopaulo.com.br\/n1\/wp-json\/wp\/v2\/tags?post=14954"}],"curies":[{"name":"wp","href":"https:\/\/api.w.org\/{rel}","templated":true}]}}