{"id":14946,"date":"2023-09-28T16:50:04","date_gmt":"2023-09-28T19:50:04","guid":{"rendered":"https:\/\/novosaopaulo.com.br\/n2\/?p=14946"},"modified":"2023-09-28T16:50:04","modified_gmt":"2023-09-28T19:50:04","slug":"profissionais-de-bares-e-similares-tem-ate-amanha-29-para-se-inscreverem-no-curso-do-protocolo-nao-se-cale","status":"publish","type":"post","link":"https:\/\/novosaopaulo.com.br\/n1\/profissionais-de-bares-e-similares-tem-ate-amanha-29-para-se-inscreverem-no-curso-do-protocolo-nao-se-cale\/","title":{"rendered":"Profissionais de bares e similares t\u00eam at\u00e9 amanh\u00e3 (29) para se inscreverem no curso do protocolo N\u00e3o se Cale"},"content":{"rendered":"\n<p>O curso, obrigat\u00f3rio por lei, visa preparar os estabelecimentos a identificar e enfrentar situa\u00e7\u00f5es de risco para a mulher<\/p>\n\n\n\n<p>O Governo de S\u00e3o Paulo convoca os profissionais que atuam em bares, restaurantes, casas de eventos e espet\u00e1culos, e similares para capacita\u00e7\u00e3o do protocolo N\u00e3o se Cale. Todos t\u00eam at\u00e9 o dia 29 de setembro para se inscreverem para a 2\u00aa turma do curso. As aulas da segunda turma come\u00e7am no in\u00edcio de outubro.<\/p>\n\n\n\n<p>O curso visa preparar os estabelecimentos a identificar e enfrentar situa\u00e7\u00f5es de risco para a mulher de forma ativa e adequada, prestando os aux\u00edlios previstos no protocolo diante de qualquer pedido de socorro ou suspeita de caso de ass\u00e9dio, viol\u00eancia ou importuna\u00e7\u00e3o sexual.<\/p>\n\n\n\n<p>A capacita\u00e7\u00e3o online s\u00f3 \u00e9 v\u00e1lida com o certificado emitido pela Secretaria Estadual de Pol\u00edticas para a Mulher. O preenchimento do formul\u00e1rio \u00e9 individual e leva aproximadamente cinco minutos. Basta acessar o link: https:\/\/www.mulher.sp.gov.br\/naosecale\/.<\/p>\n\n\n\n<p>A certifica\u00e7\u00e3o \u00e9 exigida pelas leis 17.621\/2023 e 17.635\/2023 e decreto 67.856\/2023. O cumprimento ser\u00e1 fiscalizado pelo Procon-SP. Funcion\u00e1rios dos setores de entretenimento, gastronomia e lazer t\u00eam prioridade nas inscri\u00e7\u00f5es. Entretanto, trabalhadores de outras \u00e1reas tamb\u00e9m poder\u00e3o ocupar as 1,5 milh\u00e3o de vagas disponibilizadas pelo Estado. Trabalhadores que atuam em \u00e1reas de seguran\u00e7a, assist\u00eancia social e sa\u00fade tamb\u00e9m s\u00e3o convidados a realizar a capacita\u00e7\u00e3o.<\/p>\n\n\n\n<p>Eventuais infra\u00e7\u00f5es podem resultar em multa, suspens\u00e3o do servi\u00e7o ou atividade e at\u00e9 interdi\u00e7\u00e3o, nos termos estipulados pelo C\u00f3digo de Defesa do Consumidor. A multa pode variar de 200 a 3 milh\u00f5es de UFESPs (Unidade Fiscal do Estado de S\u00e3o Paulo) \u2013 atualmente com valor unit\u00e1rio de R$ 34,26, de acordo com a gravidade e crit\u00e9rios previstos no C\u00f3digo.<\/p>\n\n\n\n<p>Sobre o curso<br \/>A capacita\u00e7\u00e3o \u00e9 totalmente online, interativa e o aluno pode faz\u00ea-la conforme sua disponibilidade e ritmo. O tempo m\u00e1ximo estimado para a conclus\u00e3o do curso \u00e9 de 30 horas.<\/p>\n\n\n\n<p>As aulas da segunda turma come\u00e7am no dia 1\u00ba de outubro, com m\u00f3dulos sobre conscientiza\u00e7\u00e3o, fluxos de atendimento e rede de prote\u00e7\u00e3o, agregando conte\u00fados did\u00e1ticos nas \u00e1reas de Seguran\u00e7a, Sa\u00fade e Assist\u00eancia.<\/p>\n\n\n\n<p>O conte\u00fado foi preparado pelo Governo de S\u00e3o Paulo em parceria com a Univesp e a TV Cultura.<\/p>\n\n\n\n<p>Veja o calend\u00e1rio:<\/p>\n\n\n\n<p>Turma II &#8211; Bares, Restaurantes e similares e demais estabelecimentos<\/p>\n\n\n\n<blockquote class=\"wp-block-quote\"><p>In\u00edcio em 01\/10\/2023<br \/>T\u00e9rmino em 01\/11\/2023<\/p><\/blockquote>\n\n\n\n<p>Turma III &#8211; Remanescentes de Bares, Restaurantes e similares e demais estabelecimentos<\/p>\n\n\n\n<blockquote class=\"wp-block-quote\"><p>In\u00edcio em 01\/12\/2023<br \/>T\u00e9rmino em 01\/01\/2024<\/p><\/blockquote>\n","protected":false},"excerpt":{"rendered":"<p>O curso, obrigat\u00f3rio por lei, visa preparar os estabelecimentos a identificar e enfrentar situa\u00e7\u00f5es de&#8230;<\/p>\n","protected":false},"author":1,"featured_media":14947,"comment_status":"open","ping_status":"open","sticky":false,"template":"","format":"standard","meta":{"footnotes":""},"categories":[34],"tags":[],"featured_image_urls":{"full":"","thumbnail":"","medium":"","medium_large":"","large":"","1536x1536":"","2048x2048":"","newsever-slider-full":"","newsever-featured":"","newsever-medium":""},"author_info":{"display_name":"Reda\u00e7\u00e3o","author_link":"https:\/\/novosaopaulo.com.br\/n1\/author\/g5poa\/"},"category_info":"<a href=\"https:\/\/novosaopaulo.com.br\/n1\/category\/alto-tiete\/\" rel=\"category tag\">Alto Tiet\u00ea<\/a>","tag_info":"Alto Tiet\u00ea","comment_count":"0","_links":{"self":[{"href":"https:\/\/novosaopaulo.com.br\/n1\/wp-json\/wp\/v2\/posts\/14946"}],"collection":[{"href":"https:\/\/novosaopaulo.com.br\/n1\/wp-json\/wp\/v2\/posts"}],"about":[{"href":"https:\/\/novosaopaulo.com.br\/n1\/wp-json\/wp\/v2\/types\/post"}],"author":[{"embeddable":true,"href":"https:\/\/novosaopaulo.com.br\/n1\/wp-json\/wp\/v2\/users\/1"}],"replies":[{"embeddable":true,"href":"https:\/\/novosaopaulo.com.br\/n1\/wp-json\/wp\/v2\/comments?post=14946"}],"version-history":[{"count":0,"href":"https:\/\/novosaopaulo.com.br\/n1\/wp-json\/wp\/v2\/posts\/14946\/revisions"}],"wp:featuredmedia":[{"embeddable":true,"href":"https:\/\/novosaopaulo.com.br\/n1\/wp-json\/"}],"wp:attachment":[{"href":"https:\/\/novosaopaulo.com.br\/n1\/wp-json\/wp\/v2\/media?parent=14946"}],"wp:term":[{"taxonomy":"category","embeddable":true,"href":"https:\/\/novosaopaulo.com.br\/n1\/wp-json\/wp\/v2\/categories?post=14946"},{"taxonomy":"post_tag","embeddable":true,"href":"https:\/\/novosaopaulo.com.br\/n1\/wp-json\/wp\/v2\/tags?post=14946"}],"curies":[{"name":"wp","href":"https:\/\/api.w.org\/{rel}","templated":true}]}}