{"id":14930,"date":"2023-09-28T16:46:51","date_gmt":"2023-09-28T19:46:51","guid":{"rendered":"https:\/\/novosaopaulo.com.br\/n2\/?p=14930"},"modified":"2023-09-28T16:46:51","modified_gmt":"2023-09-28T19:46:51","slug":"quem-e-a-cearense-sophia-eldo-pop-star-mirim-que-acaba-de-ser-premiada-em-nova-iorque","status":"publish","type":"post","link":"https:\/\/novosaopaulo.com.br\/n1\/quem-e-a-cearense-sophia-eldo-pop-star-mirim-que-acaba-de-ser-premiada-em-nova-iorque\/","title":{"rendered":"Quem \u00e9 a cearense Sophia Eldo, Pop Star mirim, que acaba de ser premiada em Nova Iorque?"},"content":{"rendered":"\n<p><strong><em>Sophia foi a primeira crian\u00e7a a pisar no tapete vermelho do Portuguese Brazilian Awards.<\/em><\/strong><\/p>\n\n\n\n<p>Conhecida na internet por seus trabalhos no YouTube e por ser fen\u00f4meno nas redes sociais, com mais de 2 milh\u00f5es de seguidores, Sophia Eldo brilhou em noite de homenagens do Portuguese Brazilian Awards, que aconteceu em Nova York, nos EUA, no \u00faltimo dia 04 de setembro.<\/p>\n\n\n\n<p>&nbsp;A premia\u00e7\u00e3o, que reconhece feitos de artistas brasileiros, elegeu a artista e Miss Universo Baby como <strong>Melhor Apresentadora Mirim Infantil<\/strong> pelo seu desempenho \u00e0 frente do programa \u201cO Quarto da Sophia\u201d, projeto dispon\u00edvel no YouTube. Silvinha Abravanel tamb\u00e9m foi reconhecida como Melhor Apresentadora Infantil.<\/p>\n\n\n\n<p>\u201c\u200b\u200bQueria agradecer, primeiramente a Deus e aos meus familiares por serem a base de tudo e por compartilharem deste momento e tantos outros comigo. Queria agradecer tamb\u00e9m por estarem sempre me apoiando e me incentivando nos meus projetos\u201d \u2013 publicou a artista em suas redes sociais.<\/p>\n\n\n\n<p>Natural de Fortaleza, no Cear\u00e1, Sophia est\u00e1 no meio art\u00edstico desde os seus 7 meses de vida. Hoje j\u00e1 com 8 anos e coleciona mais de 20 t\u00edtulos, em 5 pa\u00edses.<\/p>\n\n\n\n<p><strong>O Programa<\/strong><\/p>\n\n\n\n<p>Idealizado pelo diretor e professor Marcelino C\u00e2mara, que tamb\u00e9m atua como Coach Art\u00edstico pessoal de Sophia, \u201cO Quarto da Sophia\u201d \u00e9 um programa educativo, que oferece conte\u00fado din\u00e2mico.<\/p>\n\n\n\n<p>\u201c\u00c9 desses programas em que os pais podem confiar e deixar seus filhos tranquilamente em frente a tela.\u201d \u2013 explica Cidianne Eldo, m\u00e3e e empres\u00e1ria da Sophia. &nbsp;<\/p>\n\n\n\n<p>Duas temporadas j\u00e1 foram exibidas, com grande expectativa para a terceira, que promete ser ainda mais cativante para seus pequenos seguidores.<\/p>\n\n\n\n<p><strong>A premia\u00e7\u00e3o<\/strong><\/p>\n\n\n\n<p>O Portuguese Brazilian Awards, agora na oitava edi\u00e7\u00e3o, \u00e9 um prestigioso evento de gala que reconhece, homenageia e celebra profissionais e empresas brasileiras e portuguesas excepcionais que est\u00e3o se destacando no cen\u00e1rio nacional e internacional em suas respectivas \u00e1reas.<\/p>\n\n\n\n<p>Personalidades renomadas como<strong>&nbsp;Carlinhos Maia<\/strong>,&nbsp;<strong>Luigi Baricelli, Val Marchiori, Patr\u00edcia Maldonado, Serginho Groisman, D\u00e9borah Secco, Patr\u00edcia Poeta, Jonathan Nemer, Juliana Paes, Gl\u00f3ria Perez<\/strong>&nbsp;e muitos outros j\u00e1 passaram pelo tapete vermelho do evento.<\/p>\n\n\n\n<p>Neste ano, a cerim\u00f4nia de premia\u00e7\u00e3o foi mais uma vez apresentada por&nbsp;<strong>Ant\u00f4nia Fontenelle<\/strong>&nbsp;e&nbsp;<strong>Oscar&nbsp;Magrini <\/strong>e aconteceu em Nova Iorque (em 2022 foi em Paris) na casa de eventos Castle Hotel &amp; Spa, mais conhecida como \u201cCastelo de Caras\u201d.<\/p>\n\n\n\n<p>Foram premiados m\u00e9dicos, advogados, empreendedores e artistas, como Sophia, que em outras ocasi\u00f5es j\u00e1 representou o Brasil em terras estrangeiras, e se tornou Miss Universo Baby, em 2019.<\/p>\n\n\n\n<p><strong>Sophia Eldo:<\/strong><\/p>\n\n\n\n<p>\u00c9 um fen\u00f4meno nas redes sociais. S\u00f3 no Instagram conta com mais de <strong>2 milh\u00f5es<\/strong> de seguidores: @sophiaeldoreal<\/p>\n\n\n\n<p>Acaba de completar 8 anos de idade, dia 30\/08;<\/p>\n\n\n\n<p>\u00c9 de Fortaleza (CE) e est\u00e1 no meio art\u00edstico desde os seus 7 meses de vida, quando participou de um desfile no colo da m\u00e3e.<\/p>\n\n\n\n<p>Coleciona mais de 20 t\u00edtulos como Miss, ao redor do mundo, dentre eles:<\/p>\n\n\n\n<p><strong>Barbie Fashion Brasil \u2013 2017<\/strong><\/p>\n\n\n\n<p><strong>Miss Beleza Cear\u00e1 Baby \u2013 2018<\/strong><\/p>\n\n\n\n<p><strong>Embaixadora do Brasil Baby \u2013 2018<\/strong><\/p>\n\n\n\n<p><strong>Miss Beleza Brasil Baby \u2013 2019<\/strong><\/p>\n\n\n\n<p><strong>Miss Portugal Baby \u2013 Portugal \u2013 2019<\/strong><\/p>\n\n\n\n<p><strong>Baby Beauty Word \u2013 Fran\u00e7a \u2013 2019<\/strong><\/p>\n\n\n\n<p><strong>Miss Universo Baby \u2013 Peru \u2013 2019\/2020.<\/strong><\/p>\n\n\n\n<p>Sophia tamb\u00e9m faz dublagens e canta. Tem parcerias musicais com Mara Maravilha; o modelo Jesus Luz esteve em um de seus videoclipes, que est\u00e1 nas principais plataformas de m\u00fasica;<\/p>\n\n\n\n<p>Faz aberturas de shows voltados ao p\u00fablico infantil, como o Trem da Alegria, Barbie&#8230;<\/p>\n\n\n\n<p>Tem revista com seu nome;<\/p>\n\n\n\n<p>\u00c9 queridinha do mercado publicit\u00e1rio. Estampa diversas campanhas;<\/p>\n\n\n\n<p>Estreou em 03 de fevereiro desse ano, seu programa na Internet (Youtube), O QUARTO DA SOPHIA.<\/p>\n\n\n\n<p>Youtube: <a href=\"https:\/\/youtu.be\/q6TkPxbOvIY?si=wxL8iSSgWylrbAH\">https:\/\/youtu.be\/q6TkPxbOvIY?si=wxL8iSSgWylrbAH<\/a> &#8211; @SOPHIA ELDO<\/p>\n\n\n\n<p>Instagram: <a href=\"https:\/\/www.instagram.com\/sophiaeldoreal\/\">Sophia Eldo\ud83e\udd8b\ud83c\udfa4 (@sophiaeldoreal) \u2022 Fotos e v\u00eddeos do Instagram<\/a>&nbsp; @sophiaeldoreal<\/p>\n\n\n\n<figure class=\"wp-block-gallery columns-3 is-cropped wp-block-gallery-1 is-layout-flex wp-block-gallery-is-layout-flex\"><ul class=\"blocks-gallery-grid\"><li class=\"blocks-gallery-item\"><figure><a href=\"http:\/\/novosaopaulo.com.br\/n2\/wp-content\/uploads\/2023\/09\/WhatsApp-Image-2023-09-28-at-16.00.56-1.jpeg\"><img decoding=\"async\" src=\"http:\/\/novosaopaulo.com.br\/n2\/wp-content\/uploads\/2023\/09\/WhatsApp-Image-2023-09-28-at-16.00.56-1.jpeg\" alt=\"\" data-id=\"14938\" data-full-url=\"http:\/\/novosaopaulo.com.br\/n2\/wp-content\/uploads\/2023\/09\/WhatsApp-Image-2023-09-28-at-16.00.56-1.jpeg\" data-link=\"https:\/\/novosaopaulo.com.br\/n2\/?attachment_id=14938\" class=\"wp-image-14938\"\/><\/a><\/figure><\/li><li class=\"blocks-gallery-item\"><figure><a href=\"http:\/\/novosaopaulo.com.br\/n2\/wp-content\/uploads\/2023\/09\/WhatsApp-Image-2023-09-28-at-16.00.56-2.jpeg\"><img decoding=\"async\" src=\"http:\/\/novosaopaulo.com.br\/n2\/wp-content\/uploads\/2023\/09\/WhatsApp-Image-2023-09-28-at-16.00.56-2.jpeg\" alt=\"\" data-id=\"14939\" data-full-url=\"http:\/\/novosaopaulo.com.br\/n2\/wp-content\/uploads\/2023\/09\/WhatsApp-Image-2023-09-28-at-16.00.56-2.jpeg\" data-link=\"https:\/\/novosaopaulo.com.br\/n2\/?attachment_id=14939\" class=\"wp-image-14939\"\/><\/a><\/figure><\/li><li class=\"blocks-gallery-item\"><figure><a href=\"http:\/\/novosaopaulo.com.br\/n2\/wp-content\/uploads\/2023\/09\/WhatsApp-Image-2023-09-28-at-16.00.56.jpeg\"><img decoding=\"async\" src=\"http:\/\/novosaopaulo.com.br\/n2\/wp-content\/uploads\/2023\/09\/WhatsApp-Image-2023-09-28-at-16.00.56.jpeg\" alt=\"\" data-id=\"14940\" data-full-url=\"http:\/\/novosaopaulo.com.br\/n2\/wp-content\/uploads\/2023\/09\/WhatsApp-Image-2023-09-28-at-16.00.56.jpeg\" data-link=\"https:\/\/novosaopaulo.com.br\/n2\/?attachment_id=14940\" class=\"wp-image-14940\"\/><\/a><\/figure><\/li><li class=\"blocks-gallery-item\"><figure><a href=\"http:\/\/novosaopaulo.com.br\/n2\/wp-content\/uploads\/2023\/09\/WhatsApp-Image-2023-09-28-at-16.00.57-1.jpeg\"><img decoding=\"async\" src=\"http:\/\/novosaopaulo.com.br\/n2\/wp-content\/uploads\/2023\/09\/WhatsApp-Image-2023-09-28-at-16.00.57-1.jpeg\" alt=\"\" data-id=\"14941\" data-full-url=\"http:\/\/novosaopaulo.com.br\/n2\/wp-content\/uploads\/2023\/09\/WhatsApp-Image-2023-09-28-at-16.00.57-1.jpeg\" data-link=\"https:\/\/novosaopaulo.com.br\/n2\/?attachment_id=14941\" class=\"wp-image-14941\"\/><\/a><\/figure><\/li><li class=\"blocks-gallery-item\"><figure><a href=\"http:\/\/novosaopaulo.com.br\/n2\/wp-content\/uploads\/2023\/09\/WhatsApp-Image-2023-09-28-at-16.00.57-2.jpeg\"><img decoding=\"async\" src=\"http:\/\/novosaopaulo.com.br\/n2\/wp-content\/uploads\/2023\/09\/WhatsApp-Image-2023-09-28-at-16.00.57-2.jpeg\" alt=\"\" data-id=\"14942\" data-full-url=\"http:\/\/novosaopaulo.com.br\/n2\/wp-content\/uploads\/2023\/09\/WhatsApp-Image-2023-09-28-at-16.00.57-2.jpeg\" data-link=\"https:\/\/novosaopaulo.com.br\/n2\/?attachment_id=14942\" class=\"wp-image-14942\"\/><\/a><\/figure><\/li><li class=\"blocks-gallery-item\"><figure><a href=\"http:\/\/novosaopaulo.com.br\/n2\/wp-content\/uploads\/2023\/09\/WhatsApp-Image-2023-09-28-at-16.00.57-3.jpeg\"><img decoding=\"async\" src=\"http:\/\/novosaopaulo.com.br\/n2\/wp-content\/uploads\/2023\/09\/WhatsApp-Image-2023-09-28-at-16.00.57-3.jpeg\" alt=\"\" data-id=\"14943\" data-full-url=\"http:\/\/novosaopaulo.com.br\/n2\/wp-content\/uploads\/2023\/09\/WhatsApp-Image-2023-09-28-at-16.00.57-3.jpeg\" data-link=\"https:\/\/novosaopaulo.com.br\/n2\/?attachment_id=14943\" class=\"wp-image-14943\"\/><\/a><\/figure><\/li><\/ul><\/figure>\n","protected":false},"excerpt":{"rendered":"<p>Sophia foi a primeira crian\u00e7a a pisar no tapete vermelho do Portuguese Brazilian Awards. Conhecida&#8230;<\/p>\n","protected":false},"author":1,"featured_media":14942,"comment_status":"open","ping_status":"open","sticky":false,"template":"","format":"standard","meta":{"footnotes":""},"categories":[34],"tags":[],"featured_image_urls":{"full":"","thumbnail":"","medium":"","medium_large":"","large":"","1536x1536":"","2048x2048":"","newsever-slider-full":"","newsever-featured":"","newsever-medium":""},"author_info":{"display_name":"Reda\u00e7\u00e3o","author_link":"https:\/\/novosaopaulo.com.br\/n1\/author\/g5poa\/"},"category_info":"<a href=\"https:\/\/novosaopaulo.com.br\/n1\/category\/alto-tiete\/\" rel=\"category tag\">Alto Tiet\u00ea<\/a>","tag_info":"Alto Tiet\u00ea","comment_count":"0","_links":{"self":[{"href":"https:\/\/novosaopaulo.com.br\/n1\/wp-json\/wp\/v2\/posts\/14930"}],"collection":[{"href":"https:\/\/novosaopaulo.com.br\/n1\/wp-json\/wp\/v2\/posts"}],"about":[{"href":"https:\/\/novosaopaulo.com.br\/n1\/wp-json\/wp\/v2\/types\/post"}],"author":[{"embeddable":true,"href":"https:\/\/novosaopaulo.com.br\/n1\/wp-json\/wp\/v2\/users\/1"}],"replies":[{"embeddable":true,"href":"https:\/\/novosaopaulo.com.br\/n1\/wp-json\/wp\/v2\/comments?post=14930"}],"version-history":[{"count":0,"href":"https:\/\/novosaopaulo.com.br\/n1\/wp-json\/wp\/v2\/posts\/14930\/revisions"}],"wp:featuredmedia":[{"embeddable":true,"href":"https:\/\/novosaopaulo.com.br\/n1\/wp-json\/"}],"wp:attachment":[{"href":"https:\/\/novosaopaulo.com.br\/n1\/wp-json\/wp\/v2\/media?parent=14930"}],"wp:term":[{"taxonomy":"category","embeddable":true,"href":"https:\/\/novosaopaulo.com.br\/n1\/wp-json\/wp\/v2\/categories?post=14930"},{"taxonomy":"post_tag","embeddable":true,"href":"https:\/\/novosaopaulo.com.br\/n1\/wp-json\/wp\/v2\/tags?post=14930"}],"curies":[{"name":"wp","href":"https:\/\/api.w.org\/{rel}","templated":true}]}}