{"id":14928,"date":"2023-09-28T16:36:38","date_gmt":"2023-09-28T19:36:38","guid":{"rendered":"https:\/\/novosaopaulo.com.br\/n2\/?p=14928"},"modified":"2023-09-28T16:36:38","modified_gmt":"2023-09-28T19:36:38","slug":"a-prevencao-as-forcas-da-natureza","status":"publish","type":"post","link":"https:\/\/novosaopaulo.com.br\/n1\/a-prevencao-as-forcas-da-natureza\/","title":{"rendered":"A preven\u00e7\u00e3o \u00e0s for\u00e7as da Natureza"},"content":{"rendered":"\n<p>Ao mesmo tempo em que a capital paulista registrava as maiores temperaturas do ano &#8211; um paradoxo ocorrido nos \u00faltimos dias do inverno e primeiros da primavera &#8211; a maioria do Pa\u00eds sofria com o calor e o Rio Grande do Sul era castigado por ciclones e granizo e baixas temperaturas, a pequena Borebi, de 2,7 mil habitantes, na regi\u00e3o central do Estado de S\u00e3o Paulo era varrida, no come\u00e7o da noite da \u00faltima segunda-feira (25\/09), por ventos de 70 km\/h que destelharam casas e barrac\u00f5es agr\u00edcolas, derrubaram \u00e1rvores e cobriram a cidade por uma camada de areia e pequenos part\u00edculas trazidas pela tormenta. A popula\u00e7\u00e3o, assustada, teve muito trabalho para voltar \u00e0 normalidade.<br \/>Os fen\u00f4menos clim\u00e1ticos dessa \u00e9poca s\u00e3o atribu\u00eddos ao &#8220;el ni\u00f1o\u201d, corrente mar\u00edtima do Oceano Pac\u00edfico que hoje remete ar quente para todo o planeta, especialmente \u00e0 Am\u00e9rica do Sul, onde vivemos. Atribui-se a ela acontecimentos como os as altas temperaturas ocorridas nos \u00faltimos meses no hemisf\u00e9rio norte e inc\u00eandios florestais devastadores na Calif\u00f3rnia, Canad\u00e1 e outros pontos. Agora, j\u00e1 tivemos alguns inc\u00eandios de grande monta no Brasil e a tend\u00eancia \u00e9 isso se agravar \u00e0 medida que o calor t\u00edpico dessa \u00e9poca se consolidar.<br \/>Dentro de um quadro mundial de mudan\u00e7as, estamos tamb\u00e9m sofrendo altera\u00e7\u00f5es no territ\u00f3rio brasileiro. As altas temperaturas das regi\u00f5es Sudeste, Centro-Oeste, Norte e Nordeste contrastam com o frio e as tormentas enfrentadas pelo Sul. Essa altera\u00e7\u00e3o do clima exige provid\u00eancias da autoridade constitu\u00edda, pois ganha propor\u00e7\u00f5es catastr\u00f3ficas e \u2013 o pior \u2013 sacrifica vidas.<br \/>J\u00e1 tivemos em S\u00e3o Paulo as chuvas at\u00edpicas no Litoral Norte, que fizeram desabrigados, mortos e mobilizaram os governos dos munic\u00edpios, Estado e da Uni\u00e3o a realizarem obras, especialmente casas para abrigar as fam\u00edlias que perderam suas moradias localizadas em encostas perigosas que nunca antes haviam tido problemas. No Sul j\u00e1 ocorreram dezenas de mortes por conta das tormentas que atingiram dezenas de cidades do interior e hoje tamb\u00e9m instabilizam a capital, Porto Alegre.<br \/>\u00c9 preciso preven\u00e7\u00e3o. At\u00e9 recentemente os pol\u00edtico \u2013 inclusive os do governo \u2013 podiam tratar politicamente a quest\u00e3o ambiental, notadamente a Amaz\u00f4nia. Hoje, aquilo que se pregava como possibilidades para o futuro, j\u00e1 se faz presente. Cada localidade precisa dispor dos recursos para enfrentar as borrascas e socorrer sua popula\u00e7\u00e3o. Os ventos levemente mais fortes que sempre aconteceram hoje se tornaram violentos e destruidores, como sentiram os moradores de Borebi. E assim ocorrer\u00e1 em muitas localidades.<br \/>O grande fator de intranquilidade est\u00e1 na abrupta mudan\u00e7a do perfil clim\u00e1tico \u2013 que os t\u00e9cnicos explicam pela forte atividade de \u201cel ni\u00f1o\u201d \u2013 e na falta de conhecimento de como as condi\u00e7\u00f5es do tempo dever\u00e3o evoluir nos pr\u00f3ximos meses, anos e at\u00e9 d\u00e9cadas. Especula-se sobre consequ\u00eancias de desmatamentos, queimadas, uso indiscriminado de recursos naturais, mas poucas s\u00e3o as respostas seguras cobre o caminho por onde estamos enveredando.<br \/>Lembrando a cl\u00e1ssica cita\u00e7\u00e3o do governador Franco Montoro, de que ningu\u00e9m mora na Uni\u00e3o e nem no Estado j\u00e1 que todos moramos no munic\u00edpio, \u00e9 importante lembrar que a grande tarefa de prevenir os acidentes clim\u00e1ticos \u00e9 do prefeito. Conhecendo seu munic\u00edpio, ele tem o dever de identificar os problemas, propor solu\u00e7\u00f5es, conscientizar a popula\u00e7\u00e3o e acionar o Estado e a Uni\u00e3o para destinarem os recursos necess\u00e1rios. S\u00e3o 5570 prefeitos em todo o Brasil e casa um conhece os problemas de sua cidade. Cabe-lhes identific\u00e1-los e pedir (talvez exigir) que o governador do seu Estado ou at\u00e9 o presidente da rep\u00fablica destine os recursos para a execu\u00e7\u00e3o das obras indicadas. Isso \u00e9 o que chamamos de Governar. N\u00e3o esque\u00e7amos que os 27 governadores e o presidente da Rep\u00fablica t\u00eam o mesmo dever de solu\u00e7\u00e3o que os prefeitos ou at\u00e9 mais, porque s\u00e3o eles que dever\u00e3o providenciar os recursos a serem empregados\u2026<\/p>\n\n\n\n<p>Tenente Dirceu Cardoso Gon\u00e7alves &#8211; dirigente da ASPOMIL (Associa\u00e7\u00e3o de Assist). Social dos Policiais Militares de S\u00e3o (Paulo)<br \/>aspomilpm@terra.com.br<\/p>\n","protected":false},"excerpt":{"rendered":"<p>Ao mesmo tempo em que a capital paulista registrava as maiores temperaturas do ano &#8211;&#8230;<\/p>\n","protected":false},"author":1,"featured_media":5076,"comment_status":"open","ping_status":"open","sticky":false,"template":"","format":"standard","meta":{"footnotes":""},"categories":[9],"tags":[],"featured_image_urls":{"full":"","thumbnail":"","medium":"","medium_large":"","large":"","1536x1536":"","2048x2048":"","newsever-slider-full":"","newsever-featured":"","newsever-medium":""},"author_info":{"display_name":"Reda\u00e7\u00e3o","author_link":"https:\/\/novosaopaulo.com.br\/n1\/author\/g5poa\/"},"category_info":"<a href=\"https:\/\/novosaopaulo.com.br\/n1\/category\/geral\/\" rel=\"category tag\">Geral<\/a>","tag_info":"Geral","comment_count":"0","_links":{"self":[{"href":"https:\/\/novosaopaulo.com.br\/n1\/wp-json\/wp\/v2\/posts\/14928"}],"collection":[{"href":"https:\/\/novosaopaulo.com.br\/n1\/wp-json\/wp\/v2\/posts"}],"about":[{"href":"https:\/\/novosaopaulo.com.br\/n1\/wp-json\/wp\/v2\/types\/post"}],"author":[{"embeddable":true,"href":"https:\/\/novosaopaulo.com.br\/n1\/wp-json\/wp\/v2\/users\/1"}],"replies":[{"embeddable":true,"href":"https:\/\/novosaopaulo.com.br\/n1\/wp-json\/wp\/v2\/comments?post=14928"}],"version-history":[{"count":0,"href":"https:\/\/novosaopaulo.com.br\/n1\/wp-json\/wp\/v2\/posts\/14928\/revisions"}],"wp:featuredmedia":[{"embeddable":true,"href":"https:\/\/novosaopaulo.com.br\/n1\/wp-json\/"}],"wp:attachment":[{"href":"https:\/\/novosaopaulo.com.br\/n1\/wp-json\/wp\/v2\/media?parent=14928"}],"wp:term":[{"taxonomy":"category","embeddable":true,"href":"https:\/\/novosaopaulo.com.br\/n1\/wp-json\/wp\/v2\/categories?post=14928"},{"taxonomy":"post_tag","embeddable":true,"href":"https:\/\/novosaopaulo.com.br\/n1\/wp-json\/wp\/v2\/tags?post=14928"}],"curies":[{"name":"wp","href":"https:\/\/api.w.org\/{rel}","templated":true}]}}