{"id":14915,"date":"2023-09-28T16:22:29","date_gmt":"2023-09-28T19:22:29","guid":{"rendered":"https:\/\/novosaopaulo.com.br\/n2\/?p=14915"},"modified":"2023-09-28T16:22:29","modified_gmt":"2023-09-28T19:22:29","slug":"14o-festival-das-nacoes-pela-paz-unindo-cultura-e-solidariedade","status":"publish","type":"post","link":"https:\/\/novosaopaulo.com.br\/n1\/14o-festival-das-nacoes-pela-paz-unindo-cultura-e-solidariedade\/","title":{"rendered":"14o. Festival das Na\u00e7\u00f5es pela Paz  &#8211; Unindo Cultura e Solidariedade"},"content":{"rendered":"\n<p>Por : Vera Tabach<\/p>\n\n\n\n<p>O Brasil \u00e9 um pa\u00eds que recebe muitos imigrantes de todas as partes do mundo, cada um com sua cultura, costumes, e culin\u00e1ria t\u00edpica, tudo isso inspirou a Associa\u00e7\u00e3o de Mulheres para a Paz Mundial (AMPM )Brasil, dar in\u00edcio a festa, que faz parte do calend\u00e1rio da cidade de S\u00e3o Paulo, onde \u00e9 celebrada culturas internacionais.<br \/>O \u201cFestival das Na\u00e7\u00f5es para a Paz \u201d, tem como finalidade fomentar a Paz Mundial, atrav\u00e9s do interc\u00e2mbio cultural .<br \/>\u00c9 um evento onde as diversas na\u00e7\u00f5es estrangeiras<br \/>existentes no Brasil, podem se manifestar, serem reconhecidas e valorizadas , atrav\u00e9s de suas apresenta\u00e7\u00f5es art\u00edsticas, idioma gastronomia , artesanato,barracas com pessoas em trajes t\u00edpicos e objetos de suas na\u00e7\u00f5es, contando a sua hist\u00f3ria.<br \/>Esse interc\u00e2mbio e contato com a diversidade cultural, proporciona o desenvolvimento humano, o respeito m\u00fatuo e a valoriza\u00e7\u00e3o de todas etnias do mundo.<br \/>A Federa\u00e7\u00e3o das Mulheres Para Paz Mundial Internacional ( WFWP), acredita que todas as culturas t\u00eam muitas caracter\u00edsticas em comum, que devem ser vistas como uma ponte para a uni\u00e3o . Um dos objetivos dos fundadores da WFWP, Rev Dr. Sun Myung Moon e sua esposa Dra. Hak J\u00e1 Han Moon, \u00e9 alcan\u00e7ar a uni\u00e3o e Paz Mundial atrav\u00e9s das culturas.<br \/>O ponto alto do evento \u00e9 quando os representantes de cada pa\u00eds sobem ao palco com suas bandeiras , para o momento da harmonia internacional em prol da Paz.<br \/>Atrav\u00e9s deste festival , abre uma boa oportunidade ,para conscientizar e discutir sobre o interc\u00e2mbio e a coopera\u00e7\u00e3o internacional nesta \u00e9poca , onde acontecem v\u00e1rios conflitos internacionais, como por exemplo, entre a Coreia do Norte e a Coreia do Sul, os conflitos no oriente m\u00e9dio, etc.<br \/>Este \u00e9 um evento onde toda a fam\u00edlia pode participar, inclusive as crian\u00e7as, que ter\u00e3o uma \u00f3tima oportunidade para presenciar uma uni\u00e3o pac\u00edfica entre os pa\u00edses por meio da diversidade cultural e, com isso, poder\u00e3o cultivar um cora\u00e7\u00e3o voltado para a paz, que \u00e9 fundamental no seu desenvolvimento educacional e pessoal.<br \/>A Associa\u00e7\u00e3o das Mulheres para a Paz Mundial, fundada em 1992 pelo Rev. Dr. Sun Myung Moon e sua esposa, a Dr\u00aa. Hak Ja Han Moon, \u00e9 uma ONG com status consultivo no Conselho Econ\u00f4mico e Social das Na\u00e7\u00f5es Unidas \u2013 ECOSOC e realiza atividades sociais em diversas \u00e1reas em todo o mundo. Desde a sua inaugura\u00e7\u00e3o, a AMPM dedicou-se na cria\u00e7\u00e3o de uma rede global de mulheres para promover a constru\u00e7\u00e3o de uma sociedade com harmonia, igualdade, justi\u00e7a social e paz, com base no sentimento natural de m\u00e3e que \u00e9 pr\u00f3prio da mulher.<br \/>A Associa\u00e7\u00e3o de Mulheres para a Paz Mundial (AMPM )do Brasil, teve a iniciativa de realizar em 2005, seu 1\u00aa Festival das Na\u00e7\u00f5es, na sede nacional da Associa\u00e7\u00e3o das Fam\u00edlias para unifica\u00e7\u00e3o e paz mundial AFUPM )do Brasil.<br \/>A Festa das Na\u00e7\u00f5es, entrou oficialmente no calend\u00e1rio festivo da cidade de S\u00e3o Paulo no ano 2017 e desde 2018 o festival, passou a ser realizado, todos os anos, sempre no m\u00eas de outubro, com o apoio da prefeitura da cidade de S\u00e3o Paulo,.<br \/>Este ano, o evento comemora 14 anos, e ser\u00e1 realizado: Rua Galv\u00e3o Bueno , no Portal do bairro da Liberdade.<\/p>\n\n\n\n<p>O que \u00e9 a WFWP<br \/>A Federa\u00e7\u00e3o das Mulheres Para Paz Mundial Internacional ( WFWP) \u00e9 uma organiza\u00e7\u00e3o n\u00e3o governamental internacional, sem fins lucrativos, com status<br \/>Consultivo Geral do ECOSOC e em associa\u00e7\u00e3o com o Departamento de Informa\u00e7\u00e3o P\u00fablicas das Na\u00e7\u00f5es Unidas.<br \/>Reconhecida como Utilidade P\u00fablica nos termos do Decreto n\u00ba 58.976\/2019, do no artigo 4% da Lei n e 4.819\/1955<\/p>\n\n\n\n<p><strong>SERVI\u00c7O<\/strong><br \/>14.\u2022 FESTIVAL DAS NA\u00c7\u00d5ES PELA PAZ<br \/>DIA: 29 de outubro de 2023<br \/>HOR\u00c1RIO: das 12h \u00e0s 18h<br \/>LOCAL: RUA GALV\u00c3O BUENO &#8211; PORTAL DA LIBERDADE<br \/>Entrada Gratuita<\/p>\n\n\n\n<figure class=\"wp-block-gallery columns-3 is-cropped wp-block-gallery-1 is-layout-flex wp-block-gallery-is-layout-flex\"><ul class=\"blocks-gallery-grid\"><li class=\"blocks-gallery-item\"><figure><img decoding=\"async\" src=\"https:\/\/novosaopaulo.com.br\/n2\/wp-content\/uploads\/2023\/09\/WhatsApp-Image-2023-09-28-at-13.10.58-1-1024x576.jpeg\" alt=\"\" data-id=\"14916\" data-full-url=\"https:\/\/novosaopaulo.com.br\/n2\/wp-content\/uploads\/2023\/09\/WhatsApp-Image-2023-09-28-at-13.10.58-1.jpeg\" data-link=\"https:\/\/novosaopaulo.com.br\/n2\/?attachment_id=14916\" class=\"wp-image-14916\"\/><\/figure><\/li><li class=\"blocks-gallery-item\"><figure><img decoding=\"async\" src=\"https:\/\/novosaopaulo.com.br\/n2\/wp-content\/uploads\/2023\/09\/WhatsApp-Image-2023-09-28-at-13.10.58.jpeg\" alt=\"\" data-id=\"14917\" data-full-url=\"https:\/\/novosaopaulo.com.br\/n2\/wp-content\/uploads\/2023\/09\/WhatsApp-Image-2023-09-28-at-13.10.58.jpeg\" data-link=\"https:\/\/novosaopaulo.com.br\/n2\/?attachment_id=14917\" class=\"wp-image-14917\"\/><\/figure><\/li><li class=\"blocks-gallery-item\"><figure><img decoding=\"async\" src=\"https:\/\/novosaopaulo.com.br\/n2\/wp-content\/uploads\/2023\/09\/WhatsApp-Image-2023-09-28-at-13.10.57-2.jpeg\" alt=\"\" data-id=\"14918\" data-full-url=\"https:\/\/novosaopaulo.com.br\/n2\/wp-content\/uploads\/2023\/09\/WhatsApp-Image-2023-09-28-at-13.10.57-2.jpeg\" data-link=\"https:\/\/novosaopaulo.com.br\/n2\/?attachment_id=14918\" class=\"wp-image-14918\"\/><\/figure><\/li><li class=\"blocks-gallery-item\"><figure><img decoding=\"async\" src=\"https:\/\/novosaopaulo.com.br\/n2\/wp-content\/uploads\/2023\/09\/WhatsApp-Image-2023-09-28-at-13.10.57-1.jpeg\" alt=\"\" data-id=\"14919\" data-full-url=\"https:\/\/novosaopaulo.com.br\/n2\/wp-content\/uploads\/2023\/09\/WhatsApp-Image-2023-09-28-at-13.10.57-1.jpeg\" data-link=\"https:\/\/novosaopaulo.com.br\/n2\/?attachment_id=14919\" class=\"wp-image-14919\"\/><\/figure><\/li><li class=\"blocks-gallery-item\"><figure><img decoding=\"async\" src=\"https:\/\/novosaopaulo.com.br\/n2\/wp-content\/uploads\/2023\/09\/WhatsApp-Image-2023-09-28-at-13.10.57.jpeg\" alt=\"\" data-id=\"14920\" data-full-url=\"https:\/\/novosaopaulo.com.br\/n2\/wp-content\/uploads\/2023\/09\/WhatsApp-Image-2023-09-28-at-13.10.57.jpeg\" data-link=\"https:\/\/novosaopaulo.com.br\/n2\/?attachment_id=14920\" class=\"wp-image-14920\"\/><\/figure><\/li><\/ul><\/figure>\n","protected":false},"excerpt":{"rendered":"<p>Por : Vera Tabach O Brasil \u00e9 um pa\u00eds que recebe muitos imigrantes de todas&#8230;<\/p>\n","protected":false},"author":1,"featured_media":14920,"comment_status":"open","ping_status":"open","sticky":false,"template":"","format":"standard","meta":{"footnotes":""},"categories":[45,9],"tags":[],"featured_image_urls":{"full":"","thumbnail":"","medium":"","medium_large":"","large":"","1536x1536":"","2048x2048":"","newsever-slider-full":"","newsever-featured":"","newsever-medium":""},"author_info":{"display_name":"Reda\u00e7\u00e3o","author_link":"https:\/\/novosaopaulo.com.br\/n1\/author\/g5poa\/"},"category_info":"<a href=\"https:\/\/novosaopaulo.com.br\/n1\/category\/cultura\/\" rel=\"category tag\">Cultura<\/a> <a href=\"https:\/\/novosaopaulo.com.br\/n1\/category\/geral\/\" rel=\"category tag\">Geral<\/a>","tag_info":"Geral","comment_count":"0","_links":{"self":[{"href":"https:\/\/novosaopaulo.com.br\/n1\/wp-json\/wp\/v2\/posts\/14915"}],"collection":[{"href":"https:\/\/novosaopaulo.com.br\/n1\/wp-json\/wp\/v2\/posts"}],"about":[{"href":"https:\/\/novosaopaulo.com.br\/n1\/wp-json\/wp\/v2\/types\/post"}],"author":[{"embeddable":true,"href":"https:\/\/novosaopaulo.com.br\/n1\/wp-json\/wp\/v2\/users\/1"}],"replies":[{"embeddable":true,"href":"https:\/\/novosaopaulo.com.br\/n1\/wp-json\/wp\/v2\/comments?post=14915"}],"version-history":[{"count":0,"href":"https:\/\/novosaopaulo.com.br\/n1\/wp-json\/wp\/v2\/posts\/14915\/revisions"}],"wp:featuredmedia":[{"embeddable":true,"href":"https:\/\/novosaopaulo.com.br\/n1\/wp-json\/"}],"wp:attachment":[{"href":"https:\/\/novosaopaulo.com.br\/n1\/wp-json\/wp\/v2\/media?parent=14915"}],"wp:term":[{"taxonomy":"category","embeddable":true,"href":"https:\/\/novosaopaulo.com.br\/n1\/wp-json\/wp\/v2\/categories?post=14915"},{"taxonomy":"post_tag","embeddable":true,"href":"https:\/\/novosaopaulo.com.br\/n1\/wp-json\/wp\/v2\/tags?post=14915"}],"curies":[{"name":"wp","href":"https:\/\/api.w.org\/{rel}","templated":true}]}}