{"id":14911,"date":"2023-09-28T14:41:04","date_gmt":"2023-09-28T17:41:04","guid":{"rendered":"https:\/\/novosaopaulo.com.br\/n2\/?p=14911"},"modified":"2023-09-28T14:41:04","modified_gmt":"2023-09-28T17:41:04","slug":"funcionaria-do-itau-de-poa-morre-baleada-durante-assalto","status":"publish","type":"post","link":"https:\/\/novosaopaulo.com.br\/n1\/funcionaria-do-itau-de-poa-morre-baleada-durante-assalto\/","title":{"rendered":"Funcion\u00e1ria do Ita\u00fa de Po\u00e1 morre baleada durante assalto"},"content":{"rendered":"\n<p>A cidade de Po\u00e1 teve uma manh\u00e3 movimentada e violenta neste 28 de setembro, com um prov\u00e1vel assalto na ag\u00eancia do Ita\u00fa da Avenida 9 de Julho, que resultou na morte de uma funcion\u00e1ria, possivelmente a gerente, e do assaltante.<br \/>Por volta das 11 horas, um homem entrou na ag\u00eancia, subiu ao andar superior, conseguiu pegar a arma do seguran\u00e7a e come\u00e7ou a roubar pertences das pessoas que l\u00e1 estavam. A Pol\u00edcia foi avisada e, ao perceber a presen\u00e7a dos policiais, o homem desceu atirando contra os policiais e usando a funcion\u00e1ria como escudo. Na troca de tiros, morreram a funcion\u00e1ria e o assaltante.<br \/>Segundo informa\u00e7\u00f5es, outra pessoa tamb\u00e9m foi baleada e socorrida no Hospital Guido Guida. A Pol\u00edcia Civil est\u00e1 investigando o caso para apurar mais informa\u00e7\u00f5es.<\/p>\n\n\n\n<p>Foto: divulga\u00e7\u00e3o<\/p>\n","protected":false},"excerpt":{"rendered":"<p>A cidade de Po\u00e1 teve uma manh\u00e3 movimentada e violenta neste 28 de setembro, com&#8230;<\/p>\n","protected":false},"author":1,"featured_media":14912,"comment_status":"open","ping_status":"open","sticky":false,"template":"","format":"standard","meta":{"footnotes":""},"categories":[34,8],"tags":[],"featured_image_urls":{"full":"","thumbnail":"","medium":"","medium_large":"","large":"","1536x1536":"","2048x2048":"","newsever-slider-full":"","newsever-featured":"","newsever-medium":""},"author_info":{"display_name":"Reda\u00e7\u00e3o","author_link":"https:\/\/novosaopaulo.com.br\/n1\/author\/g5poa\/"},"category_info":"<a href=\"https:\/\/novosaopaulo.com.br\/n1\/category\/alto-tiete\/\" rel=\"category tag\">Alto Tiet\u00ea<\/a> <a href=\"https:\/\/novosaopaulo.com.br\/n1\/category\/poa\/\" rel=\"category tag\">Po\u00e1<\/a>","tag_info":"Po\u00e1","comment_count":"0","_links":{"self":[{"href":"https:\/\/novosaopaulo.com.br\/n1\/wp-json\/wp\/v2\/posts\/14911"}],"collection":[{"href":"https:\/\/novosaopaulo.com.br\/n1\/wp-json\/wp\/v2\/posts"}],"about":[{"href":"https:\/\/novosaopaulo.com.br\/n1\/wp-json\/wp\/v2\/types\/post"}],"author":[{"embeddable":true,"href":"https:\/\/novosaopaulo.com.br\/n1\/wp-json\/wp\/v2\/users\/1"}],"replies":[{"embeddable":true,"href":"https:\/\/novosaopaulo.com.br\/n1\/wp-json\/wp\/v2\/comments?post=14911"}],"version-history":[{"count":0,"href":"https:\/\/novosaopaulo.com.br\/n1\/wp-json\/wp\/v2\/posts\/14911\/revisions"}],"wp:featuredmedia":[{"embeddable":true,"href":"https:\/\/novosaopaulo.com.br\/n1\/wp-json\/"}],"wp:attachment":[{"href":"https:\/\/novosaopaulo.com.br\/n1\/wp-json\/wp\/v2\/media?parent=14911"}],"wp:term":[{"taxonomy":"category","embeddable":true,"href":"https:\/\/novosaopaulo.com.br\/n1\/wp-json\/wp\/v2\/categories?post=14911"},{"taxonomy":"post_tag","embeddable":true,"href":"https:\/\/novosaopaulo.com.br\/n1\/wp-json\/wp\/v2\/tags?post=14911"}],"curies":[{"name":"wp","href":"https:\/\/api.w.org\/{rel}","templated":true}]}}