{"id":14904,"date":"2023-09-27T21:21:05","date_gmt":"2023-09-28T00:21:05","guid":{"rendered":"https:\/\/novosaopaulo.com.br\/n2\/?p=14904"},"modified":"2023-09-27T21:21:05","modified_gmt":"2023-09-28T00:21:05","slug":"gabinete-3d-governo-de-sp-anuncia-novo-hospital-na-regiao-de-sorocaba","status":"publish","type":"post","link":"https:\/\/novosaopaulo.com.br\/n1\/gabinete-3d-governo-de-sp-anuncia-novo-hospital-na-regiao-de-sorocaba\/","title":{"rendered":"Gabinete 3D: Governo de SP anuncia novo hospital na regi\u00e3o de Sorocaba"},"content":{"rendered":"\n<p>Iniciativa busca fazer mapeamentos sobre as necessidades da regi\u00e3o e amplia contato das lideran\u00e7as com os servi\u00e7os de sa\u00fade<\/p>\n\n\n\n<p>O secret\u00e1rio de Estado da Sa\u00fade, Eleuses Paiva levou, nesta quarta-feira (27), o \u201cGabinete 3D \u2013 Sa\u00fade\u201d para a regi\u00e3o de Sorocaba, onde anunciou que ser\u00e1 aberto um novo Hospital Regional em Itapetininga.<\/p>\n\n\n\n<p>\u201cEstamos anunciando a constru\u00e7\u00e3o do Hospital Regional de Itapetininga, que vai atender toda a regi\u00e3o. Num futuro pr\u00f3ximo, n\u00f3s traremos a alta complexidade para o hospital e, com isso, melhoraremos a oferta de servi\u00e7os, fazendo com que as filas andem mais r\u00e1pido&#8221;, afirmou o secret\u00e1rio Eleuses Paiva.<\/p>\n\n\n\n<p>Ainda segundo Paiva, a partir de agora come\u00e7a uma discuss\u00e3o junto ao munic\u00edpio de Itapetininga para encontrar uma \u00e1rea adequada para o novo hospital. Tamb\u00e9m haver\u00e1 um di\u00e1logo com os munic\u00edpios pr\u00f3ximos para definir um plano de assist\u00eancia \u00e0 sa\u00fade de alta complexidade. A proposta \u00e9 que a unidade conte com cerca de 200 leitos e que atenda a toda a regi\u00e3o.<\/p>\n\n\n\n<p>O Gabinete 3D concentra a\u00e7\u00f5es para aproximar as lideran\u00e7as, gestores p\u00fablicos e servidores da rede estadual de sa\u00fade. Paiva se encontrou com prefeitos e secret\u00e1rios municipais de sa\u00fade da regi\u00e3o, participou da abertura da Oficina de Regionaliza\u00e7\u00e3o da Sa\u00fade e visitou o Hospital de Combate ao C\u00e2ncer Infantil de Sorocaba, onde conversou com a administra\u00e7\u00e3o da unidade sobre os principais desafios enfrentados.<\/p>\n\n\n\n<p>\u201cA import\u00e2ncia \u00e9 cada vez maior de ir \u00e0s diferentes regi\u00f5es para conhecer os gestores e principalmente os prestadores de servi\u00e7o, conhecendo a dificuldade de cada um. O governo do Estado de S\u00e3o Paulo tem facilitado esse contato, para que possamos juntos garantir dignidade a cada cidad\u00e3o paulista no atendimento \u00e0 sa\u00fade\u201d, apontou o secret\u00e1rio.<\/p>\n\n\n\n<p>Regionaliza\u00e7\u00e3o da Sa\u00fade<\/p>\n\n\n\n<p>O programa de Regionaliza\u00e7\u00e3o da Sa\u00fade prev\u00ea a adequa\u00e7\u00e3o dos ambulat\u00f3rios m\u00e9dicos de especialidades e hospitais estaduais \u00e0s necessidades regionais, efetivamente descentralizando o sistema de sa\u00fade. O objetivo \u00e9 a diminui\u00e7\u00e3o das desigualdades entre as regi\u00f5es para aumentar a efici\u00eancia do gasto p\u00fablico, fazer as filas andarem, reduzir a dist\u00e2ncia que as pessoas precisam percorrer para conseguir atendimento e ampliar a oferta de servi\u00e7os.<\/p>\n\n\n\n<p>O Programa de Regionaliza\u00e7\u00e3o da Sa\u00fade do Estado de S\u00e3o Paulo conta com a parceria do Cosems-SP e o apoio da OPAS, com a qual foi assinada a Carta de Coopera\u00e7\u00e3o M\u00fatua para a qualifica\u00e7\u00e3o e fortalecimento da gest\u00e3o estadual do Sistema \u00danico de Sa\u00fade (SUS) do Estado de S\u00e3o Paulo. A parceria prop\u00f5e buscar formas de entrosamento entre as institui\u00e7\u00f5es, para criar, manter e dinamizar redes permanentes entre os quadros funcionais e assegurar a coopera\u00e7\u00e3o entre eles.<\/p>\n\n\n\n<p>Durante o encontro, Eleuses destacou tamb\u00e9m o papel da nova Tabela SUS Paulista, que vai pagar valores complementares a diversos prestadores a partir de 2024. \u201cNa regi\u00e3o de Sorocaba, 21 hospitais receber\u00e3o a Tabela SUS Paulista, permitindo que os hospitais possam aumentar sua oferta de maneira sustent\u00e1vel. Vamos reajustar em at\u00e9 400% alguns procedimentos para que o hospital possa ampliar o leque de oferta de assist\u00eancia em sa\u00fade \u00e0 popula\u00e7\u00e3o e com certeza isso ter\u00e1 um impacto positivo,\u201d disse.<\/p>\n\n\n\n<p>A Oficina de Regionaliza\u00e7\u00e3o da Sa\u00fade em Sorocaba \u00e9 um evento realizado em dois dias. Nesta quarta-feira (27), houve pain\u00e9is sobre o Projeto de Regionaliza\u00e7\u00e3o, reuni\u00f5es de diagn\u00f3stico da Assist\u00eancia Prim\u00e1ria \u00e0 Sa\u00fade (APS) e apresenta\u00e7\u00e3o da proposta para regula\u00e7\u00e3o do acesso e dos objetivos do projeto de Regionaliza\u00e7\u00e3o no Estado de S\u00e3o Paulo. Na quinta-feira (28), os grupos de trabalho elaboram propostas e relat\u00f3rios sobre o panorama da sa\u00fade na regi\u00e3o e os grupos apresentar\u00e3o o resultado dos trabalhos e discuss\u00f5es do dia anterior. O encerramento ocorre ap\u00f3s a reapresenta\u00e7\u00e3o do cronograma da Regionaliza\u00e7\u00e3o.<\/p>\n\n\n\n<p>As regi\u00f5es que sediaram oficinas at\u00e9 o momento foram as de Bauru, Taubat\u00e9, Mar\u00edlia, Presidente Prudente, S\u00e3o Jos\u00e9 do Rio Preto, Ara\u00e7atuba, Ribeir\u00e3o Preto, Baixada Santista, Campinas e Piracicaba.<\/p>\n","protected":false},"excerpt":{"rendered":"<p>Iniciativa busca fazer mapeamentos sobre as necessidades da regi\u00e3o e amplia contato das lideran\u00e7as com&#8230;<\/p>\n","protected":false},"author":1,"featured_media":14905,"comment_status":"open","ping_status":"open","sticky":false,"template":"","format":"standard","meta":{"footnotes":""},"categories":[2,9],"tags":[],"featured_image_urls":{"full":"","thumbnail":"","medium":"","medium_large":"","large":"","1536x1536":"","2048x2048":"","newsever-slider-full":"","newsever-featured":"","newsever-medium":""},"author_info":{"display_name":"Reda\u00e7\u00e3o","author_link":"https:\/\/novosaopaulo.com.br\/n1\/author\/g5poa\/"},"category_info":"<a href=\"https:\/\/novosaopaulo.com.br\/n1\/category\/cidades\/\" rel=\"category tag\">Cidades<\/a> <a href=\"https:\/\/novosaopaulo.com.br\/n1\/category\/geral\/\" rel=\"category tag\">Geral<\/a>","tag_info":"Geral","comment_count":"0","_links":{"self":[{"href":"https:\/\/novosaopaulo.com.br\/n1\/wp-json\/wp\/v2\/posts\/14904"}],"collection":[{"href":"https:\/\/novosaopaulo.com.br\/n1\/wp-json\/wp\/v2\/posts"}],"about":[{"href":"https:\/\/novosaopaulo.com.br\/n1\/wp-json\/wp\/v2\/types\/post"}],"author":[{"embeddable":true,"href":"https:\/\/novosaopaulo.com.br\/n1\/wp-json\/wp\/v2\/users\/1"}],"replies":[{"embeddable":true,"href":"https:\/\/novosaopaulo.com.br\/n1\/wp-json\/wp\/v2\/comments?post=14904"}],"version-history":[{"count":0,"href":"https:\/\/novosaopaulo.com.br\/n1\/wp-json\/wp\/v2\/posts\/14904\/revisions"}],"wp:featuredmedia":[{"embeddable":true,"href":"https:\/\/novosaopaulo.com.br\/n1\/wp-json\/"}],"wp:attachment":[{"href":"https:\/\/novosaopaulo.com.br\/n1\/wp-json\/wp\/v2\/media?parent=14904"}],"wp:term":[{"taxonomy":"category","embeddable":true,"href":"https:\/\/novosaopaulo.com.br\/n1\/wp-json\/wp\/v2\/categories?post=14904"},{"taxonomy":"post_tag","embeddable":true,"href":"https:\/\/novosaopaulo.com.br\/n1\/wp-json\/wp\/v2\/tags?post=14904"}],"curies":[{"name":"wp","href":"https:\/\/api.w.org\/{rel}","templated":true}]}}