{"id":14889,"date":"2023-09-26T20:33:45","date_gmt":"2023-09-26T23:33:45","guid":{"rendered":"https:\/\/novosaopaulo.com.br\/n2\/?p=14889"},"modified":"2023-09-26T20:33:45","modified_gmt":"2023-09-26T23:33:45","slug":"world-window-rio","status":"publish","type":"post","link":"https:\/\/novosaopaulo.com.br\/n1\/world-window-rio\/","title":{"rendered":"World Window- Rio."},"content":{"rendered":"\n<p>O evento acontecer\u00e1 dia 27 de setembro, de 2023 (Quarta-Feira).<br \/>Visando estreitar o relacionamento entre empres\u00e1rios do Rio de Janeiro, com empres\u00e1rios do Rio Grande do Sul, MIAMI (Fl\u00f3rida), e S\u00e3o Paulo- SP, a empresa World Window ir\u00e1 realizar o primeiro World Window Rio, no espa\u00e7o\/audit\u00f3rio de eventos do Dimension Office &amp; Park. (Av. Embaixador Abelardo Bueno, 01 &#8211; Barra da Tijuca, Rio de Janeiro \u2013 RJ &#8211; Ed. Lagoa 1 &#8211; Business Center).<\/p>\n\n\n\n<p>Reunindo empres\u00e1rios da ind\u00fastria e do varejo, o evento ser\u00e1 realizado no pr\u00f3ximo dia 27 de setembro, das 18:30 as 21:30.<\/p>\n\n\n\n<p>Um evento patrocinado pelas empresas, NUMBER 1 GROUP- Consultoria e Assessoria Imigrat\u00f3ria, Kazeh Sim\u00f5es (Especialista em produtividade e inova\u00e7\u00e3o), Megal\u00f3gica, e Salisa Yolanda &#8211; Neg\u00f3cios de Moda &amp; Gest\u00e3o de Luxo.<\/p>\n\n\n\n<p>O World Window- Rio ser\u00e1 composto por dois importantes blocos tem\u00e1ticos. Ser\u00e3o dois pain\u00e9is empresariais, o primeiro painel abordar\u00e1 o tema empreendedorismo, j\u00e1 o segundo painel, tratar\u00e1 do tema expans\u00e3o de neg\u00f3cio.<br \/>Oferecendo conte\u00fado de qualidade ao p\u00fablico presente.<\/p>\n\n\n\n<p>\u201cEm vista de todo o cen\u00e1rio negativo formado pelo covid-19, nos \u00faltimos anos, nunca foi t\u00e3o importante reunir empres\u00e1rios (de v\u00e1rias partes do BRASIL), e representantes do setor produtivo para debaterem ideias atreladas a solu\u00e7\u00f5es para os problemas, gerados pela crise. E, o melhor caminho para vencer e superar as adversidades, \u00e9 a uni\u00e3o empresarial. Independente do seu estado\/pa\u00eds de origem.<br \/>Afirma Matheus Esteves, organizador do evento.<\/p>\n\n\n\n<p>Um evento desta magnitude, n\u00e3o \u00e9 poss\u00edvel realiz\u00e1-lo sozinho.<\/p>\n\n\n\n<p>Contamos com o suporte de muitos empres\u00e1rios\/parceiros.<br \/>Agradecemos, e mencionamos novamente as empresas:<br \/>NUMBER 1 GROUP- Consultoria e Assessoria Imigrat\u00f3ria.<br \/>Kazeh Sim\u00f5es (Especialista em produtividade e inova\u00e7\u00e3o).<br \/>Megal\u00f3gica.<br \/>Salisa Yolanda &#8211; Neg\u00f3cios de Moda &amp; Gest\u00e3o de Luxo.<\/p>\n\n\n\n<p>Agradecemos tamb\u00e9m, nossos apoiadores:<\/p>\n\n\n\n<p>\uf0d8 Revista MaisBonita \u2013 CEO Oscar M\u00fcller<br \/>\uf0d8 Osmar Palestras.<br \/>\uf0d8 Priscila Ferreira &#8211; Mentora e Palestrante.<br \/>\uf0d8 ANB- Associa\u00e7\u00e3o de Neg\u00f3cios do Brasil.<br \/>\uf0d8 Empres\u00e1rios .SA<br \/>\uf0d8 Ana Regina \u2013 Marketing \u2013 Social Media.<br \/>\uf0d8 Simone Fernandes Cerimonial.<br \/>Instituto Jo\u00e3o Diniz.<br \/>\uf0d8 Fot\u00f3grafo Guilherme Ribeiro.<br \/>\uf0d8 GND- Gestora de Negocia\u00e7\u00e3o de D\u00edvidas.<br \/>\uf0d8 Rede Kai- Rio.<br \/>\uf0d8 Absolut- Rio.<br \/>\uf0d8 AG\u00caNCIA- \u00faltima Hora.<br \/>\uf0d8 ABTT (Associa\u00e7\u00e3o Brasileira de Tecnologia T\u00eaxtil, Confec\u00e7\u00e3o e Moda)<br \/>\uf0d8 Jornal Dr1.<br \/>\uf0d8 UP! Creative Marketing<br \/>\uf0d8 Fox Way English<br \/>\uf0d8 CresciMente &#8211; Gest\u00e3o Empresarial e Neg\u00f3cios.<br \/>\uf0d8 Luciana Morais \u2013 Mentora \u2013 Cen\u00e1rio Minas.<\/p>\n\n\n\n<p>\uf0d8 NAVI Produ\u00e7\u00f5es<br \/>\uf0d8 Jussara dos Anjos- Enfermeira especialista em tratamento de feridas complexas.<br \/>\uf0d8 Luciene Marques- Terapeuta comportamental e sist\u00eamica<\/p>\n\n\n\n<figure class=\"wp-block-image size-full\"><img decoding=\"async\" src=\"http:\/\/novosaopaulo.com.br\/n2\/wp-content\/uploads\/2023\/09\/WhatsApp-Image-2023-09-26-at-14.15.39.jpeg\" alt=\"\" class=\"wp-image-14879\"\/><\/figure>\n","protected":false},"excerpt":{"rendered":"<p>O evento acontecer\u00e1 dia 27 de setembro, de 2023 (Quarta-Feira).Visando estreitar o relacionamento entre empres\u00e1rios&#8230;<\/p>\n","protected":false},"author":1,"featured_media":14879,"comment_status":"open","ping_status":"open","sticky":false,"template":"","format":"standard","meta":{"footnotes":""},"categories":[9],"tags":[],"featured_image_urls":{"full":"","thumbnail":"","medium":"","medium_large":"","large":"","1536x1536":"","2048x2048":"","newsever-slider-full":"","newsever-featured":"","newsever-medium":""},"author_info":{"display_name":"Reda\u00e7\u00e3o","author_link":"https:\/\/novosaopaulo.com.br\/n1\/author\/g5poa\/"},"category_info":"<a href=\"https:\/\/novosaopaulo.com.br\/n1\/category\/geral\/\" rel=\"category tag\">Geral<\/a>","tag_info":"Geral","comment_count":"0","_links":{"self":[{"href":"https:\/\/novosaopaulo.com.br\/n1\/wp-json\/wp\/v2\/posts\/14889"}],"collection":[{"href":"https:\/\/novosaopaulo.com.br\/n1\/wp-json\/wp\/v2\/posts"}],"about":[{"href":"https:\/\/novosaopaulo.com.br\/n1\/wp-json\/wp\/v2\/types\/post"}],"author":[{"embeddable":true,"href":"https:\/\/novosaopaulo.com.br\/n1\/wp-json\/wp\/v2\/users\/1"}],"replies":[{"embeddable":true,"href":"https:\/\/novosaopaulo.com.br\/n1\/wp-json\/wp\/v2\/comments?post=14889"}],"version-history":[{"count":0,"href":"https:\/\/novosaopaulo.com.br\/n1\/wp-json\/wp\/v2\/posts\/14889\/revisions"}],"wp:featuredmedia":[{"embeddable":true,"href":"https:\/\/novosaopaulo.com.br\/n1\/wp-json\/"}],"wp:attachment":[{"href":"https:\/\/novosaopaulo.com.br\/n1\/wp-json\/wp\/v2\/media?parent=14889"}],"wp:term":[{"taxonomy":"category","embeddable":true,"href":"https:\/\/novosaopaulo.com.br\/n1\/wp-json\/wp\/v2\/categories?post=14889"},{"taxonomy":"post_tag","embeddable":true,"href":"https:\/\/novosaopaulo.com.br\/n1\/wp-json\/wp\/v2\/tags?post=14889"}],"curies":[{"name":"wp","href":"https:\/\/api.w.org\/{rel}","templated":true}]}}