{"id":14878,"date":"2023-09-26T14:34:09","date_gmt":"2023-09-26T17:34:09","guid":{"rendered":"https:\/\/novosaopaulo.com.br\/n2\/?p=14878"},"modified":"2023-09-26T14:34:09","modified_gmt":"2023-09-26T17:34:09","slug":"a-revista-maisbonita-participou-da-25a-edicao-da-natal-hair","status":"publish","type":"post","link":"https:\/\/novosaopaulo.com.br\/n1\/a-revista-maisbonita-participou-da-25a-edicao-da-natal-hair\/","title":{"rendered":"A Revista MaisBonita participou da 25\u00aa edi\u00e7\u00e3o da Natal Hair"},"content":{"rendered":"\n<p>A Revista MaisBonita participou da 25\u00aa edi\u00e7\u00e3o da Natal Hair<br \/>A Revista MaisBonita marcou presen\u00e7a na Natal Hair &#8211; Feira Regional de Sa\u00fade &amp; Beleza com seu estande promovendo e divulgando a pr\u00f3xima edi\u00e7\u00e3o da revista. A Natal Hair aconteceu nos dias 27 e 28 de agosto, no Centro de Conven\u00e7\u00f5es de Natal, uma feira da beleza comprometida com a sustentabilidade, com a acessibilidade, al\u00e9m de v\u00e1rias novidades do segmento e a\u00e7\u00f5es sociais.<br \/>A Natal Hair trouxe todas as tend\u00eancias do mercado da beleza, t\u00e9cnicas inovadoras e profissionais renomados. Com m\u00e9dia de 20 mil visitantes, o evento reuniu, durante dois dias, mais de 200 marcas de produtos nacionais e internacionais, equipamentos e servi\u00e7os. A Feira se consolidou, ao longo dos anos, como um dos grandes eventos no setor de beleza da regi\u00e3o Nordeste e esse ano pela segunda vez promoveu dentro da feira o trof\u00e9u Tesoura de Ouro.<\/p>\n\n\n\n<figure class=\"wp-block-gallery columns-2 is-cropped wp-block-gallery-1 is-layout-flex wp-block-gallery-is-layout-flex\"><ul class=\"blocks-gallery-grid\"><li class=\"blocks-gallery-item\"><figure><a href=\"http:\/\/novosaopaulo.com.br\/n2\/wp-content\/uploads\/2023\/09\/WhatsApp-Image-2023-09-26-at-18.34.40.jpeg\"><img decoding=\"async\" src=\"http:\/\/novosaopaulo.com.br\/n2\/wp-content\/uploads\/2023\/09\/WhatsApp-Image-2023-09-26-at-18.34.40-768x1024.jpeg\" alt=\"\" data-id=\"14886\" data-full-url=\"http:\/\/novosaopaulo.com.br\/n2\/wp-content\/uploads\/2023\/09\/WhatsApp-Image-2023-09-26-at-18.34.40.jpeg\" data-link=\"https:\/\/novosaopaulo.com.br\/n2\/index.php\/2023\/09\/26\/a-revista-maisbonita-participou-da-25a-edicao-da-natal-hair\/whatsapp-image-2023-09-26-at-18-34-40\/\" class=\"wp-image-14886\"\/><\/a><\/figure><\/li><li class=\"blocks-gallery-item\"><figure><a href=\"http:\/\/novosaopaulo.com.br\/n2\/wp-content\/uploads\/2023\/09\/WhatsApp-Image-2023-09-26-at-18.34.39.jpeg\"><img decoding=\"async\" src=\"http:\/\/novosaopaulo.com.br\/n2\/wp-content\/uploads\/2023\/09\/WhatsApp-Image-2023-09-26-at-18.34.39-768x1024.jpeg\" alt=\"\" data-id=\"14882\" data-full-url=\"http:\/\/novosaopaulo.com.br\/n2\/wp-content\/uploads\/2023\/09\/WhatsApp-Image-2023-09-26-at-18.34.39.jpeg\" data-link=\"https:\/\/novosaopaulo.com.br\/n2\/index.php\/2023\/09\/26\/a-revista-maisbonita-participou-da-25a-edicao-da-natal-hair\/whatsapp-image-2023-09-26-at-18-34-39\/\" class=\"wp-image-14882\"\/><\/a><\/figure><\/li><\/ul><\/figure>\n","protected":false},"excerpt":{"rendered":"<p>A Revista MaisBonita participou da 25\u00aa edi\u00e7\u00e3o da Natal HairA Revista MaisBonita marcou presen\u00e7a na&#8230;<\/p>\n","protected":false},"author":1,"featured_media":14888,"comment_status":"open","ping_status":"open","sticky":false,"template":"","format":"standard","meta":{"footnotes":""},"categories":[9],"tags":[],"featured_image_urls":{"full":"","thumbnail":"","medium":"","medium_large":"","large":"","1536x1536":"","2048x2048":"","newsever-slider-full":"","newsever-featured":"","newsever-medium":""},"author_info":{"display_name":"Reda\u00e7\u00e3o","author_link":"https:\/\/novosaopaulo.com.br\/n1\/author\/g5poa\/"},"category_info":"<a href=\"https:\/\/novosaopaulo.com.br\/n1\/category\/geral\/\" rel=\"category tag\">Geral<\/a>","tag_info":"Geral","comment_count":"0","_links":{"self":[{"href":"https:\/\/novosaopaulo.com.br\/n1\/wp-json\/wp\/v2\/posts\/14878"}],"collection":[{"href":"https:\/\/novosaopaulo.com.br\/n1\/wp-json\/wp\/v2\/posts"}],"about":[{"href":"https:\/\/novosaopaulo.com.br\/n1\/wp-json\/wp\/v2\/types\/post"}],"author":[{"embeddable":true,"href":"https:\/\/novosaopaulo.com.br\/n1\/wp-json\/wp\/v2\/users\/1"}],"replies":[{"embeddable":true,"href":"https:\/\/novosaopaulo.com.br\/n1\/wp-json\/wp\/v2\/comments?post=14878"}],"version-history":[{"count":0,"href":"https:\/\/novosaopaulo.com.br\/n1\/wp-json\/wp\/v2\/posts\/14878\/revisions"}],"wp:featuredmedia":[{"embeddable":true,"href":"https:\/\/novosaopaulo.com.br\/n1\/wp-json\/"}],"wp:attachment":[{"href":"https:\/\/novosaopaulo.com.br\/n1\/wp-json\/wp\/v2\/media?parent=14878"}],"wp:term":[{"taxonomy":"category","embeddable":true,"href":"https:\/\/novosaopaulo.com.br\/n1\/wp-json\/wp\/v2\/categories?post=14878"},{"taxonomy":"post_tag","embeddable":true,"href":"https:\/\/novosaopaulo.com.br\/n1\/wp-json\/wp\/v2\/tags?post=14878"}],"curies":[{"name":"wp","href":"https:\/\/api.w.org\/{rel}","templated":true}]}}